{"id":4420,"date":"2025-07-27T09:01:12","date_gmt":"2025-07-27T09:01:12","guid":{"rendered":"https:\/\/lepoint-actu.tg\/?p=4420"},"modified":"2025-07-28T09:06:20","modified_gmt":"2025-07-28T09:06:20","slug":"evala-2025-la-diplomatie-nigerienne-partage-lamour-du-peuple-kabye","status":"publish","type":"post","link":"https:\/\/lepoint-actu.tg\/index.php\/2025\/07\/27\/evala-2025-la-diplomatie-nigerienne-partage-lamour-du-peuple-kabye\/","title":{"rendered":"\u00c9vala 2025 : La diplomatie nig\u00e9rienne partage l\u2019amour du peuple Kaby\u00e8"},"content":{"rendered":"\n<p><\/p>\n\n\n\n<p>Les luttes \u00e9vala 2025 en pays Kaby\u00e8, au nord du Togo ont d\u00e9marr\u00e9 officiellement le 19 juillet 2025. Danses et chants au rythme ancestral avec de grandes foules en liesse, duel des lutteurs, partage de mets, entre autres, le contenu du rendez-vous annuel des luttes qui ne cessent d\u2019attirer m\u00eame au-del\u00e0 des fronti\u00e8res togolaises a su emballer la diplomatie nig\u00e9rienne qui partage parfaitement cette culture et savoir-faire des Togolais.<\/p>\n\n\n\n<figure class=\"wp-block-image size-large\"><img loading=\"lazy\" decoding=\"async\" width=\"1024\" height=\"1024\" src=\"https:\/\/lepoint-actu.tg\/wp-content\/uploads\/2025\/07\/1000578073-1024x1024.jpg\" alt=\"\" class=\"wp-image-4422\" srcset=\"https:\/\/lepoint-actu.tg\/wp-content\/uploads\/2025\/07\/1000578073-1024x1024.jpg 1024w, https:\/\/lepoint-actu.tg\/wp-content\/uploads\/2025\/07\/1000578073-300x300.jpg 300w, https:\/\/lepoint-actu.tg\/wp-content\/uploads\/2025\/07\/1000578073-150x150.jpg 150w, https:\/\/lepoint-actu.tg\/wp-content\/uploads\/2025\/07\/1000578073-768x768.jpg 768w, https:\/\/lepoint-actu.tg\/wp-content\/uploads\/2025\/07\/1000578073-1536x1536.jpg 1536w, https:\/\/lepoint-actu.tg\/wp-content\/uploads\/2025\/07\/1000578073-2048x2048.jpg 2048w\" sizes=\"auto, (max-width: 1024px) 100vw, 1024px\" \/><figcaption class=\"wp-element-caption\">0-0x0-0-0#<\/figcaption><\/figure>\n\n\n\n<p>En effet, une d\u00e9l\u00e9gation diplomatique nig\u00e9rienne, conduite par Son Excellence Monsieur Sidi Zakari, ambassadeur du Niger au Togo, suit avec une attention remarquable les diff\u00e9rentes phases des \u00e9vala 2025.<\/p>\n\n\n\n<p><strong>Immersion culturelle, proximit\u00e9, symbole fort de la diplomatie Togo-Niger<\/strong><br>La fiert\u00e9 culturelle identitaire (Les Evala) dans le nord-Togo fait l\u2019objet non seulement de curiosit\u00e9 mais aussi de soutien et de proximit\u00e9. Dans cette dynamique, la d\u00e9l\u00e9gation nig\u00e9rienne au-devant de laquelle se trouvait Son Excellence Monsieur Sidi Zakari, ambassadeur du Niger au Togo est t\u00e9moins des diff\u00e9rentes richesses de ces luttes en cette ann\u00e9e 2025. <\/p>\n\n\n\n<figure class=\"wp-block-image size-full\"><img loading=\"lazy\" decoding=\"async\" width=\"300\" height=\"200\" src=\"https:\/\/lepoint-actu.tg\/wp-content\/uploads\/2025\/07\/1000589707.jpg\" alt=\"\" class=\"wp-image-4423\"\/><\/figure>\n\n\n\n<p>De Tchitchao \u00e0 Pya, en passant par Yad\u00e8, Bohou, Lama, Tchar\u00e8, Sarakawa, Koum\u00e9a, Lassa, cette d\u00e9l\u00e9gation nig\u00e9rienne compos\u00e9e de six membres foule avec discr\u00e9tion mais passion les ar\u00e8nes o\u00f9 les jeunes \u00c9vala se confrontent avec bravoure. Pour eux, cette tradition d\u00e9passe le simple affrontement sportif : elle symbolise la fiert\u00e9, l\u2019honneur, et surtout l\u2019enracinement d\u2019un peuple dans ses valeurs. La pr\u00e9sence de cette d\u00e9l\u00e9gation nig\u00e9rienne aux festivit\u00e9s \u00c9vala ne rel\u00e8ve pas du hasard. Elle traduit la solidit\u00e9 des liens diplomatiques qui unissent le Niger et le Togo. En t\u00e9moigne la participation active des diplomates nig\u00e9riens \u00e0 des diff\u00e9rentes finales cantonales aux c\u00f4t\u00e9s du Pr\u00e9sident du Conseil Faure Gnassingb\u00e9, dans une ambiance de fraternit\u00e9 et de respect mutuel.<\/p>\n\n\n\n<figure class=\"wp-block-image size-large\"><img loading=\"lazy\" decoding=\"async\" width=\"1024\" height=\"1024\" src=\"https:\/\/lepoint-actu.tg\/wp-content\/uploads\/2025\/07\/1000578073-1024x1024.jpg\" alt=\"\" class=\"wp-image-4422\" srcset=\"https:\/\/lepoint-actu.tg\/wp-content\/uploads\/2025\/07\/1000578073-1024x1024.jpg 1024w, https:\/\/lepoint-actu.tg\/wp-content\/uploads\/2025\/07\/1000578073-300x300.jpg 300w, https:\/\/lepoint-actu.tg\/wp-content\/uploads\/2025\/07\/1000578073-150x150.jpg 150w, https:\/\/lepoint-actu.tg\/wp-content\/uploads\/2025\/07\/1000578073-768x768.jpg 768w, https:\/\/lepoint-actu.tg\/wp-content\/uploads\/2025\/07\/1000578073-1536x1536.jpg 1536w, https:\/\/lepoint-actu.tg\/wp-content\/uploads\/2025\/07\/1000578073-2048x2048.jpg 2048w\" sizes=\"auto, (max-width: 1024px) 100vw, 1024px\" \/><figcaption class=\"wp-element-caption\">0-0x0-0-0#<\/figcaption><\/figure>\n\n\n\n<figure class=\"wp-block-image size-large\"><img loading=\"lazy\" decoding=\"async\" width=\"1024\" height=\"873\" src=\"https:\/\/lepoint-actu.tg\/wp-content\/uploads\/2025\/07\/1000585451-1024x873.jpg\" alt=\"\" class=\"wp-image-4417\" srcset=\"https:\/\/lepoint-actu.tg\/wp-content\/uploads\/2025\/07\/1000585451-1024x873.jpg 1024w, https:\/\/lepoint-actu.tg\/wp-content\/uploads\/2025\/07\/1000585451-300x256.jpg 300w, https:\/\/lepoint-actu.tg\/wp-content\/uploads\/2025\/07\/1000585451-768x655.jpg 768w, https:\/\/lepoint-actu.tg\/wp-content\/uploads\/2025\/07\/1000585451-1536x1309.jpg 1536w, https:\/\/lepoint-actu.tg\/wp-content\/uploads\/2025\/07\/1000585451-2048x1745.jpg 2048w\" sizes=\"auto, (max-width: 1024px) 100vw, 1024px\" \/><figcaption class=\"wp-element-caption\">0-0x0-0-0#<\/figcaption><\/figure>\n\n\n\n<p><br>Pour nombre d\u2019observateurs, ce geste diplomatique rev\u00eat une importance particuli\u00e8re dans le contexte sous-r\u00e9gional actuel,\u00a0\u00ab\u00a0marqu\u00e9 par une recherche croissante de stabilit\u00e9, de coop\u00e9ration et de reconnaissance des identit\u00e9s culturelles. Le Niger, \u00e0 travers son ambassadeur, a tenu \u00e0 marquer son attachement au Togo en partageant ce moment fort de la tradition kaby\u00e8\u00a0\u00bb.<br>Selon l\u2019ambassadeur Sidi Zakari, les \u00c9vala ne sont pas sans rappeler certains rites d\u2019initiation et de bravoure pratiqu\u00e9s dans plusieurs r\u00e9gions du Niger. Cette ressemblance culturelle nourrit l\u2019int\u00e9r\u00eat et la fascination du corps diplomatique nig\u00e9rien pour les luttes traditionnelles togolaises.<br>La d\u00e9l\u00e9gation a ainsi assist\u00e9, souvent en toute discr\u00e9tion, aux diff\u00e9rents combats qui se sont d\u00e9roul\u00e9s avec intensit\u00e9, d\u00e9montrant force, technique et loyaut\u00e9. Chaque victoire, chaque chant, chaque danse, chaque cri du public est pour eux une expression vivante de l\u2019\u00e2me d\u2019un peuple. Au-del\u00e0 des confrontations sportives, le diplomate nig\u00e9rien a tenu \u00e0 saluer la qualit\u00e9 de l\u2019organisation des \u00c9vala 2025. Pour lui, l\u2019\u00e9v\u00e9nement s\u2019est d\u00e9roul\u00e9 dans un climat serein, empreint de paix et de coh\u00e9sion sociale. Entour\u00e9 d\u2019autorit\u00e9s politiques, administratives, traditionnelles et d\u2019un public enjou\u00e9, SEM Sidi Zakari a exprim\u00e9 son admiration pour cette communion populaire exceptionnelle. \u00ab La solennit\u00e9 de cette c\u00e9r\u00e9monie et l\u2019adh\u00e9sion populaire qu\u2019elle suscite illustrent la vitalit\u00e9 de cette tradition s\u00e9culaire et son ancrage profond dans le c\u0153ur des Togolais \u00bb, a-t-il affirm\u00e9, visiblement \u00e9mu par l\u2019intensit\u00e9 de cette exp\u00e9rience culturelle.<br><strong>D\u00e9veloppement, hommage \u00e0 une jeunesse porteuse d\u2019espoir et r\u00e9affirmation des valeurs africaines<\/strong><br>Par ailleurs, l\u2019on estime que les \u00c9vala ne sont plus seulement une f\u00eate locale. Selon l\u2019ambassadeur, ils s\u2019imposent d\u00e9sormais comme un \u00e9v\u00e9nement culturel d\u2019envergure internationale. De nombreux touristes venus des quatre coins du monde assistent aux diff\u00e9rentes rencontres, participant ainsi \u00e0 la mise en lumi\u00e8re du patrimoine immat\u00e9riel du Togo.<br>\u00ab Ces confrontations, accompagn\u00e9es de festivit\u00e9s populaires, contribuent \u00e0 valoriser l\u2019image du Togo sur la sc\u00e8ne internationale \u00bb, a soulign\u00e9 Sidi Zakari, tout en insistant sur le potentiel touristique qu\u2019offre cette tradition.<\/p>\n\n\n\n<figure class=\"wp-block-image size-full\"><img loading=\"lazy\" decoding=\"async\" width=\"300\" height=\"200\" src=\"https:\/\/lepoint-actu.tg\/wp-content\/uploads\/2025\/07\/1000589707.jpg\" alt=\"\" class=\"wp-image-4423\"\/><\/figure>\n\n\n\n<p><br>Enfin, le chef de la mission nig\u00e9rienne a tenu \u00e0 rendre hommage \u00e0 la jeunesse togolaise, qu\u2019il d\u00e9crit comme engag\u00e9e, responsable et profond\u00e9ment pacifique. Pour lui, les jeunes \u00c9vala, par leur discipline et leur esprit de comp\u00e9tition, incarnent une nouvelle g\u00e9n\u00e9ration pr\u00eate \u00e0 contribuer \u00e0 la paix et au d\u00e9veloppement du Togo. \u00ab Cette jeunesse togolaise fait le choix de la coh\u00e9sion sociale, et cela m\u00e9rite d\u2019\u00eatre salu\u00e9. Elle joue un r\u00f4le crucial dans le d\u00e9veloppement socio\u00e9conomique du pays \u00bb, a-t-il soutenu.<br>La participation active de la d\u00e9l\u00e9gation nig\u00e9rienne \u00e0 l\u2019\u00e9dition 2025 des \u00c9vala n\u2019est pas un simple geste protocolaire. Elle r\u00e9v\u00e8le une profonde admiration pour une tradition vivante, une volont\u00e9 de rapprochement culturel, et surtout une reconnaissance des liens forts qui unissent le Togo et le Niger. Les \u00c9vala, plus que jamais, apparaissent comme un pont entre les peuples, une c\u00e9l\u00e9bration de la fraternit\u00e9 africaine dans ce qu\u2019elle a de plus authentique. Les luttes Evala 2025 ont pris fin ce dimanche 27 juillet 2025 sur une note satisfaction totale.<br>Rendez-vous pour l\u2019\u00e9dition 2026\u00a0!<\/p>\n","protected":false},"excerpt":{"rendered":"<p>Les luttes \u00e9vala 2025 en pays Kaby\u00e8, au nord du Togo ont d\u00e9marr\u00e9 officiellement le 19 juillet 2025. Danses et<\/p>\n","protected":false},"author":2,"featured_media":4421,"comment_status":"open","ping_status":"closed","sticky":false,"template":"","format":"standard","meta":{"footnotes":""},"categories":[1],"tags":[],"class_list":["post-4420","post","type-post","status-publish","format-standard","has-post-thumbnail","hentry","category-societe"],"yoast_head":"<!-- This site is optimized with the Yoast SEO plugin v23.9 - https:\/\/yoast.com\/wordpress\/plugins\/seo\/ -->\n<title>\u00c9vala 2025 : La diplomatie nig\u00e9rienne partage l\u2019amour du peuple Kaby\u00e8 -<\/title>\n<meta name=\"robots\" content=\"index, follow, max-snippet:-1, max-image-preview:large, max-video-preview:-1\" \/>\n<link rel=\"canonical\" href=\"https:\/\/lepoint-actu.tg\/index.php\/2025\/07\/27\/evala-2025-la-diplomatie-nigerienne-partage-lamour-du-peuple-kabye\/\" \/>\n<meta property=\"og:locale\" content=\"fr_FR\" \/>\n<meta property=\"og:type\" content=\"article\" \/>\n<meta property=\"og:title\" content=\"\u00c9vala 2025 : La diplomatie nig\u00e9rienne partage l\u2019amour du peuple Kaby\u00e8 -\" \/>\n<meta property=\"og:description\" content=\"Les luttes \u00e9vala 2025 en pays Kaby\u00e8, au nord du Togo ont d\u00e9marr\u00e9 officiellement le 19 juillet 2025. Danses et\" \/>\n<meta property=\"og:url\" content=\"https:\/\/lepoint-actu.tg\/index.php\/2025\/07\/27\/evala-2025-la-diplomatie-nigerienne-partage-lamour-du-peuple-kabye\/\" \/>\n<meta property=\"article:published_time\" content=\"2025-07-27T09:01:12+00:00\" \/>\n<meta property=\"article:modified_time\" content=\"2025-07-28T09:06:20+00:00\" \/>\n<meta property=\"og:image\" content=\"https:\/\/lepoint-actu.tg\/wp-content\/uploads\/2025\/07\/1753692966022.jpg\" \/>\n\t<meta property=\"og:image:width\" content=\"645\" \/>\n\t<meta property=\"og:image:height\" content=\"480\" \/>\n\t<meta property=\"og:image:type\" content=\"image\/jpeg\" \/>\n<meta name=\"author\" content=\"La Redaction\" \/>\n<meta name=\"twitter:card\" content=\"summary_large_image\" \/>\n<meta name=\"twitter:label1\" content=\"\u00c9crit par\" \/>\n\t<meta name=\"twitter:data1\" content=\"La Redaction\" \/>\n\t<meta name=\"twitter:label2\" content=\"Dur\u00e9e de lecture estim\u00e9e\" \/>\n\t<meta name=\"twitter:data2\" content=\"6 minutes\" \/>\n<script type=\"application\/ld+json\" class=\"yoast-schema-graph\">{\"@context\":\"https:\/\/schema.org\",\"@graph\":[{\"@type\":\"WebPage\",\"@id\":\"https:\/\/lepoint-actu.tg\/index.php\/2025\/07\/27\/evala-2025-la-diplomatie-nigerienne-partage-lamour-du-peuple-kabye\/\",\"url\":\"https:\/\/lepoint-actu.tg\/index.php\/2025\/07\/27\/evala-2025-la-diplomatie-nigerienne-partage-lamour-du-peuple-kabye\/\",\"name\":\"\u00c9vala 2025 : La diplomatie nig\u00e9rienne partage l\u2019amour du peuple Kaby\u00e8 -\",\"isPartOf\":{\"@id\":\"https:\/\/lepoint-actu.tg\/#website\"},\"primaryImageOfPage\":{\"@id\":\"https:\/\/lepoint-actu.tg\/index.php\/2025\/07\/27\/evala-2025-la-diplomatie-nigerienne-partage-lamour-du-peuple-kabye\/#primaryimage\"},\"image\":{\"@id\":\"https:\/\/lepoint-actu.tg\/index.php\/2025\/07\/27\/evala-2025-la-diplomatie-nigerienne-partage-lamour-du-peuple-kabye\/#primaryimage\"},\"thumbnailUrl\":\"https:\/\/lepoint-actu.tg\/wp-content\/uploads\/2025\/07\/1753692966022.jpg\",\"datePublished\":\"2025-07-27T09:01:12+00:00\",\"dateModified\":\"2025-07-28T09:06:20+00:00\",\"author\":{\"@id\":\"https:\/\/lepoint-actu.tg\/#\/schema\/person\/e4026d66cbdc205cab83e169ab7eaca1\"},\"breadcrumb\":{\"@id\":\"https:\/\/lepoint-actu.tg\/index.php\/2025\/07\/27\/evala-2025-la-diplomatie-nigerienne-partage-lamour-du-peuple-kabye\/#breadcrumb\"},\"inLanguage\":\"fr-FR\",\"potentialAction\":[{\"@type\":\"ReadAction\",\"target\":[\"https:\/\/lepoint-actu.tg\/index.php\/2025\/07\/27\/evala-2025-la-diplomatie-nigerienne-partage-lamour-du-peuple-kabye\/\"]}]},{\"@type\":\"ImageObject\",\"inLanguage\":\"fr-FR\",\"@id\":\"https:\/\/lepoint-actu.tg\/index.php\/2025\/07\/27\/evala-2025-la-diplomatie-nigerienne-partage-lamour-du-peuple-kabye\/#primaryimage\",\"url\":\"https:\/\/lepoint-actu.tg\/wp-content\/uploads\/2025\/07\/1753692966022.jpg\",\"contentUrl\":\"https:\/\/lepoint-actu.tg\/wp-content\/uploads\/2025\/07\/1753692966022.jpg\",\"width\":645,\"height\":480},{\"@type\":\"BreadcrumbList\",\"@id\":\"https:\/\/lepoint-actu.tg\/index.php\/2025\/07\/27\/evala-2025-la-diplomatie-nigerienne-partage-lamour-du-peuple-kabye\/#breadcrumb\",\"itemListElement\":[{\"@type\":\"ListItem\",\"position\":1,\"name\":\"Accueil\",\"item\":\"https:\/\/lepoint-actu.tg\/\"},{\"@type\":\"ListItem\",\"position\":2,\"name\":\"\u00c9vala 2025 : La diplomatie nig\u00e9rienne partage l\u2019amour du peuple Kaby\u00e8\"}]},{\"@type\":\"WebSite\",\"@id\":\"https:\/\/lepoint-actu.tg\/#website\",\"url\":\"https:\/\/lepoint-actu.tg\/\",\"name\":\"\",\"description\":\"R\u00e9c\u00e9piss\u00e9 N\u00b00022\/HAAC\/12-2020\/pL\/P, lepointactu07@gmail.com\",\"potentialAction\":[{\"@type\":\"SearchAction\",\"target\":{\"@type\":\"EntryPoint\",\"urlTemplate\":\"https:\/\/lepoint-actu.tg\/?s={search_term_string}\"},\"query-input\":{\"@type\":\"PropertyValueSpecification\",\"valueRequired\":true,\"valueName\":\"search_term_string\"}}],\"inLanguage\":\"fr-FR\"},{\"@type\":\"Person\",\"@id\":\"https:\/\/lepoint-actu.tg\/#\/schema\/person\/e4026d66cbdc205cab83e169ab7eaca1\",\"name\":\"La Redaction\",\"image\":{\"@type\":\"ImageObject\",\"inLanguage\":\"fr-FR\",\"@id\":\"https:\/\/lepoint-actu.tg\/#\/schema\/person\/image\/\",\"url\":\"https:\/\/secure.gravatar.com\/avatar\/1682a0ff7e2c36efa51c5d262eea092000ec1ce420118e6261440956730308c2?s=96&d=mm&r=g\",\"contentUrl\":\"https:\/\/secure.gravatar.com\/avatar\/1682a0ff7e2c36efa51c5d262eea092000ec1ce420118e6261440956730308c2?s=96&d=mm&r=g\",\"caption\":\"La Redaction\"},\"url\":\"https:\/\/lepoint-actu.tg\/index.php\/author\/raymondsama\/\"}]}<\/script>\n<!-- \/ Yoast SEO plugin. -->","yoast_head_json":{"title":"\u00c9vala 2025 : La diplomatie nig\u00e9rienne partage l\u2019amour du peuple Kaby\u00e8 -","robots":{"index":"index","follow":"follow","max-snippet":"max-snippet:-1","max-image-preview":"max-image-preview:large","max-video-preview":"max-video-preview:-1"},"canonical":"https:\/\/lepoint-actu.tg\/index.php\/2025\/07\/27\/evala-2025-la-diplomatie-nigerienne-partage-lamour-du-peuple-kabye\/","og_locale":"fr_FR","og_type":"article","og_title":"\u00c9vala 2025 : La diplomatie nig\u00e9rienne partage l\u2019amour du peuple Kaby\u00e8 -","og_description":"Les luttes \u00e9vala 2025 en pays Kaby\u00e8, au nord du Togo ont d\u00e9marr\u00e9 officiellement le 19 juillet 2025. Danses et","og_url":"https:\/\/lepoint-actu.tg\/index.php\/2025\/07\/27\/evala-2025-la-diplomatie-nigerienne-partage-lamour-du-peuple-kabye\/","article_published_time":"2025-07-27T09:01:12+00:00","article_modified_time":"2025-07-28T09:06:20+00:00","og_image":[{"width":645,"height":480,"url":"https:\/\/lepoint-actu.tg\/wp-content\/uploads\/2025\/07\/1753692966022.jpg","type":"image\/jpeg"}],"author":"La Redaction","twitter_card":"summary_large_image","twitter_misc":{"\u00c9crit par":"La Redaction","Dur\u00e9e de lecture estim\u00e9e":"6 minutes"},"schema":{"@context":"https:\/\/schema.org","@graph":[{"@type":"WebPage","@id":"https:\/\/lepoint-actu.tg\/index.php\/2025\/07\/27\/evala-2025-la-diplomatie-nigerienne-partage-lamour-du-peuple-kabye\/","url":"https:\/\/lepoint-actu.tg\/index.php\/2025\/07\/27\/evala-2025-la-diplomatie-nigerienne-partage-lamour-du-peuple-kabye\/","name":"\u00c9vala 2025 : La diplomatie nig\u00e9rienne partage l\u2019amour du peuple Kaby\u00e8 -","isPartOf":{"@id":"https:\/\/lepoint-actu.tg\/#website"},"primaryImageOfPage":{"@id":"https:\/\/lepoint-actu.tg\/index.php\/2025\/07\/27\/evala-2025-la-diplomatie-nigerienne-partage-lamour-du-peuple-kabye\/#primaryimage"},"image":{"@id":"https:\/\/lepoint-actu.tg\/index.php\/2025\/07\/27\/evala-2025-la-diplomatie-nigerienne-partage-lamour-du-peuple-kabye\/#primaryimage"},"thumbnailUrl":"https:\/\/lepoint-actu.tg\/wp-content\/uploads\/2025\/07\/1753692966022.jpg","datePublished":"2025-07-27T09:01:12+00:00","dateModified":"2025-07-28T09:06:20+00:00","author":{"@id":"https:\/\/lepoint-actu.tg\/#\/schema\/person\/e4026d66cbdc205cab83e169ab7eaca1"},"breadcrumb":{"@id":"https:\/\/lepoint-actu.tg\/index.php\/2025\/07\/27\/evala-2025-la-diplomatie-nigerienne-partage-lamour-du-peuple-kabye\/#breadcrumb"},"inLanguage":"fr-FR","potentialAction":[{"@type":"ReadAction","target":["https:\/\/lepoint-actu.tg\/index.php\/2025\/07\/27\/evala-2025-la-diplomatie-nigerienne-partage-lamour-du-peuple-kabye\/"]}]},{"@type":"ImageObject","inLanguage":"fr-FR","@id":"https:\/\/lepoint-actu.tg\/index.php\/2025\/07\/27\/evala-2025-la-diplomatie-nigerienne-partage-lamour-du-peuple-kabye\/#primaryimage","url":"https:\/\/lepoint-actu.tg\/wp-content\/uploads\/2025\/07\/1753692966022.jpg","contentUrl":"https:\/\/lepoint-actu.tg\/wp-content\/uploads\/2025\/07\/1753692966022.jpg","width":645,"height":480},{"@type":"BreadcrumbList","@id":"https:\/\/lepoint-actu.tg\/index.php\/2025\/07\/27\/evala-2025-la-diplomatie-nigerienne-partage-lamour-du-peuple-kabye\/#breadcrumb","itemListElement":[{"@type":"ListItem","position":1,"name":"Accueil","item":"https:\/\/lepoint-actu.tg\/"},{"@type":"ListItem","position":2,"name":"\u00c9vala 2025 : La diplomatie nig\u00e9rienne partage l\u2019amour du peuple Kaby\u00e8"}]},{"@type":"WebSite","@id":"https:\/\/lepoint-actu.tg\/#website","url":"https:\/\/lepoint-actu.tg\/","name":"","description":"R\u00e9c\u00e9piss\u00e9 N\u00b00022\/HAAC\/12-2020\/pL\/P, lepointactu07@gmail.com","potentialAction":[{"@type":"SearchAction","target":{"@type":"EntryPoint","urlTemplate":"https:\/\/lepoint-actu.tg\/?s={search_term_string}"},"query-input":{"@type":"PropertyValueSpecification","valueRequired":true,"valueName":"search_term_string"}}],"inLanguage":"fr-FR"},{"@type":"Person","@id":"https:\/\/lepoint-actu.tg\/#\/schema\/person\/e4026d66cbdc205cab83e169ab7eaca1","name":"La Redaction","image":{"@type":"ImageObject","inLanguage":"fr-FR","@id":"https:\/\/lepoint-actu.tg\/#\/schema\/person\/image\/","url":"https:\/\/secure.gravatar.com\/avatar\/1682a0ff7e2c36efa51c5d262eea092000ec1ce420118e6261440956730308c2?s=96&d=mm&r=g","contentUrl":"https:\/\/secure.gravatar.com\/avatar\/1682a0ff7e2c36efa51c5d262eea092000ec1ce420118e6261440956730308c2?s=96&d=mm&r=g","caption":"La Redaction"},"url":"https:\/\/lepoint-actu.tg\/index.php\/author\/raymondsama\/"}]}},"_links":{"self":[{"href":"https:\/\/lepoint-actu.tg\/index.php\/wp-json\/wp\/v2\/posts\/4420","targetHints":{"allow":["GET"]}}],"collection":[{"href":"https:\/\/lepoint-actu.tg\/index.php\/wp-json\/wp\/v2\/posts"}],"about":[{"href":"https:\/\/lepoint-actu.tg\/index.php\/wp-json\/wp\/v2\/types\/post"}],"author":[{"embeddable":true,"href":"https:\/\/lepoint-actu.tg\/index.php\/wp-json\/wp\/v2\/users\/2"}],"replies":[{"embeddable":true,"href":"https:\/\/lepoint-actu.tg\/index.php\/wp-json\/wp\/v2\/comments?post=4420"}],"version-history":[{"count":1,"href":"https:\/\/lepoint-actu.tg\/index.php\/wp-json\/wp\/v2\/posts\/4420\/revisions"}],"predecessor-version":[{"id":4424,"href":"https:\/\/lepoint-actu.tg\/index.php\/wp-json\/wp\/v2\/posts\/4420\/revisions\/4424"}],"wp:featuredmedia":[{"embeddable":true,"href":"https:\/\/lepoint-actu.tg\/index.php\/wp-json\/wp\/v2\/media\/4421"}],"wp:attachment":[{"href":"https:\/\/lepoint-actu.tg\/index.php\/wp-json\/wp\/v2\/media?parent=4420"}],"wp:term":[{"taxonomy":"category","embeddable":true,"href":"https:\/\/lepoint-actu.tg\/index.php\/wp-json\/wp\/v2\/categories?post=4420"},{"taxonomy":"post_tag","embeddable":true,"href":"https:\/\/lepoint-actu.tg\/index.php\/wp-json\/wp\/v2\/tags?post=4420"}],"curies":[{"name":"wp","href":"https:\/\/api.w.org\/{rel}","templated":true}]}}