{"id":4432,"date":"2025-07-28T20:08:19","date_gmt":"2025-07-28T20:08:19","guid":{"rendered":"https:\/\/lepoint-actu.tg\/?p=4432"},"modified":"2025-08-02T11:28:01","modified_gmt":"2025-08-02T11:28:01","slug":"fin-des-evala-2025-avec-lultime-danse-de-dimanche","status":"publish","type":"post","link":"https:\/\/lepoint-actu.tg\/index.php\/2025\/07\/28\/fin-des-evala-2025-avec-lultime-danse-de-dimanche\/","title":{"rendered":"Fin des Evala 2025 avec l\u2019ultime danse de dimanche"},"content":{"rendered":"\n<p><\/p>\n\n\n\n<p>Avec chants et danses bien rythm\u00e9s d\u2019instruments traditionnels de musique, duels des lutteurs qui ont offert de magnifiques spectacles au public, l\u2019\u00e9dition 2025 des Evala a pris fin le week end dernier sous le regard admiratif de Faure Gnassingb\u00e9, Pr\u00e9sident du Conseil (PC) du Togo. Le bonus du dimanche (danse des Evala) que l\u2019on peut appeler (\u00ab c\u00e9r\u00e9monie post-luttes \u00bb) a \u00e9t\u00e9 au rendez-vous et bien salu\u00e9<\/p>\n\n\n\n<p>En effet, si samedi 26 juillet a \u00e9t\u00e9 le dernier jour apoth\u00e9ose o\u00f9 certaines finales (les toutes derni\u00e8res) dont celle du canton de Lassa ont eu lieu scellant les \u00c9vala 2025, la danse qui a toujours lieu dimanche apr\u00e8s toutes les finales dans les cantons reste \u00e9galement un tr\u00e9sor qui a toujours marqu\u00e9 les points en guise de bilan et de perspectives d\u2019avenir. Dans cet \u00e9lan, dimanche 27 juillet 2025, au lendemain des ultimes affrontements dans les ar\u00e8nes, les jeunes Evala des douze cantons de la pr\u00e9fecture de la Kozah, rejoints par ceux d\u2019Agband\u00e9-Yaka (pr\u00e9fecture de Doufelgou), ont pris part \u00e0 la traditionnelle danse des Evala. Cette c\u00e9r\u00e9monie post-luttes, empreinte de solennit\u00e9 et de ferveur populaire, s\u2019est tenue comme \u00e0 l\u2019accoutum\u00e9e dans la cour du domicile du P\u00e8re de la nation, feu G\u00e9n\u00e9ral Gnassingb\u00e9 Eyad\u00e9ma, \u00ab figure embl\u00e9matique de la promotion de l\u2019authenticit\u00e9 culturelle togolaise \u00bb. C\u2019est bien t\u00f4t le matin que les jeunes lutteurs, torses nues dans leur culotte de lutte, ont pris d\u2019assaut la cour du domicile du p\u00e8re de la nation. Cette danse des \u00e9vala s\u2019est d\u00e9roul\u00e9e en pr\u00e9sence du PC Faure Essozimna Gnassingb\u00e9, entour\u00e9 du Pr\u00e9sident du s\u00e9nat Barry Moussa Barqu\u00e9 ainsi que de certains membres du gouvernement.<\/p>\n\n\n\n<figure class=\"wp-block-image size-full\"><img loading=\"lazy\" decoding=\"async\" width=\"768\" height=\"718\" src=\"https:\/\/lepoint-actu.tg\/wp-content\/uploads\/2025\/07\/1000602055.jpg\" alt=\"\" class=\"wp-image-4434\" srcset=\"https:\/\/lepoint-actu.tg\/wp-content\/uploads\/2025\/07\/1000602055.jpg 768w, https:\/\/lepoint-actu.tg\/wp-content\/uploads\/2025\/07\/1000602055-300x280.jpg 300w\" sizes=\"auto, (max-width: 768px) 100vw, 768px\" \/><\/figure>\n\n\n\n<p><br>Selon les informations, \u00e0 l\u2019occasion de cette danse, les Evala ont remerci\u00e9 le Pr\u00e9sident du Conseil pour sa politique de sauvegarde de la culture kaby\u00e8. Le porte-parole des cadres de la Kozah, le ministre en charge du minist\u00e8re de l\u2019\u00e9conomie, Barcola Essow\u00e8, a renouvel\u00e9 ses reconnaissances au Pr\u00e9sident du Conseil pour sa politique d\u2019union et de coh\u00e9sion sociale, et surtout pour sa pr\u00e9sence effective dans les ar\u00e8nes. Cette pr\u00e9sence, selon le ministre Barcola, \u00ab traduit son attachement aux valeurs ancestrales \u00bb. Par ailleurs, apr\u00e8s avoir f\u00e9licit\u00e9 les Evala pour la discipline qui a caract\u00e9ris\u00e9 les luttes, le ministre Barcola leur a rappel\u00e9 leur r\u00f4le crucial dans la structuration sociale et leur engagement envers la communaut\u00e9.<br>Pour pr\u00e9cision, la danse des Evala est une tradition depuis l\u2019\u00e9re du p\u00e8re de la nation, feu Gnassingb\u00e9 Eyad\u00e9ma. Elle est ex\u00e9cut\u00e9e au lendemain de la fin des luttes traditionnelles des \u00e9vala.<\/p>\n\n\n\n<p><strong>Retour sur le d\u00e9marrage de l\u2019\u00e9dition 2025 avec un accueil sp\u00e9cial r\u00e9serv\u00e9 au PC<\/strong><\/p>\n\n\n\n<p>L\u2019on se rappelle que le ton des luttes traditionnelles Evala en pays kaby\u00e8, \u00e9dition 2025, a \u00e9t\u00e9 donn\u00e9 le samedi 19 juillet 2025 sur le terrain de l&rsquo;\u00e9cole primaire publique de Kagnalada dans le canton de Pya (Kozah), en pr\u00e9sence du Pr\u00e9sident du Conseil, Faure Essozimna Gnassingb\u00e9.<br>Pour l\u2019occasion, de Niamtougou \u00e0 Pya, une foule immense a r\u00e9serv\u00e9 le 19 juillet 2025, au PC, un accueil exceptionnel des grands jours, une mani\u00e8re de lui t\u00e9moigner son soutien ind\u00e9fectible et son adh\u00e9sion \u00e0 sa politique de d\u00e9veloppement socioculturel. Pour nombre d\u2019analystes, \u00ab la pr\u00e9sence du Pr\u00e9sident du Conseil met en lumi\u00e8re l\u2019importance qu\u2019il accorde \u00e0 la pr\u00e9servation du patrimoine culturel national et \u00e0 la promotion du vivre-ensemble, dans un Togo r\u00e9solument tourn\u00e9 vers la paix et le d\u00e9veloppement \u00bb.<br><em><strong>Ali Legrand<\/strong><\/em><\/p>\n\n\n\n<p><em>Nous contacter pour tous besoins aux (00228)90 21 30 91\/98 86 65 70\/71 99 90 24<\/em><\/p>\n","protected":false},"excerpt":{"rendered":"<p>Avec chants et danses bien rythm\u00e9s d\u2019instruments traditionnels de musique, duels des lutteurs qui ont offert de magnifiques spectacles au<\/p>\n","protected":false},"author":2,"featured_media":4433,"comment_status":"open","ping_status":"closed","sticky":false,"template":"","format":"standard","meta":{"footnotes":""},"categories":[1],"tags":[],"class_list":["post-4432","post","type-post","status-publish","format-standard","has-post-thumbnail","hentry","category-societe"],"yoast_head":"<!-- This site is optimized with the Yoast SEO plugin v23.9 - https:\/\/yoast.com\/wordpress\/plugins\/seo\/ -->\n<title>Fin des Evala 2025 avec l\u2019ultime danse de dimanche -<\/title>\n<meta name=\"robots\" content=\"index, follow, max-snippet:-1, max-image-preview:large, max-video-preview:-1\" \/>\n<link rel=\"canonical\" href=\"https:\/\/lepoint-actu.tg\/index.php\/2025\/07\/28\/fin-des-evala-2025-avec-lultime-danse-de-dimanche\/\" \/>\n<meta property=\"og:locale\" content=\"fr_FR\" \/>\n<meta property=\"og:type\" content=\"article\" \/>\n<meta property=\"og:title\" content=\"Fin des Evala 2025 avec l\u2019ultime danse de dimanche -\" \/>\n<meta property=\"og:description\" content=\"Avec chants et danses bien rythm\u00e9s d\u2019instruments traditionnels de musique, duels des lutteurs qui ont offert de magnifiques spectacles au\" \/>\n<meta property=\"og:url\" content=\"https:\/\/lepoint-actu.tg\/index.php\/2025\/07\/28\/fin-des-evala-2025-avec-lultime-danse-de-dimanche\/\" \/>\n<meta property=\"article:published_time\" content=\"2025-07-28T20:08:19+00:00\" \/>\n<meta property=\"article:modified_time\" content=\"2025-08-02T11:28:01+00:00\" \/>\n<meta property=\"og:image\" content=\"https:\/\/lepoint-actu.tg\/wp-content\/uploads\/2025\/07\/danse-des-Evala-2025.jpg\" \/>\n\t<meta property=\"og:image:width\" content=\"800\" \/>\n\t<meta property=\"og:image:height\" content=\"533\" \/>\n\t<meta property=\"og:image:type\" content=\"image\/jpeg\" \/>\n<meta name=\"author\" content=\"La Redaction\" \/>\n<meta name=\"twitter:card\" content=\"summary_large_image\" \/>\n<meta name=\"twitter:label1\" content=\"\u00c9crit par\" \/>\n\t<meta name=\"twitter:data1\" content=\"La Redaction\" \/>\n\t<meta name=\"twitter:label2\" content=\"Dur\u00e9e de lecture estim\u00e9e\" \/>\n\t<meta name=\"twitter:data2\" content=\"4 minutes\" \/>\n<script type=\"application\/ld+json\" class=\"yoast-schema-graph\">{\"@context\":\"https:\/\/schema.org\",\"@graph\":[{\"@type\":\"WebPage\",\"@id\":\"https:\/\/lepoint-actu.tg\/index.php\/2025\/07\/28\/fin-des-evala-2025-avec-lultime-danse-de-dimanche\/\",\"url\":\"https:\/\/lepoint-actu.tg\/index.php\/2025\/07\/28\/fin-des-evala-2025-avec-lultime-danse-de-dimanche\/\",\"name\":\"Fin des Evala 2025 avec l\u2019ultime danse de dimanche -\",\"isPartOf\":{\"@id\":\"https:\/\/lepoint-actu.tg\/#website\"},\"primaryImageOfPage\":{\"@id\":\"https:\/\/lepoint-actu.tg\/index.php\/2025\/07\/28\/fin-des-evala-2025-avec-lultime-danse-de-dimanche\/#primaryimage\"},\"image\":{\"@id\":\"https:\/\/lepoint-actu.tg\/index.php\/2025\/07\/28\/fin-des-evala-2025-avec-lultime-danse-de-dimanche\/#primaryimage\"},\"thumbnailUrl\":\"https:\/\/lepoint-actu.tg\/wp-content\/uploads\/2025\/07\/danse-des-Evala-2025.jpg\",\"datePublished\":\"2025-07-28T20:08:19+00:00\",\"dateModified\":\"2025-08-02T11:28:01+00:00\",\"author\":{\"@id\":\"https:\/\/lepoint-actu.tg\/#\/schema\/person\/e4026d66cbdc205cab83e169ab7eaca1\"},\"breadcrumb\":{\"@id\":\"https:\/\/lepoint-actu.tg\/index.php\/2025\/07\/28\/fin-des-evala-2025-avec-lultime-danse-de-dimanche\/#breadcrumb\"},\"inLanguage\":\"fr-FR\",\"potentialAction\":[{\"@type\":\"ReadAction\",\"target\":[\"https:\/\/lepoint-actu.tg\/index.php\/2025\/07\/28\/fin-des-evala-2025-avec-lultime-danse-de-dimanche\/\"]}]},{\"@type\":\"ImageObject\",\"inLanguage\":\"fr-FR\",\"@id\":\"https:\/\/lepoint-actu.tg\/index.php\/2025\/07\/28\/fin-des-evala-2025-avec-lultime-danse-de-dimanche\/#primaryimage\",\"url\":\"https:\/\/lepoint-actu.tg\/wp-content\/uploads\/2025\/07\/danse-des-Evala-2025.jpg\",\"contentUrl\":\"https:\/\/lepoint-actu.tg\/wp-content\/uploads\/2025\/07\/danse-des-Evala-2025.jpg\",\"width\":800,\"height\":533},{\"@type\":\"BreadcrumbList\",\"@id\":\"https:\/\/lepoint-actu.tg\/index.php\/2025\/07\/28\/fin-des-evala-2025-avec-lultime-danse-de-dimanche\/#breadcrumb\",\"itemListElement\":[{\"@type\":\"ListItem\",\"position\":1,\"name\":\"Accueil\",\"item\":\"https:\/\/lepoint-actu.tg\/\"},{\"@type\":\"ListItem\",\"position\":2,\"name\":\"Fin des Evala 2025 avec l\u2019ultime danse de dimanche\"}]},{\"@type\":\"WebSite\",\"@id\":\"https:\/\/lepoint-actu.tg\/#website\",\"url\":\"https:\/\/lepoint-actu.tg\/\",\"name\":\"\",\"description\":\"R\u00e9c\u00e9piss\u00e9 N\u00b00022\/HAAC\/12-2020\/pL\/P, lepointactu07@gmail.com\",\"potentialAction\":[{\"@type\":\"SearchAction\",\"target\":{\"@type\":\"EntryPoint\",\"urlTemplate\":\"https:\/\/lepoint-actu.tg\/?s={search_term_string}\"},\"query-input\":{\"@type\":\"PropertyValueSpecification\",\"valueRequired\":true,\"valueName\":\"search_term_string\"}}],\"inLanguage\":\"fr-FR\"},{\"@type\":\"Person\",\"@id\":\"https:\/\/lepoint-actu.tg\/#\/schema\/person\/e4026d66cbdc205cab83e169ab7eaca1\",\"name\":\"La Redaction\",\"image\":{\"@type\":\"ImageObject\",\"inLanguage\":\"fr-FR\",\"@id\":\"https:\/\/lepoint-actu.tg\/#\/schema\/person\/image\/\",\"url\":\"https:\/\/secure.gravatar.com\/avatar\/1682a0ff7e2c36efa51c5d262eea092000ec1ce420118e6261440956730308c2?s=96&d=mm&r=g\",\"contentUrl\":\"https:\/\/secure.gravatar.com\/avatar\/1682a0ff7e2c36efa51c5d262eea092000ec1ce420118e6261440956730308c2?s=96&d=mm&r=g\",\"caption\":\"La Redaction\"},\"url\":\"https:\/\/lepoint-actu.tg\/index.php\/author\/raymondsama\/\"}]}<\/script>\n<!-- \/ Yoast SEO plugin. -->","yoast_head_json":{"title":"Fin des Evala 2025 avec l\u2019ultime danse de dimanche -","robots":{"index":"index","follow":"follow","max-snippet":"max-snippet:-1","max-image-preview":"max-image-preview:large","max-video-preview":"max-video-preview:-1"},"canonical":"https:\/\/lepoint-actu.tg\/index.php\/2025\/07\/28\/fin-des-evala-2025-avec-lultime-danse-de-dimanche\/","og_locale":"fr_FR","og_type":"article","og_title":"Fin des Evala 2025 avec l\u2019ultime danse de dimanche -","og_description":"Avec chants et danses bien rythm\u00e9s d\u2019instruments traditionnels de musique, duels des lutteurs qui ont offert de magnifiques spectacles au","og_url":"https:\/\/lepoint-actu.tg\/index.php\/2025\/07\/28\/fin-des-evala-2025-avec-lultime-danse-de-dimanche\/","article_published_time":"2025-07-28T20:08:19+00:00","article_modified_time":"2025-08-02T11:28:01+00:00","og_image":[{"width":800,"height":533,"url":"https:\/\/lepoint-actu.tg\/wp-content\/uploads\/2025\/07\/danse-des-Evala-2025.jpg","type":"image\/jpeg"}],"author":"La Redaction","twitter_card":"summary_large_image","twitter_misc":{"\u00c9crit par":"La Redaction","Dur\u00e9e de lecture estim\u00e9e":"4 minutes"},"schema":{"@context":"https:\/\/schema.org","@graph":[{"@type":"WebPage","@id":"https:\/\/lepoint-actu.tg\/index.php\/2025\/07\/28\/fin-des-evala-2025-avec-lultime-danse-de-dimanche\/","url":"https:\/\/lepoint-actu.tg\/index.php\/2025\/07\/28\/fin-des-evala-2025-avec-lultime-danse-de-dimanche\/","name":"Fin des Evala 2025 avec l\u2019ultime danse de dimanche -","isPartOf":{"@id":"https:\/\/lepoint-actu.tg\/#website"},"primaryImageOfPage":{"@id":"https:\/\/lepoint-actu.tg\/index.php\/2025\/07\/28\/fin-des-evala-2025-avec-lultime-danse-de-dimanche\/#primaryimage"},"image":{"@id":"https:\/\/lepoint-actu.tg\/index.php\/2025\/07\/28\/fin-des-evala-2025-avec-lultime-danse-de-dimanche\/#primaryimage"},"thumbnailUrl":"https:\/\/lepoint-actu.tg\/wp-content\/uploads\/2025\/07\/danse-des-Evala-2025.jpg","datePublished":"2025-07-28T20:08:19+00:00","dateModified":"2025-08-02T11:28:01+00:00","author":{"@id":"https:\/\/lepoint-actu.tg\/#\/schema\/person\/e4026d66cbdc205cab83e169ab7eaca1"},"breadcrumb":{"@id":"https:\/\/lepoint-actu.tg\/index.php\/2025\/07\/28\/fin-des-evala-2025-avec-lultime-danse-de-dimanche\/#breadcrumb"},"inLanguage":"fr-FR","potentialAction":[{"@type":"ReadAction","target":["https:\/\/lepoint-actu.tg\/index.php\/2025\/07\/28\/fin-des-evala-2025-avec-lultime-danse-de-dimanche\/"]}]},{"@type":"ImageObject","inLanguage":"fr-FR","@id":"https:\/\/lepoint-actu.tg\/index.php\/2025\/07\/28\/fin-des-evala-2025-avec-lultime-danse-de-dimanche\/#primaryimage","url":"https:\/\/lepoint-actu.tg\/wp-content\/uploads\/2025\/07\/danse-des-Evala-2025.jpg","contentUrl":"https:\/\/lepoint-actu.tg\/wp-content\/uploads\/2025\/07\/danse-des-Evala-2025.jpg","width":800,"height":533},{"@type":"BreadcrumbList","@id":"https:\/\/lepoint-actu.tg\/index.php\/2025\/07\/28\/fin-des-evala-2025-avec-lultime-danse-de-dimanche\/#breadcrumb","itemListElement":[{"@type":"ListItem","position":1,"name":"Accueil","item":"https:\/\/lepoint-actu.tg\/"},{"@type":"ListItem","position":2,"name":"Fin des Evala 2025 avec l\u2019ultime danse de dimanche"}]},{"@type":"WebSite","@id":"https:\/\/lepoint-actu.tg\/#website","url":"https:\/\/lepoint-actu.tg\/","name":"","description":"R\u00e9c\u00e9piss\u00e9 N\u00b00022\/HAAC\/12-2020\/pL\/P, lepointactu07@gmail.com","potentialAction":[{"@type":"SearchAction","target":{"@type":"EntryPoint","urlTemplate":"https:\/\/lepoint-actu.tg\/?s={search_term_string}"},"query-input":{"@type":"PropertyValueSpecification","valueRequired":true,"valueName":"search_term_string"}}],"inLanguage":"fr-FR"},{"@type":"Person","@id":"https:\/\/lepoint-actu.tg\/#\/schema\/person\/e4026d66cbdc205cab83e169ab7eaca1","name":"La Redaction","image":{"@type":"ImageObject","inLanguage":"fr-FR","@id":"https:\/\/lepoint-actu.tg\/#\/schema\/person\/image\/","url":"https:\/\/secure.gravatar.com\/avatar\/1682a0ff7e2c36efa51c5d262eea092000ec1ce420118e6261440956730308c2?s=96&d=mm&r=g","contentUrl":"https:\/\/secure.gravatar.com\/avatar\/1682a0ff7e2c36efa51c5d262eea092000ec1ce420118e6261440956730308c2?s=96&d=mm&r=g","caption":"La Redaction"},"url":"https:\/\/lepoint-actu.tg\/index.php\/author\/raymondsama\/"}]}},"_links":{"self":[{"href":"https:\/\/lepoint-actu.tg\/index.php\/wp-json\/wp\/v2\/posts\/4432","targetHints":{"allow":["GET"]}}],"collection":[{"href":"https:\/\/lepoint-actu.tg\/index.php\/wp-json\/wp\/v2\/posts"}],"about":[{"href":"https:\/\/lepoint-actu.tg\/index.php\/wp-json\/wp\/v2\/types\/post"}],"author":[{"embeddable":true,"href":"https:\/\/lepoint-actu.tg\/index.php\/wp-json\/wp\/v2\/users\/2"}],"replies":[{"embeddable":true,"href":"https:\/\/lepoint-actu.tg\/index.php\/wp-json\/wp\/v2\/comments?post=4432"}],"version-history":[{"count":2,"href":"https:\/\/lepoint-actu.tg\/index.php\/wp-json\/wp\/v2\/posts\/4432\/revisions"}],"predecessor-version":[{"id":4474,"href":"https:\/\/lepoint-actu.tg\/index.php\/wp-json\/wp\/v2\/posts\/4432\/revisions\/4474"}],"wp:featuredmedia":[{"embeddable":true,"href":"https:\/\/lepoint-actu.tg\/index.php\/wp-json\/wp\/v2\/media\/4433"}],"wp:attachment":[{"href":"https:\/\/lepoint-actu.tg\/index.php\/wp-json\/wp\/v2\/media?parent=4432"}],"wp:term":[{"taxonomy":"category","embeddable":true,"href":"https:\/\/lepoint-actu.tg\/index.php\/wp-json\/wp\/v2\/categories?post=4432"},{"taxonomy":"post_tag","embeddable":true,"href":"https:\/\/lepoint-actu.tg\/index.php\/wp-json\/wp\/v2\/tags?post=4432"}],"curies":[{"name":"wp","href":"https:\/\/api.w.org\/{rel}","templated":true}]}}