{"id":4439,"date":"2025-07-27T20:17:24","date_gmt":"2025-07-27T20:17:24","guid":{"rendered":"https:\/\/lepoint-actu.tg\/?p=4439"},"modified":"2025-07-30T20:19:00","modified_gmt":"2025-07-30T20:19:00","slug":"restauration-de-lecosysteme-naturel-dans-la-region-centrale","status":"publish","type":"post","link":"https:\/\/lepoint-actu.tg\/index.php\/2025\/07\/27\/restauration-de-lecosysteme-naturel-dans-la-region-centrale\/","title":{"rendered":"Restauration de l\u2019\u00e9cosyst\u00e8me naturel dans la r\u00e9gion Centrale"},"content":{"rendered":"\n<p><br>Le gouvernement togolais et ses partenaires mettent en branle un processus de formulation d\u2019un projet dont l\u2019ex\u00e9cution pourra aboutir in fine \u00e0 des pratiques devant prot\u00e9ger l\u2019environnement dans son ensemble. Les travaux se sont d\u00e9roul\u00e9s le 25 juillet 2025 \u00e0 Sokod\u00e9.<br>La rencontre a regroup\u00e9 les diff\u00e9rentes parties prenantes, sectoriels, autorit\u00e9s locales, soci\u00e9t\u00e9 civile et partenaires. Organis\u00e9es par le minist\u00e8re de l\u2019environnement et des ressources foresti\u00e8res en collaboration avec le Programme des Nations unies pour le d\u00e9veloppement, les assises avaient pour but d\u2019informer ces acteurs sur les objectifs du projet afin d\u2019assurer son appropriation.<\/p>\n\n\n\n<p>La c\u00e9r\u00e9monie de lancement a \u00e9t\u00e9 pr\u00e9sid\u00e9e par le ministre de l\u2019environnement et des ressources foresti\u00e8res, Foli Bazi Katari.<br>D\u2019apr\u00e8s l\u2019analyse des donn\u00e9es spatiales, 52, 68% des terres de la r\u00e9gion Centrale sont s\u00e9v\u00e8rement d\u00e9grad\u00e9es. Les for\u00eats denses ont quasiment disparu, passant de 19,39% en 2000 \u00e0 seulement 6,84% en 2021. Ces chiffres alarmants ont amen\u00e9 le gouvernement togolais avec l\u2019appui du Programmes des Nations unies pour le d\u00e9veloppement PNUD \u00e0 envisager des solutions en vue de renverser la tendance. L\u2019une d\u2019elles est le projet \u00ab Renforcement de la r\u00e9silience des \u00e9cosyst\u00e8mes naturels, les agro\u00e9cosyst\u00e8mes et des communaut\u00e9s face au changement climatique dans la r\u00e9gion Centrale du Togo \u00bb.<br>Cette initiative, ambitionne de promouvoir l\u2019adoption de pratiques de restauration des paysages et des \u00e9cosyst\u00e8mes afin d\u2019optimiser la r\u00e9silience des \u00e9cosyst\u00e8mes et d\u2019am\u00e9liorer les biens et services de l\u2019environnement et la capacit\u00e9 d\u2019adaptation des \u00e9cosyst\u00e8mes naturels et des communaut\u00e9s au changement climatique. Il est articul\u00e9 autour de quatre axes. Le premier porte sur le cadre multisectoriel pour la gestion int\u00e9gr\u00e9e des terres et la planification int\u00e9grant les projections climatiques. Le second est orient\u00e9 sur la restauration des \u00e9cosyst\u00e8mes dans les paysages naturels d\u00e9grad\u00e9s et les paysages prot\u00e9g\u00e9s. Les deux derniers axes sont relatifs, respectivement, \u00e0 l\u2019adoption d\u2019une intensification agro-\u00e9cologique r\u00e9siliente au climat, d\u2019une diversification et d\u2019autres pratiques r\u00e9g\u00e9n\u00e9ratives dans l\u2019agriculture, l\u2019agroforesterie ainsi qu\u2019\u00e0 la gestion des connaissances. Le projet, qui est \u00e0 l\u2019\u00e9tape de formulation, s\u2019inscrit dans la mise en \u0153uvre de la feuille de route gouvernementale 2025 et dans les priorit\u00e9s du FEM 8, avec un co\u00fbt global estim\u00e9 \u00e0 68 523 913 dollars pour une dur\u00e9e de 60 mois. A terme, il va impacter directement 35 000 personnes dont 21 000 femmes. Le charg\u00e9 de programme environnement, Tchinguilou Abiziou, repr\u00e9sentant de la repr\u00e9sentante r\u00e9sidente du PNUD au Togo, a salu\u00e9 les efforts et l\u2019engagement du gouvernement en faveur de la gestion durable des ressources naturelles et la r\u00e9silience aux changements climatiques. Il a rassur\u00e9 de la disponibilit\u00e9 du PNUD pour accompagner le Togo dans la r\u00e9ussite de ce projet au profit des populations de la r\u00e9gion Centrale.<br>Pour le ministre de l\u2019environnement et des ressources foresti\u00e8res, Foli Bazi Katari, cette initiative, qui fait suite aux engagements du Togo en mati\u00e8re de la neutralit\u00e9 de la d\u00e9gradation des terres \u00e0 l\u2019horizon 2030, va permettre d\u2019apporter un soulagement significatif aux populations de la r\u00e9gion centrale, particuli\u00e8rement, celles des zones rurales qui tirent l\u2019essentiel de leurs revenus de l\u2019agriculture familiale. C\u2019est dans ce sens que le ministre a insist\u00e9 sur la qualit\u00e9 de la collecte des donn\u00e9es de terrain pour enrichir et consolider la proposition du projet avant sa soumission au conseil d\u2019administration du Fonds pour l\u2019environnement mondial FEM pour approbation et financement.<br><strong><em>Avec cellule communication MERF<\/em><\/strong><\/p>\n","protected":false},"excerpt":{"rendered":"<p>Le gouvernement togolais et ses partenaires mettent en branle un processus de formulation d\u2019un projet dont l\u2019ex\u00e9cution pourra aboutir in<\/p>\n","protected":false},"author":2,"featured_media":4440,"comment_status":"open","ping_status":"closed","sticky":false,"template":"","format":"standard","meta":{"footnotes":""},"categories":[6],"tags":[],"class_list":["post-4439","post","type-post","status-publish","format-standard","has-post-thumbnail","hentry","category-environnement"],"yoast_head":"<!-- This site is optimized with the Yoast SEO plugin v23.9 - https:\/\/yoast.com\/wordpress\/plugins\/seo\/ -->\n<title>Restauration de l\u2019\u00e9cosyst\u00e8me naturel dans la r\u00e9gion Centrale -<\/title>\n<meta name=\"robots\" content=\"index, follow, max-snippet:-1, max-image-preview:large, max-video-preview:-1\" \/>\n<link rel=\"canonical\" href=\"https:\/\/lepoint-actu.tg\/index.php\/2025\/07\/27\/restauration-de-lecosysteme-naturel-dans-la-region-centrale\/\" \/>\n<meta property=\"og:locale\" content=\"fr_FR\" \/>\n<meta property=\"og:type\" content=\"article\" \/>\n<meta property=\"og:title\" content=\"Restauration de l\u2019\u00e9cosyst\u00e8me naturel dans la r\u00e9gion Centrale -\" \/>\n<meta property=\"og:description\" content=\"Le gouvernement togolais et ses partenaires mettent en branle un processus de formulation d\u2019un projet dont l\u2019ex\u00e9cution pourra aboutir in\" \/>\n<meta property=\"og:url\" content=\"https:\/\/lepoint-actu.tg\/index.php\/2025\/07\/27\/restauration-de-lecosysteme-naturel-dans-la-region-centrale\/\" \/>\n<meta property=\"article:published_time\" content=\"2025-07-27T20:17:24+00:00\" \/>\n<meta property=\"article:modified_time\" content=\"2025-07-30T20:19:00+00:00\" \/>\n<meta property=\"og:image\" content=\"https:\/\/lepoint-actu.tg\/wp-content\/uploads\/2025\/07\/Screenshot_20250730-200008.jpg\" \/>\n\t<meta property=\"og:image:width\" content=\"341\" \/>\n\t<meta property=\"og:image:height\" content=\"432\" \/>\n\t<meta property=\"og:image:type\" content=\"image\/jpeg\" \/>\n<meta name=\"author\" content=\"La Redaction\" \/>\n<meta name=\"twitter:card\" content=\"summary_large_image\" \/>\n<meta name=\"twitter:label1\" content=\"\u00c9crit par\" \/>\n\t<meta name=\"twitter:data1\" content=\"La Redaction\" \/>\n\t<meta name=\"twitter:label2\" content=\"Dur\u00e9e de lecture estim\u00e9e\" \/>\n\t<meta name=\"twitter:data2\" content=\"4 minutes\" \/>\n<script type=\"application\/ld+json\" class=\"yoast-schema-graph\">{\"@context\":\"https:\/\/schema.org\",\"@graph\":[{\"@type\":\"WebPage\",\"@id\":\"https:\/\/lepoint-actu.tg\/index.php\/2025\/07\/27\/restauration-de-lecosysteme-naturel-dans-la-region-centrale\/\",\"url\":\"https:\/\/lepoint-actu.tg\/index.php\/2025\/07\/27\/restauration-de-lecosysteme-naturel-dans-la-region-centrale\/\",\"name\":\"Restauration de l\u2019\u00e9cosyst\u00e8me naturel dans la r\u00e9gion Centrale -\",\"isPartOf\":{\"@id\":\"https:\/\/lepoint-actu.tg\/#website\"},\"primaryImageOfPage\":{\"@id\":\"https:\/\/lepoint-actu.tg\/index.php\/2025\/07\/27\/restauration-de-lecosysteme-naturel-dans-la-region-centrale\/#primaryimage\"},\"image\":{\"@id\":\"https:\/\/lepoint-actu.tg\/index.php\/2025\/07\/27\/restauration-de-lecosysteme-naturel-dans-la-region-centrale\/#primaryimage\"},\"thumbnailUrl\":\"https:\/\/lepoint-actu.tg\/wp-content\/uploads\/2025\/07\/Screenshot_20250730-200008.jpg\",\"datePublished\":\"2025-07-27T20:17:24+00:00\",\"dateModified\":\"2025-07-30T20:19:00+00:00\",\"author\":{\"@id\":\"https:\/\/lepoint-actu.tg\/#\/schema\/person\/e4026d66cbdc205cab83e169ab7eaca1\"},\"breadcrumb\":{\"@id\":\"https:\/\/lepoint-actu.tg\/index.php\/2025\/07\/27\/restauration-de-lecosysteme-naturel-dans-la-region-centrale\/#breadcrumb\"},\"inLanguage\":\"fr-FR\",\"potentialAction\":[{\"@type\":\"ReadAction\",\"target\":[\"https:\/\/lepoint-actu.tg\/index.php\/2025\/07\/27\/restauration-de-lecosysteme-naturel-dans-la-region-centrale\/\"]}]},{\"@type\":\"ImageObject\",\"inLanguage\":\"fr-FR\",\"@id\":\"https:\/\/lepoint-actu.tg\/index.php\/2025\/07\/27\/restauration-de-lecosysteme-naturel-dans-la-region-centrale\/#primaryimage\",\"url\":\"https:\/\/lepoint-actu.tg\/wp-content\/uploads\/2025\/07\/Screenshot_20250730-200008.jpg\",\"contentUrl\":\"https:\/\/lepoint-actu.tg\/wp-content\/uploads\/2025\/07\/Screenshot_20250730-200008.jpg\",\"width\":341,\"height\":432},{\"@type\":\"BreadcrumbList\",\"@id\":\"https:\/\/lepoint-actu.tg\/index.php\/2025\/07\/27\/restauration-de-lecosysteme-naturel-dans-la-region-centrale\/#breadcrumb\",\"itemListElement\":[{\"@type\":\"ListItem\",\"position\":1,\"name\":\"Accueil\",\"item\":\"https:\/\/lepoint-actu.tg\/\"},{\"@type\":\"ListItem\",\"position\":2,\"name\":\"Restauration de l\u2019\u00e9cosyst\u00e8me naturel dans la r\u00e9gion Centrale\"}]},{\"@type\":\"WebSite\",\"@id\":\"https:\/\/lepoint-actu.tg\/#website\",\"url\":\"https:\/\/lepoint-actu.tg\/\",\"name\":\"\",\"description\":\"R\u00e9c\u00e9piss\u00e9 N\u00b00022\/HAAC\/12-2020\/pL\/P, lepointactu07@gmail.com\",\"potentialAction\":[{\"@type\":\"SearchAction\",\"target\":{\"@type\":\"EntryPoint\",\"urlTemplate\":\"https:\/\/lepoint-actu.tg\/?s={search_term_string}\"},\"query-input\":{\"@type\":\"PropertyValueSpecification\",\"valueRequired\":true,\"valueName\":\"search_term_string\"}}],\"inLanguage\":\"fr-FR\"},{\"@type\":\"Person\",\"@id\":\"https:\/\/lepoint-actu.tg\/#\/schema\/person\/e4026d66cbdc205cab83e169ab7eaca1\",\"name\":\"La Redaction\",\"image\":{\"@type\":\"ImageObject\",\"inLanguage\":\"fr-FR\",\"@id\":\"https:\/\/lepoint-actu.tg\/#\/schema\/person\/image\/\",\"url\":\"https:\/\/secure.gravatar.com\/avatar\/1682a0ff7e2c36efa51c5d262eea092000ec1ce420118e6261440956730308c2?s=96&d=mm&r=g\",\"contentUrl\":\"https:\/\/secure.gravatar.com\/avatar\/1682a0ff7e2c36efa51c5d262eea092000ec1ce420118e6261440956730308c2?s=96&d=mm&r=g\",\"caption\":\"La Redaction\"},\"url\":\"https:\/\/lepoint-actu.tg\/index.php\/author\/raymondsama\/\"}]}<\/script>\n<!-- \/ Yoast SEO plugin. -->","yoast_head_json":{"title":"Restauration de l\u2019\u00e9cosyst\u00e8me naturel dans la r\u00e9gion Centrale -","robots":{"index":"index","follow":"follow","max-snippet":"max-snippet:-1","max-image-preview":"max-image-preview:large","max-video-preview":"max-video-preview:-1"},"canonical":"https:\/\/lepoint-actu.tg\/index.php\/2025\/07\/27\/restauration-de-lecosysteme-naturel-dans-la-region-centrale\/","og_locale":"fr_FR","og_type":"article","og_title":"Restauration de l\u2019\u00e9cosyst\u00e8me naturel dans la r\u00e9gion Centrale -","og_description":"Le gouvernement togolais et ses partenaires mettent en branle un processus de formulation d\u2019un projet dont l\u2019ex\u00e9cution pourra aboutir in","og_url":"https:\/\/lepoint-actu.tg\/index.php\/2025\/07\/27\/restauration-de-lecosysteme-naturel-dans-la-region-centrale\/","article_published_time":"2025-07-27T20:17:24+00:00","article_modified_time":"2025-07-30T20:19:00+00:00","og_image":[{"width":341,"height":432,"url":"https:\/\/lepoint-actu.tg\/wp-content\/uploads\/2025\/07\/Screenshot_20250730-200008.jpg","type":"image\/jpeg"}],"author":"La Redaction","twitter_card":"summary_large_image","twitter_misc":{"\u00c9crit par":"La Redaction","Dur\u00e9e de lecture estim\u00e9e":"4 minutes"},"schema":{"@context":"https:\/\/schema.org","@graph":[{"@type":"WebPage","@id":"https:\/\/lepoint-actu.tg\/index.php\/2025\/07\/27\/restauration-de-lecosysteme-naturel-dans-la-region-centrale\/","url":"https:\/\/lepoint-actu.tg\/index.php\/2025\/07\/27\/restauration-de-lecosysteme-naturel-dans-la-region-centrale\/","name":"Restauration de l\u2019\u00e9cosyst\u00e8me naturel dans la r\u00e9gion Centrale -","isPartOf":{"@id":"https:\/\/lepoint-actu.tg\/#website"},"primaryImageOfPage":{"@id":"https:\/\/lepoint-actu.tg\/index.php\/2025\/07\/27\/restauration-de-lecosysteme-naturel-dans-la-region-centrale\/#primaryimage"},"image":{"@id":"https:\/\/lepoint-actu.tg\/index.php\/2025\/07\/27\/restauration-de-lecosysteme-naturel-dans-la-region-centrale\/#primaryimage"},"thumbnailUrl":"https:\/\/lepoint-actu.tg\/wp-content\/uploads\/2025\/07\/Screenshot_20250730-200008.jpg","datePublished":"2025-07-27T20:17:24+00:00","dateModified":"2025-07-30T20:19:00+00:00","author":{"@id":"https:\/\/lepoint-actu.tg\/#\/schema\/person\/e4026d66cbdc205cab83e169ab7eaca1"},"breadcrumb":{"@id":"https:\/\/lepoint-actu.tg\/index.php\/2025\/07\/27\/restauration-de-lecosysteme-naturel-dans-la-region-centrale\/#breadcrumb"},"inLanguage":"fr-FR","potentialAction":[{"@type":"ReadAction","target":["https:\/\/lepoint-actu.tg\/index.php\/2025\/07\/27\/restauration-de-lecosysteme-naturel-dans-la-region-centrale\/"]}]},{"@type":"ImageObject","inLanguage":"fr-FR","@id":"https:\/\/lepoint-actu.tg\/index.php\/2025\/07\/27\/restauration-de-lecosysteme-naturel-dans-la-region-centrale\/#primaryimage","url":"https:\/\/lepoint-actu.tg\/wp-content\/uploads\/2025\/07\/Screenshot_20250730-200008.jpg","contentUrl":"https:\/\/lepoint-actu.tg\/wp-content\/uploads\/2025\/07\/Screenshot_20250730-200008.jpg","width":341,"height":432},{"@type":"BreadcrumbList","@id":"https:\/\/lepoint-actu.tg\/index.php\/2025\/07\/27\/restauration-de-lecosysteme-naturel-dans-la-region-centrale\/#breadcrumb","itemListElement":[{"@type":"ListItem","position":1,"name":"Accueil","item":"https:\/\/lepoint-actu.tg\/"},{"@type":"ListItem","position":2,"name":"Restauration de l\u2019\u00e9cosyst\u00e8me naturel dans la r\u00e9gion Centrale"}]},{"@type":"WebSite","@id":"https:\/\/lepoint-actu.tg\/#website","url":"https:\/\/lepoint-actu.tg\/","name":"","description":"R\u00e9c\u00e9piss\u00e9 N\u00b00022\/HAAC\/12-2020\/pL\/P, lepointactu07@gmail.com","potentialAction":[{"@type":"SearchAction","target":{"@type":"EntryPoint","urlTemplate":"https:\/\/lepoint-actu.tg\/?s={search_term_string}"},"query-input":{"@type":"PropertyValueSpecification","valueRequired":true,"valueName":"search_term_string"}}],"inLanguage":"fr-FR"},{"@type":"Person","@id":"https:\/\/lepoint-actu.tg\/#\/schema\/person\/e4026d66cbdc205cab83e169ab7eaca1","name":"La Redaction","image":{"@type":"ImageObject","inLanguage":"fr-FR","@id":"https:\/\/lepoint-actu.tg\/#\/schema\/person\/image\/","url":"https:\/\/secure.gravatar.com\/avatar\/1682a0ff7e2c36efa51c5d262eea092000ec1ce420118e6261440956730308c2?s=96&d=mm&r=g","contentUrl":"https:\/\/secure.gravatar.com\/avatar\/1682a0ff7e2c36efa51c5d262eea092000ec1ce420118e6261440956730308c2?s=96&d=mm&r=g","caption":"La Redaction"},"url":"https:\/\/lepoint-actu.tg\/index.php\/author\/raymondsama\/"}]}},"_links":{"self":[{"href":"https:\/\/lepoint-actu.tg\/index.php\/wp-json\/wp\/v2\/posts\/4439","targetHints":{"allow":["GET"]}}],"collection":[{"href":"https:\/\/lepoint-actu.tg\/index.php\/wp-json\/wp\/v2\/posts"}],"about":[{"href":"https:\/\/lepoint-actu.tg\/index.php\/wp-json\/wp\/v2\/types\/post"}],"author":[{"embeddable":true,"href":"https:\/\/lepoint-actu.tg\/index.php\/wp-json\/wp\/v2\/users\/2"}],"replies":[{"embeddable":true,"href":"https:\/\/lepoint-actu.tg\/index.php\/wp-json\/wp\/v2\/comments?post=4439"}],"version-history":[{"count":1,"href":"https:\/\/lepoint-actu.tg\/index.php\/wp-json\/wp\/v2\/posts\/4439\/revisions"}],"predecessor-version":[{"id":4441,"href":"https:\/\/lepoint-actu.tg\/index.php\/wp-json\/wp\/v2\/posts\/4439\/revisions\/4441"}],"wp:featuredmedia":[{"embeddable":true,"href":"https:\/\/lepoint-actu.tg\/index.php\/wp-json\/wp\/v2\/media\/4440"}],"wp:attachment":[{"href":"https:\/\/lepoint-actu.tg\/index.php\/wp-json\/wp\/v2\/media?parent=4439"}],"wp:term":[{"taxonomy":"category","embeddable":true,"href":"https:\/\/lepoint-actu.tg\/index.php\/wp-json\/wp\/v2\/categories?post=4439"},{"taxonomy":"post_tag","embeddable":true,"href":"https:\/\/lepoint-actu.tg\/index.php\/wp-json\/wp\/v2\/tags?post=4439"}],"curies":[{"name":"wp","href":"https:\/\/api.w.org\/{rel}","templated":true}]}}