{"id":4459,"date":"2025-08-01T17:12:30","date_gmt":"2025-08-01T17:12:30","guid":{"rendered":"https:\/\/lepoint-actu.tg\/?p=4459"},"modified":"2025-08-02T11:15:04","modified_gmt":"2025-08-02T11:15:04","slug":"budgetisation-sensible-au-genre-la-region-de-la-kara-outillee","status":"publish","type":"post","link":"https:\/\/lepoint-actu.tg\/index.php\/2025\/08\/01\/budgetisation-sensible-au-genre-la-region-de-la-kara-outillee\/","title":{"rendered":"Budg\u00e9tisation sensible au genre\u00a0: la r\u00e9gion de la Kara outill\u00e9e"},"content":{"rendered":"\n<p><br>La question du genre reste capitale dans les politiques publiques et les communes de la r\u00e9gion de la Kara viennent de s\u2019offrir une formation de taille. En effet, dans la ville de Kara (\u00e0 plus de 410 au nord de la capitale Lom\u00e9) , les cadres administratifs des 22 communes de la r\u00e9gion participent jusqu\u2019\u00e0 ce vendredi 1er ao\u00fbt 2025, \u00e0 un atelier sur la planification et la budg\u00e9tisation sensibles au genre (PBSG).<br>Selon les informations, les travaux sont initi\u00e9s par le PNUD en collaboration avec la Fa\u00eeti\u00e8re des communes du Togo (FCT) et l\u2019Agence nationale de formation des collectivit\u00e9s territoriales (ANFCT). Ces travaux b\u00e9n\u00e9ficient du soutien des minist\u00e8res charg\u00e9s de la Femme et des Finances.<br>Les planificateurs, les Secr\u00e9taires g\u00e9n\u00e9raux et les gestionnaires financiers locaux sont outill\u00e9s \u00e0 travers ledit atelier dans le but de mieux int\u00e9grer l\u2019\u00e9galit\u00e9 de genre dans les politiques publiques, \u00e0 travers une allocation budg\u00e9taire \u00e9quitable et cibl\u00e9e.<br>Cette approche est consid\u00e9r\u00e9e comme un levier d\u00e9sormais incontournable pour atteindre les Objectifs de d\u00e9veloppement durable (ODD), notamment l\u2019autonomisation des femmes et des filles. Les concepts tels que les st\u00e9r\u00e9otypes de genre, l\u2019\u00e9quit\u00e9 et l\u2019analyse budg\u00e9taire sous l\u2019angle genre ont meubl\u00e9 les travaux.<br>Pour Adam Moumouni, repr\u00e9sentant la FCT, \u00ab une meilleure ma\u00eetrise de ces outils renforcera l\u2019efficacit\u00e9 des politiques locales \u00bb.<br>Selon les m\u00eames informations, cette initiative fait suite \u00e0 une formation similaire dans les Savanes et s\u2019inscrit dans une dynamique de gouvernance territoriale inclusive.<br><strong><em>Marc Okuw\u00e9<\/em><\/strong><\/p>\n\n\n\n<p><em>Nous contacter pour tous besoins sur le (00228)90 21 30 91\/98 86 65 70\/71 99 90 24<\/em><\/p>\n","protected":false},"excerpt":{"rendered":"<p>La question du genre reste capitale dans les politiques publiques et les communes de la r\u00e9gion de la Kara viennent<\/p>\n","protected":false},"author":2,"featured_media":4460,"comment_status":"open","ping_status":"closed","sticky":false,"template":"","format":"standard","meta":{"footnotes":""},"categories":[1],"tags":[],"class_list":["post-4459","post","type-post","status-publish","format-standard","has-post-thumbnail","hentry","category-societe"],"yoast_head":"<!-- This site is optimized with the Yoast SEO plugin v23.9 - https:\/\/yoast.com\/wordpress\/plugins\/seo\/ -->\n<title>Budg\u00e9tisation sensible au genre\u00a0: la r\u00e9gion de la Kara outill\u00e9e -<\/title>\n<meta name=\"robots\" content=\"index, follow, max-snippet:-1, max-image-preview:large, max-video-preview:-1\" \/>\n<link rel=\"canonical\" href=\"https:\/\/lepoint-actu.tg\/index.php\/2025\/08\/01\/budgetisation-sensible-au-genre-la-region-de-la-kara-outillee\/\" \/>\n<meta property=\"og:locale\" content=\"fr_FR\" \/>\n<meta property=\"og:type\" content=\"article\" \/>\n<meta property=\"og:title\" content=\"Budg\u00e9tisation sensible au genre\u00a0: la r\u00e9gion de la Kara outill\u00e9e -\" \/>\n<meta property=\"og:description\" content=\"La question du genre reste capitale dans les politiques publiques et les communes de la r\u00e9gion de la Kara viennent\" \/>\n<meta property=\"og:url\" content=\"https:\/\/lepoint-actu.tg\/index.php\/2025\/08\/01\/budgetisation-sensible-au-genre-la-region-de-la-kara-outillee\/\" \/>\n<meta property=\"article:published_time\" content=\"2025-08-01T17:12:30+00:00\" \/>\n<meta property=\"article:modified_time\" content=\"2025-08-02T11:15:04+00:00\" \/>\n<meta property=\"og:image\" content=\"https:\/\/lepoint-actu.tg\/wp-content\/uploads\/2025\/08\/Screenshot_20250801-163505.jpg\" \/>\n\t<meta property=\"og:image:width\" content=\"712\" \/>\n\t<meta property=\"og:image:height\" content=\"318\" \/>\n\t<meta property=\"og:image:type\" content=\"image\/jpeg\" \/>\n<meta name=\"author\" content=\"La Redaction\" \/>\n<meta name=\"twitter:card\" content=\"summary_large_image\" \/>\n<meta name=\"twitter:label1\" content=\"\u00c9crit par\" \/>\n\t<meta name=\"twitter:data1\" content=\"La Redaction\" \/>\n\t<meta name=\"twitter:label2\" content=\"Dur\u00e9e de lecture estim\u00e9e\" \/>\n\t<meta name=\"twitter:data2\" content=\"2 minutes\" \/>\n<script type=\"application\/ld+json\" class=\"yoast-schema-graph\">{\"@context\":\"https:\/\/schema.org\",\"@graph\":[{\"@type\":\"WebPage\",\"@id\":\"https:\/\/lepoint-actu.tg\/index.php\/2025\/08\/01\/budgetisation-sensible-au-genre-la-region-de-la-kara-outillee\/\",\"url\":\"https:\/\/lepoint-actu.tg\/index.php\/2025\/08\/01\/budgetisation-sensible-au-genre-la-region-de-la-kara-outillee\/\",\"name\":\"Budg\u00e9tisation sensible au genre\u00a0: la r\u00e9gion de la Kara outill\u00e9e -\",\"isPartOf\":{\"@id\":\"https:\/\/lepoint-actu.tg\/#website\"},\"primaryImageOfPage\":{\"@id\":\"https:\/\/lepoint-actu.tg\/index.php\/2025\/08\/01\/budgetisation-sensible-au-genre-la-region-de-la-kara-outillee\/#primaryimage\"},\"image\":{\"@id\":\"https:\/\/lepoint-actu.tg\/index.php\/2025\/08\/01\/budgetisation-sensible-au-genre-la-region-de-la-kara-outillee\/#primaryimage\"},\"thumbnailUrl\":\"https:\/\/lepoint-actu.tg\/wp-content\/uploads\/2025\/08\/Screenshot_20250801-163505.jpg\",\"datePublished\":\"2025-08-01T17:12:30+00:00\",\"dateModified\":\"2025-08-02T11:15:04+00:00\",\"author\":{\"@id\":\"https:\/\/lepoint-actu.tg\/#\/schema\/person\/e4026d66cbdc205cab83e169ab7eaca1\"},\"breadcrumb\":{\"@id\":\"https:\/\/lepoint-actu.tg\/index.php\/2025\/08\/01\/budgetisation-sensible-au-genre-la-region-de-la-kara-outillee\/#breadcrumb\"},\"inLanguage\":\"fr-FR\",\"potentialAction\":[{\"@type\":\"ReadAction\",\"target\":[\"https:\/\/lepoint-actu.tg\/index.php\/2025\/08\/01\/budgetisation-sensible-au-genre-la-region-de-la-kara-outillee\/\"]}]},{\"@type\":\"ImageObject\",\"inLanguage\":\"fr-FR\",\"@id\":\"https:\/\/lepoint-actu.tg\/index.php\/2025\/08\/01\/budgetisation-sensible-au-genre-la-region-de-la-kara-outillee\/#primaryimage\",\"url\":\"https:\/\/lepoint-actu.tg\/wp-content\/uploads\/2025\/08\/Screenshot_20250801-163505.jpg\",\"contentUrl\":\"https:\/\/lepoint-actu.tg\/wp-content\/uploads\/2025\/08\/Screenshot_20250801-163505.jpg\",\"width\":712,\"height\":318},{\"@type\":\"BreadcrumbList\",\"@id\":\"https:\/\/lepoint-actu.tg\/index.php\/2025\/08\/01\/budgetisation-sensible-au-genre-la-region-de-la-kara-outillee\/#breadcrumb\",\"itemListElement\":[{\"@type\":\"ListItem\",\"position\":1,\"name\":\"Accueil\",\"item\":\"https:\/\/lepoint-actu.tg\/\"},{\"@type\":\"ListItem\",\"position\":2,\"name\":\"Budg\u00e9tisation sensible au genre\u00a0: la r\u00e9gion de la Kara outill\u00e9e\"}]},{\"@type\":\"WebSite\",\"@id\":\"https:\/\/lepoint-actu.tg\/#website\",\"url\":\"https:\/\/lepoint-actu.tg\/\",\"name\":\"\",\"description\":\"R\u00e9c\u00e9piss\u00e9 N\u00b00022\/HAAC\/12-2020\/pL\/P, lepointactu07@gmail.com\",\"potentialAction\":[{\"@type\":\"SearchAction\",\"target\":{\"@type\":\"EntryPoint\",\"urlTemplate\":\"https:\/\/lepoint-actu.tg\/?s={search_term_string}\"},\"query-input\":{\"@type\":\"PropertyValueSpecification\",\"valueRequired\":true,\"valueName\":\"search_term_string\"}}],\"inLanguage\":\"fr-FR\"},{\"@type\":\"Person\",\"@id\":\"https:\/\/lepoint-actu.tg\/#\/schema\/person\/e4026d66cbdc205cab83e169ab7eaca1\",\"name\":\"La Redaction\",\"image\":{\"@type\":\"ImageObject\",\"inLanguage\":\"fr-FR\",\"@id\":\"https:\/\/lepoint-actu.tg\/#\/schema\/person\/image\/\",\"url\":\"https:\/\/secure.gravatar.com\/avatar\/1682a0ff7e2c36efa51c5d262eea092000ec1ce420118e6261440956730308c2?s=96&d=mm&r=g\",\"contentUrl\":\"https:\/\/secure.gravatar.com\/avatar\/1682a0ff7e2c36efa51c5d262eea092000ec1ce420118e6261440956730308c2?s=96&d=mm&r=g\",\"caption\":\"La Redaction\"},\"url\":\"https:\/\/lepoint-actu.tg\/index.php\/author\/raymondsama\/\"}]}<\/script>\n<!-- \/ Yoast SEO plugin. -->","yoast_head_json":{"title":"Budg\u00e9tisation sensible au genre\u00a0: la r\u00e9gion de la Kara outill\u00e9e -","robots":{"index":"index","follow":"follow","max-snippet":"max-snippet:-1","max-image-preview":"max-image-preview:large","max-video-preview":"max-video-preview:-1"},"canonical":"https:\/\/lepoint-actu.tg\/index.php\/2025\/08\/01\/budgetisation-sensible-au-genre-la-region-de-la-kara-outillee\/","og_locale":"fr_FR","og_type":"article","og_title":"Budg\u00e9tisation sensible au genre\u00a0: la r\u00e9gion de la Kara outill\u00e9e -","og_description":"La question du genre reste capitale dans les politiques publiques et les communes de la r\u00e9gion de la Kara viennent","og_url":"https:\/\/lepoint-actu.tg\/index.php\/2025\/08\/01\/budgetisation-sensible-au-genre-la-region-de-la-kara-outillee\/","article_published_time":"2025-08-01T17:12:30+00:00","article_modified_time":"2025-08-02T11:15:04+00:00","og_image":[{"width":712,"height":318,"url":"https:\/\/lepoint-actu.tg\/wp-content\/uploads\/2025\/08\/Screenshot_20250801-163505.jpg","type":"image\/jpeg"}],"author":"La Redaction","twitter_card":"summary_large_image","twitter_misc":{"\u00c9crit par":"La Redaction","Dur\u00e9e de lecture estim\u00e9e":"2 minutes"},"schema":{"@context":"https:\/\/schema.org","@graph":[{"@type":"WebPage","@id":"https:\/\/lepoint-actu.tg\/index.php\/2025\/08\/01\/budgetisation-sensible-au-genre-la-region-de-la-kara-outillee\/","url":"https:\/\/lepoint-actu.tg\/index.php\/2025\/08\/01\/budgetisation-sensible-au-genre-la-region-de-la-kara-outillee\/","name":"Budg\u00e9tisation sensible au genre\u00a0: la r\u00e9gion de la Kara outill\u00e9e -","isPartOf":{"@id":"https:\/\/lepoint-actu.tg\/#website"},"primaryImageOfPage":{"@id":"https:\/\/lepoint-actu.tg\/index.php\/2025\/08\/01\/budgetisation-sensible-au-genre-la-region-de-la-kara-outillee\/#primaryimage"},"image":{"@id":"https:\/\/lepoint-actu.tg\/index.php\/2025\/08\/01\/budgetisation-sensible-au-genre-la-region-de-la-kara-outillee\/#primaryimage"},"thumbnailUrl":"https:\/\/lepoint-actu.tg\/wp-content\/uploads\/2025\/08\/Screenshot_20250801-163505.jpg","datePublished":"2025-08-01T17:12:30+00:00","dateModified":"2025-08-02T11:15:04+00:00","author":{"@id":"https:\/\/lepoint-actu.tg\/#\/schema\/person\/e4026d66cbdc205cab83e169ab7eaca1"},"breadcrumb":{"@id":"https:\/\/lepoint-actu.tg\/index.php\/2025\/08\/01\/budgetisation-sensible-au-genre-la-region-de-la-kara-outillee\/#breadcrumb"},"inLanguage":"fr-FR","potentialAction":[{"@type":"ReadAction","target":["https:\/\/lepoint-actu.tg\/index.php\/2025\/08\/01\/budgetisation-sensible-au-genre-la-region-de-la-kara-outillee\/"]}]},{"@type":"ImageObject","inLanguage":"fr-FR","@id":"https:\/\/lepoint-actu.tg\/index.php\/2025\/08\/01\/budgetisation-sensible-au-genre-la-region-de-la-kara-outillee\/#primaryimage","url":"https:\/\/lepoint-actu.tg\/wp-content\/uploads\/2025\/08\/Screenshot_20250801-163505.jpg","contentUrl":"https:\/\/lepoint-actu.tg\/wp-content\/uploads\/2025\/08\/Screenshot_20250801-163505.jpg","width":712,"height":318},{"@type":"BreadcrumbList","@id":"https:\/\/lepoint-actu.tg\/index.php\/2025\/08\/01\/budgetisation-sensible-au-genre-la-region-de-la-kara-outillee\/#breadcrumb","itemListElement":[{"@type":"ListItem","position":1,"name":"Accueil","item":"https:\/\/lepoint-actu.tg\/"},{"@type":"ListItem","position":2,"name":"Budg\u00e9tisation sensible au genre\u00a0: la r\u00e9gion de la Kara outill\u00e9e"}]},{"@type":"WebSite","@id":"https:\/\/lepoint-actu.tg\/#website","url":"https:\/\/lepoint-actu.tg\/","name":"","description":"R\u00e9c\u00e9piss\u00e9 N\u00b00022\/HAAC\/12-2020\/pL\/P, lepointactu07@gmail.com","potentialAction":[{"@type":"SearchAction","target":{"@type":"EntryPoint","urlTemplate":"https:\/\/lepoint-actu.tg\/?s={search_term_string}"},"query-input":{"@type":"PropertyValueSpecification","valueRequired":true,"valueName":"search_term_string"}}],"inLanguage":"fr-FR"},{"@type":"Person","@id":"https:\/\/lepoint-actu.tg\/#\/schema\/person\/e4026d66cbdc205cab83e169ab7eaca1","name":"La Redaction","image":{"@type":"ImageObject","inLanguage":"fr-FR","@id":"https:\/\/lepoint-actu.tg\/#\/schema\/person\/image\/","url":"https:\/\/secure.gravatar.com\/avatar\/1682a0ff7e2c36efa51c5d262eea092000ec1ce420118e6261440956730308c2?s=96&d=mm&r=g","contentUrl":"https:\/\/secure.gravatar.com\/avatar\/1682a0ff7e2c36efa51c5d262eea092000ec1ce420118e6261440956730308c2?s=96&d=mm&r=g","caption":"La Redaction"},"url":"https:\/\/lepoint-actu.tg\/index.php\/author\/raymondsama\/"}]}},"_links":{"self":[{"href":"https:\/\/lepoint-actu.tg\/index.php\/wp-json\/wp\/v2\/posts\/4459","targetHints":{"allow":["GET"]}}],"collection":[{"href":"https:\/\/lepoint-actu.tg\/index.php\/wp-json\/wp\/v2\/posts"}],"about":[{"href":"https:\/\/lepoint-actu.tg\/index.php\/wp-json\/wp\/v2\/types\/post"}],"author":[{"embeddable":true,"href":"https:\/\/lepoint-actu.tg\/index.php\/wp-json\/wp\/v2\/users\/2"}],"replies":[{"embeddable":true,"href":"https:\/\/lepoint-actu.tg\/index.php\/wp-json\/wp\/v2\/comments?post=4459"}],"version-history":[{"count":2,"href":"https:\/\/lepoint-actu.tg\/index.php\/wp-json\/wp\/v2\/posts\/4459\/revisions"}],"predecessor-version":[{"id":4466,"href":"https:\/\/lepoint-actu.tg\/index.php\/wp-json\/wp\/v2\/posts\/4459\/revisions\/4466"}],"wp:featuredmedia":[{"embeddable":true,"href":"https:\/\/lepoint-actu.tg\/index.php\/wp-json\/wp\/v2\/media\/4460"}],"wp:attachment":[{"href":"https:\/\/lepoint-actu.tg\/index.php\/wp-json\/wp\/v2\/media?parent=4459"}],"wp:term":[{"taxonomy":"category","embeddable":true,"href":"https:\/\/lepoint-actu.tg\/index.php\/wp-json\/wp\/v2\/categories?post=4459"},{"taxonomy":"post_tag","embeddable":true,"href":"https:\/\/lepoint-actu.tg\/index.php\/wp-json\/wp\/v2\/tags?post=4459"}],"curies":[{"name":"wp","href":"https:\/\/api.w.org\/{rel}","templated":true}]}}