{"id":4475,"date":"2025-08-08T12:39:19","date_gmt":"2025-08-08T12:39:19","guid":{"rendered":"https:\/\/lepoint-actu.tg\/?p=4475"},"modified":"2025-08-09T12:40:25","modified_gmt":"2025-08-09T12:40:25","slug":"odon-itsu-2025-en-attendant-lapotheose-ce-samedi-a-anie-la-mini-apotheose-avec-les-rites-sacres-de-la-nouvelle-igname-celebres-a-iwaha","status":"publish","type":"post","link":"https:\/\/lepoint-actu.tg\/index.php\/2025\/08\/08\/odon-itsu-2025-en-attendant-lapotheose-ce-samedi-a-anie-la-mini-apotheose-avec-les-rites-sacres-de-la-nouvelle-igname-celebres-a-iwaha\/","title":{"rendered":"Odon-Itsu 2025 : En attendant l&rsquo;apoth\u00e9ose ce samedi \u00e0 Ani\u00e9, la mini-apoth\u00e9ose avec les rites sacr\u00e9s de la nouvelle igname C\u00e9l\u00e9br\u00e9s \u00e0 Iwaha"},"content":{"rendered":"\n<p>Le respect \u00e0 chaque phase annuelle des rites traditionnels ancestraux signification de la communion entre la g\u00e9n\u00e9ration pr\u00e9sente et celle ancienne est une condition n\u00e9cessaire pour solenniser et consommer la nouvelle igname dans le Grand Ogou (c&rsquo;est-\u00e0-dire les pr\u00e9fectures de l&rsquo;Est-mono, d&rsquo;Ani\u00e9 et d&rsquo;Ogou).  L&rsquo;\u00e9dition 2025 se d\u00e9roule merveilleusement bien et avant l&rsquo;apoth\u00e9ose demain samedi 09 ao\u00fbt, \u00abIwaha\u00bb \u00e0 Atakpam\u00e9 (pr\u00e9fecture de l&rsquo;Ogou) a connu la touche sacr\u00e9e de l&rsquo;ann\u00e9e ce vendredi 08 Cette phase est et demeure bien \u00e9videmment une f\u00eate annuelle sous la d\u00e9nomination Odon-Itsu (c&rsquo;est-\u00e0-dire f\u00eate des ignames de mani\u00e8re litterale) dans le Grand Ogou (un regroupement des pr\u00e9fectures d&rsquo;Ani\u00e9, de l&rsquo;Est-mono et de l&rsquo;Ogou) dont l&rsquo;\u00e9dition 2025 <\/p>\n\n\n\n<figure class=\"wp-block-image\"><a href=\"https:\/\/togoreport.net\/wp-content\/uploads\/2025\/08\/img-20250808-wa0075.jpg\"><img decoding=\"async\" src=\"https:\/\/togoreport.net\/wp-content\/uploads\/2025\/08\/img-20250808-wa0075-1024x640.jpg\" alt=\"\" class=\"wp-image-26398\"\/><\/a><\/figure>\n\n\n\n<p>En pr\u00e9lude \u00e0 l\u2019apoth\u00e9ose pr\u00e9vue le samedi 9 ao\u00fbt 2025 \u00e0 Ani\u00e9, ces&nbsp;c\u00e9r\u00e9monies sacr\u00e9es&nbsp;se sont d\u00e9roul\u00e9es \u00e0 Iwaha, dans la pr\u00e9fecture de l\u2019Ogou.<\/p>\n\n\n\n<figure class=\"wp-block-image\"><a href=\"https:\/\/togoreport.net\/wp-content\/uploads\/2025\/08\/img-20250808-wa0076.jpg\"><img decoding=\"async\" src=\"https:\/\/togoreport.net\/wp-content\/uploads\/2025\/08\/img-20250808-wa0076-1024x640.jpg\" alt=\"\" class=\"wp-image-26396\"\/><\/a><\/figure>\n\n\n\n<p>Elles ont rassembl\u00e9 une assembl\u00e9e plurielle et respect\u00e9e : Gouverneur des Plateaux, Dadja Maganaw\u00e9, des d\u00e9put\u00e9s AMETODJI Michel, HODIN Ek\u00e9 Kokou, les pr\u00e9fet de l\u2019Ogou, Est-Mono et Ani\u00e9, autorit\u00e9s politiques, administratives et traditionnelles, repr\u00e9sentants militaires, cadres de la r\u00e9gion, fils et filles du Grand-Ogou, ainsi que les gardiens des traditions, pr\u00eatres et pr\u00eatresses vodou, initi\u00e9s et membres du comit\u00e9 d\u2019organisation.<\/p>\n\n\n\n<figure class=\"wp-block-image\"><a href=\"https:\/\/togoreport.net\/wp-content\/uploads\/2025\/08\/img-20250808-wa0083.jpg\"><img decoding=\"async\" src=\"https:\/\/togoreport.net\/wp-content\/uploads\/2025\/08\/img-20250808-wa0083-1024x640.jpg\" alt=\"\" class=\"wp-image-26404\"\/><\/a><\/figure>\n\n\n\n<p>Au c\u0153ur de ces pratiques :&nbsp;la d\u00e9dicace des pr\u00e9mices de l\u2019igname aux divinit\u00e9s.<\/p>\n\n\n\n<figure class=\"wp-block-image\"><a href=\"https:\/\/togoreport.net\/wp-content\/uploads\/2025\/08\/img-20250808-wa0077.jpg\"><img decoding=\"async\" src=\"https:\/\/togoreport.net\/wp-content\/uploads\/2025\/08\/img-20250808-wa0077-1024x640.jpg\" alt=\"\" class=\"wp-image-26399\"\/><\/a><\/figure>\n\n\n\n<p>Pour les initi\u00e9s, cet acte fondamental envers l\u2019invisible traduit une&nbsp;profonde reconnaissance&nbsp;envers les forces spirituelles.<\/p>\n\n\n\n<p>Il constitue surtout une&nbsp;requ\u00eate solennelle&nbsp;pour une saison agricole abondante et prosp\u00e8re l\u2019ann\u00e9e suivante, un rituel de f\u00e9condit\u00e9 et de gratitude.<\/p>\n\n\n\n<figure class=\"wp-block-image\"><a href=\"https:\/\/togoreport.net\/wp-content\/uploads\/2025\/08\/img-20250808-wa0069.jpg\"><img decoding=\"async\" src=\"https:\/\/togoreport.net\/wp-content\/uploads\/2025\/08\/img-20250808-wa0069-1024x640.jpg\" alt=\"\" class=\"wp-image-26403\"\/><\/a><\/figure>\n\n\n\n<p>Les pri\u00e8res et invocations ont \u00e9t\u00e9 centrales. Les participants ont&nbsp;implor\u00e9 Dieu Tout-Puissant, source de la pluie bienfaitrice permettant \u00e0 la terre de prodiguer les ressources vitales.<\/p>\n\n\n\n<figure class=\"wp-block-image\"><a href=\"https:\/\/togoreport.net\/wp-content\/uploads\/2025\/08\/img-20250808-wa0080.jpg\"><img decoding=\"async\" src=\"https:\/\/togoreport.net\/wp-content\/uploads\/2025\/08\/img-20250808-wa0080-1024x640.jpg\" alt=\"\" class=\"wp-image-26400\"\/><\/a><\/figure>\n\n\n\n<p>Des&nbsp;suppliques pour la paix, l\u2019unit\u00e9 nationale et le \u00ab&nbsp;vivre ensemble&nbsp;\u00bb&nbsp;entre tous les Togolais ont \u00e9t\u00e9 \u00e9lev\u00e9es.<\/p>\n\n\n\n<p>La c\u00e9r\u00e9monie a \u00e9galement \u00e9t\u00e9 l\u2019occasion d\u2019appeler la b\u00e9n\u00e9diction&nbsp;sur le Pr\u00e9sident du Conseil, Faure Essozimna Gnassingb\u00e9, sur les membres du Gouvernement, le Gouverneur de la R\u00e9gion des Plateaux et toutes les autorit\u00e9s du Grand-Ogou.<\/p>\n\n\n\n<figure class=\"wp-block-image\"><a href=\"https:\/\/togoreport.net\/wp-content\/uploads\/2025\/08\/img-20250808-wa0071.jpg\"><img decoding=\"async\" src=\"https:\/\/togoreport.net\/wp-content\/uploads\/2025\/08\/img-20250808-wa0071-1024x640.jpg\" alt=\"\" class=\"wp-image-26401\"\/><\/a><\/figure>\n\n\n\n<p>La dimension culturelle a brill\u00e9 gr\u00e2ce \u00e0 des&nbsp;prestations de danses traditionnelles&nbsp;ex\u00e9cut\u00e9es par les pr\u00eatres et pr\u00eatresses vodou, d\u00e9montrant un&nbsp;savoir-faire ancestral&nbsp;transmis de g\u00e9n\u00e9ration en g\u00e9n\u00e9ration.<\/p>\n\n\n\n<figure class=\"wp-block-image\"><a href=\"https:\/\/togoreport.net\/wp-content\/uploads\/2025\/08\/img-20250808-wa0070.jpg\"><img decoding=\"async\" src=\"https:\/\/togoreport.net\/wp-content\/uploads\/2025\/08\/img-20250808-wa0070-1024x640.jpg\" alt=\"\" class=\"wp-image-26402\"\/><\/a><\/figure>\n\n\n\n<p>Comme le veut la tradition, ce moment de d\u00e9votion et de c\u00e9l\u00e9bration collective s\u2019est conclu par l\u2019acte symbolique et attendu :&nbsp;la d\u00e9gustation solennelle de la nouvelle igname, d\u00e9sormais sanctifi\u00e9e et autoris\u00e9e \u00e0 la consommation pour toute la communaut\u00e9 du Grand-Ogou.<\/p>\n\n\n\n<p><strong><em>Nous contacter pour tous besoins aux (00228)90213091\/98866570<\/em><\/strong><\/p>\n","protected":false},"excerpt":{"rendered":"<p>Le respect \u00e0 chaque phase annuelle des rites traditionnels ancestraux signification de la communion entre la g\u00e9n\u00e9ration pr\u00e9sente et celle<\/p>\n","protected":false},"author":2,"featured_media":0,"comment_status":"open","ping_status":"closed","sticky":false,"template":"","format":"standard","meta":{"footnotes":""},"categories":[1],"tags":[],"class_list":["post-4475","post","type-post","status-publish","format-standard","hentry","category-societe"],"yoast_head":"<!-- This site is optimized with the Yoast SEO plugin v23.9 - https:\/\/yoast.com\/wordpress\/plugins\/seo\/ -->\n<title>Odon-Itsu 2025 : En attendant l&#039;apoth\u00e9ose ce samedi \u00e0 Ani\u00e9, la mini-apoth\u00e9ose avec les rites sacr\u00e9s de la nouvelle igname C\u00e9l\u00e9br\u00e9s \u00e0 Iwaha -<\/title>\n<meta name=\"robots\" content=\"index, follow, max-snippet:-1, max-image-preview:large, max-video-preview:-1\" \/>\n<link rel=\"canonical\" href=\"https:\/\/lepoint-actu.tg\/index.php\/2025\/08\/08\/odon-itsu-2025-en-attendant-lapotheose-ce-samedi-a-anie-la-mini-apotheose-avec-les-rites-sacres-de-la-nouvelle-igname-celebres-a-iwaha\/\" \/>\n<meta property=\"og:locale\" content=\"fr_FR\" \/>\n<meta property=\"og:type\" content=\"article\" \/>\n<meta property=\"og:title\" content=\"Odon-Itsu 2025 : En attendant l&#039;apoth\u00e9ose ce samedi \u00e0 Ani\u00e9, la mini-apoth\u00e9ose avec les rites sacr\u00e9s de la nouvelle igname C\u00e9l\u00e9br\u00e9s \u00e0 Iwaha -\" \/>\n<meta property=\"og:description\" content=\"Le respect \u00e0 chaque phase annuelle des rites traditionnels ancestraux signification de la communion entre la g\u00e9n\u00e9ration pr\u00e9sente et celle\" \/>\n<meta property=\"og:url\" content=\"https:\/\/lepoint-actu.tg\/index.php\/2025\/08\/08\/odon-itsu-2025-en-attendant-lapotheose-ce-samedi-a-anie-la-mini-apotheose-avec-les-rites-sacres-de-la-nouvelle-igname-celebres-a-iwaha\/\" \/>\n<meta property=\"article:published_time\" content=\"2025-08-08T12:39:19+00:00\" \/>\n<meta property=\"article:modified_time\" content=\"2025-08-09T12:40:25+00:00\" \/>\n<meta name=\"author\" content=\"La Redaction\" \/>\n<meta name=\"twitter:card\" content=\"summary_large_image\" \/>\n<meta name=\"twitter:label1\" content=\"\u00c9crit par\" \/>\n\t<meta name=\"twitter:data1\" content=\"La Redaction\" \/>\n\t<meta name=\"twitter:label2\" content=\"Dur\u00e9e de lecture estim\u00e9e\" \/>\n\t<meta name=\"twitter:data2\" content=\"4 minutes\" \/>\n<script type=\"application\/ld+json\" class=\"yoast-schema-graph\">{\"@context\":\"https:\/\/schema.org\",\"@graph\":[{\"@type\":\"WebPage\",\"@id\":\"https:\/\/lepoint-actu.tg\/index.php\/2025\/08\/08\/odon-itsu-2025-en-attendant-lapotheose-ce-samedi-a-anie-la-mini-apotheose-avec-les-rites-sacres-de-la-nouvelle-igname-celebres-a-iwaha\/\",\"url\":\"https:\/\/lepoint-actu.tg\/index.php\/2025\/08\/08\/odon-itsu-2025-en-attendant-lapotheose-ce-samedi-a-anie-la-mini-apotheose-avec-les-rites-sacres-de-la-nouvelle-igname-celebres-a-iwaha\/\",\"name\":\"Odon-Itsu 2025 : En attendant l'apoth\u00e9ose ce samedi \u00e0 Ani\u00e9, la mini-apoth\u00e9ose avec les rites sacr\u00e9s de la nouvelle igname C\u00e9l\u00e9br\u00e9s \u00e0 Iwaha -\",\"isPartOf\":{\"@id\":\"https:\/\/lepoint-actu.tg\/#website\"},\"primaryImageOfPage\":{\"@id\":\"https:\/\/lepoint-actu.tg\/index.php\/2025\/08\/08\/odon-itsu-2025-en-attendant-lapotheose-ce-samedi-a-anie-la-mini-apotheose-avec-les-rites-sacres-de-la-nouvelle-igname-celebres-a-iwaha\/#primaryimage\"},\"image\":{\"@id\":\"https:\/\/lepoint-actu.tg\/index.php\/2025\/08\/08\/odon-itsu-2025-en-attendant-lapotheose-ce-samedi-a-anie-la-mini-apotheose-avec-les-rites-sacres-de-la-nouvelle-igname-celebres-a-iwaha\/#primaryimage\"},\"thumbnailUrl\":\"https:\/\/togoreport.net\/wp-content\/uploads\/2025\/08\/img-20250808-wa0075-1024x640.jpg\",\"datePublished\":\"2025-08-08T12:39:19+00:00\",\"dateModified\":\"2025-08-09T12:40:25+00:00\",\"author\":{\"@id\":\"https:\/\/lepoint-actu.tg\/#\/schema\/person\/e4026d66cbdc205cab83e169ab7eaca1\"},\"breadcrumb\":{\"@id\":\"https:\/\/lepoint-actu.tg\/index.php\/2025\/08\/08\/odon-itsu-2025-en-attendant-lapotheose-ce-samedi-a-anie-la-mini-apotheose-avec-les-rites-sacres-de-la-nouvelle-igname-celebres-a-iwaha\/#breadcrumb\"},\"inLanguage\":\"fr-FR\",\"potentialAction\":[{\"@type\":\"ReadAction\",\"target\":[\"https:\/\/lepoint-actu.tg\/index.php\/2025\/08\/08\/odon-itsu-2025-en-attendant-lapotheose-ce-samedi-a-anie-la-mini-apotheose-avec-les-rites-sacres-de-la-nouvelle-igname-celebres-a-iwaha\/\"]}]},{\"@type\":\"ImageObject\",\"inLanguage\":\"fr-FR\",\"@id\":\"https:\/\/lepoint-actu.tg\/index.php\/2025\/08\/08\/odon-itsu-2025-en-attendant-lapotheose-ce-samedi-a-anie-la-mini-apotheose-avec-les-rites-sacres-de-la-nouvelle-igname-celebres-a-iwaha\/#primaryimage\",\"url\":\"https:\/\/togoreport.net\/wp-content\/uploads\/2025\/08\/img-20250808-wa0075-1024x640.jpg\",\"contentUrl\":\"https:\/\/togoreport.net\/wp-content\/uploads\/2025\/08\/img-20250808-wa0075-1024x640.jpg\"},{\"@type\":\"BreadcrumbList\",\"@id\":\"https:\/\/lepoint-actu.tg\/index.php\/2025\/08\/08\/odon-itsu-2025-en-attendant-lapotheose-ce-samedi-a-anie-la-mini-apotheose-avec-les-rites-sacres-de-la-nouvelle-igname-celebres-a-iwaha\/#breadcrumb\",\"itemListElement\":[{\"@type\":\"ListItem\",\"position\":1,\"name\":\"Accueil\",\"item\":\"https:\/\/lepoint-actu.tg\/\"},{\"@type\":\"ListItem\",\"position\":2,\"name\":\"Odon-Itsu 2025 : En attendant l&rsquo;apoth\u00e9ose ce samedi \u00e0 Ani\u00e9, la mini-apoth\u00e9ose avec les rites sacr\u00e9s de la nouvelle igname C\u00e9l\u00e9br\u00e9s \u00e0 Iwaha\"}]},{\"@type\":\"WebSite\",\"@id\":\"https:\/\/lepoint-actu.tg\/#website\",\"url\":\"https:\/\/lepoint-actu.tg\/\",\"name\":\"\",\"description\":\"R\u00e9c\u00e9piss\u00e9 N\u00b00022\/HAAC\/12-2020\/pL\/P, lepointactu07@gmail.com\",\"potentialAction\":[{\"@type\":\"SearchAction\",\"target\":{\"@type\":\"EntryPoint\",\"urlTemplate\":\"https:\/\/lepoint-actu.tg\/?s={search_term_string}\"},\"query-input\":{\"@type\":\"PropertyValueSpecification\",\"valueRequired\":true,\"valueName\":\"search_term_string\"}}],\"inLanguage\":\"fr-FR\"},{\"@type\":\"Person\",\"@id\":\"https:\/\/lepoint-actu.tg\/#\/schema\/person\/e4026d66cbdc205cab83e169ab7eaca1\",\"name\":\"La Redaction\",\"image\":{\"@type\":\"ImageObject\",\"inLanguage\":\"fr-FR\",\"@id\":\"https:\/\/lepoint-actu.tg\/#\/schema\/person\/image\/\",\"url\":\"https:\/\/secure.gravatar.com\/avatar\/1682a0ff7e2c36efa51c5d262eea092000ec1ce420118e6261440956730308c2?s=96&d=mm&r=g\",\"contentUrl\":\"https:\/\/secure.gravatar.com\/avatar\/1682a0ff7e2c36efa51c5d262eea092000ec1ce420118e6261440956730308c2?s=96&d=mm&r=g\",\"caption\":\"La Redaction\"},\"url\":\"https:\/\/lepoint-actu.tg\/index.php\/author\/raymondsama\/\"}]}<\/script>\n<!-- \/ Yoast SEO plugin. -->","yoast_head_json":{"title":"Odon-Itsu 2025 : En attendant l'apoth\u00e9ose ce samedi \u00e0 Ani\u00e9, la mini-apoth\u00e9ose avec les rites sacr\u00e9s de la nouvelle igname C\u00e9l\u00e9br\u00e9s \u00e0 Iwaha -","robots":{"index":"index","follow":"follow","max-snippet":"max-snippet:-1","max-image-preview":"max-image-preview:large","max-video-preview":"max-video-preview:-1"},"canonical":"https:\/\/lepoint-actu.tg\/index.php\/2025\/08\/08\/odon-itsu-2025-en-attendant-lapotheose-ce-samedi-a-anie-la-mini-apotheose-avec-les-rites-sacres-de-la-nouvelle-igname-celebres-a-iwaha\/","og_locale":"fr_FR","og_type":"article","og_title":"Odon-Itsu 2025 : En attendant l'apoth\u00e9ose ce samedi \u00e0 Ani\u00e9, la mini-apoth\u00e9ose avec les rites sacr\u00e9s de la nouvelle igname C\u00e9l\u00e9br\u00e9s \u00e0 Iwaha -","og_description":"Le respect \u00e0 chaque phase annuelle des rites traditionnels ancestraux signification de la communion entre la g\u00e9n\u00e9ration pr\u00e9sente et celle","og_url":"https:\/\/lepoint-actu.tg\/index.php\/2025\/08\/08\/odon-itsu-2025-en-attendant-lapotheose-ce-samedi-a-anie-la-mini-apotheose-avec-les-rites-sacres-de-la-nouvelle-igname-celebres-a-iwaha\/","article_published_time":"2025-08-08T12:39:19+00:00","article_modified_time":"2025-08-09T12:40:25+00:00","author":"La Redaction","twitter_card":"summary_large_image","twitter_misc":{"\u00c9crit par":"La Redaction","Dur\u00e9e de lecture estim\u00e9e":"4 minutes"},"schema":{"@context":"https:\/\/schema.org","@graph":[{"@type":"WebPage","@id":"https:\/\/lepoint-actu.tg\/index.php\/2025\/08\/08\/odon-itsu-2025-en-attendant-lapotheose-ce-samedi-a-anie-la-mini-apotheose-avec-les-rites-sacres-de-la-nouvelle-igname-celebres-a-iwaha\/","url":"https:\/\/lepoint-actu.tg\/index.php\/2025\/08\/08\/odon-itsu-2025-en-attendant-lapotheose-ce-samedi-a-anie-la-mini-apotheose-avec-les-rites-sacres-de-la-nouvelle-igname-celebres-a-iwaha\/","name":"Odon-Itsu 2025 : En attendant l'apoth\u00e9ose ce samedi \u00e0 Ani\u00e9, la mini-apoth\u00e9ose avec les rites sacr\u00e9s de la nouvelle igname C\u00e9l\u00e9br\u00e9s \u00e0 Iwaha -","isPartOf":{"@id":"https:\/\/lepoint-actu.tg\/#website"},"primaryImageOfPage":{"@id":"https:\/\/lepoint-actu.tg\/index.php\/2025\/08\/08\/odon-itsu-2025-en-attendant-lapotheose-ce-samedi-a-anie-la-mini-apotheose-avec-les-rites-sacres-de-la-nouvelle-igname-celebres-a-iwaha\/#primaryimage"},"image":{"@id":"https:\/\/lepoint-actu.tg\/index.php\/2025\/08\/08\/odon-itsu-2025-en-attendant-lapotheose-ce-samedi-a-anie-la-mini-apotheose-avec-les-rites-sacres-de-la-nouvelle-igname-celebres-a-iwaha\/#primaryimage"},"thumbnailUrl":"https:\/\/togoreport.net\/wp-content\/uploads\/2025\/08\/img-20250808-wa0075-1024x640.jpg","datePublished":"2025-08-08T12:39:19+00:00","dateModified":"2025-08-09T12:40:25+00:00","author":{"@id":"https:\/\/lepoint-actu.tg\/#\/schema\/person\/e4026d66cbdc205cab83e169ab7eaca1"},"breadcrumb":{"@id":"https:\/\/lepoint-actu.tg\/index.php\/2025\/08\/08\/odon-itsu-2025-en-attendant-lapotheose-ce-samedi-a-anie-la-mini-apotheose-avec-les-rites-sacres-de-la-nouvelle-igname-celebres-a-iwaha\/#breadcrumb"},"inLanguage":"fr-FR","potentialAction":[{"@type":"ReadAction","target":["https:\/\/lepoint-actu.tg\/index.php\/2025\/08\/08\/odon-itsu-2025-en-attendant-lapotheose-ce-samedi-a-anie-la-mini-apotheose-avec-les-rites-sacres-de-la-nouvelle-igname-celebres-a-iwaha\/"]}]},{"@type":"ImageObject","inLanguage":"fr-FR","@id":"https:\/\/lepoint-actu.tg\/index.php\/2025\/08\/08\/odon-itsu-2025-en-attendant-lapotheose-ce-samedi-a-anie-la-mini-apotheose-avec-les-rites-sacres-de-la-nouvelle-igname-celebres-a-iwaha\/#primaryimage","url":"https:\/\/togoreport.net\/wp-content\/uploads\/2025\/08\/img-20250808-wa0075-1024x640.jpg","contentUrl":"https:\/\/togoreport.net\/wp-content\/uploads\/2025\/08\/img-20250808-wa0075-1024x640.jpg"},{"@type":"BreadcrumbList","@id":"https:\/\/lepoint-actu.tg\/index.php\/2025\/08\/08\/odon-itsu-2025-en-attendant-lapotheose-ce-samedi-a-anie-la-mini-apotheose-avec-les-rites-sacres-de-la-nouvelle-igname-celebres-a-iwaha\/#breadcrumb","itemListElement":[{"@type":"ListItem","position":1,"name":"Accueil","item":"https:\/\/lepoint-actu.tg\/"},{"@type":"ListItem","position":2,"name":"Odon-Itsu 2025 : En attendant l&rsquo;apoth\u00e9ose ce samedi \u00e0 Ani\u00e9, la mini-apoth\u00e9ose avec les rites sacr\u00e9s de la nouvelle igname C\u00e9l\u00e9br\u00e9s \u00e0 Iwaha"}]},{"@type":"WebSite","@id":"https:\/\/lepoint-actu.tg\/#website","url":"https:\/\/lepoint-actu.tg\/","name":"","description":"R\u00e9c\u00e9piss\u00e9 N\u00b00022\/HAAC\/12-2020\/pL\/P, lepointactu07@gmail.com","potentialAction":[{"@type":"SearchAction","target":{"@type":"EntryPoint","urlTemplate":"https:\/\/lepoint-actu.tg\/?s={search_term_string}"},"query-input":{"@type":"PropertyValueSpecification","valueRequired":true,"valueName":"search_term_string"}}],"inLanguage":"fr-FR"},{"@type":"Person","@id":"https:\/\/lepoint-actu.tg\/#\/schema\/person\/e4026d66cbdc205cab83e169ab7eaca1","name":"La Redaction","image":{"@type":"ImageObject","inLanguage":"fr-FR","@id":"https:\/\/lepoint-actu.tg\/#\/schema\/person\/image\/","url":"https:\/\/secure.gravatar.com\/avatar\/1682a0ff7e2c36efa51c5d262eea092000ec1ce420118e6261440956730308c2?s=96&d=mm&r=g","contentUrl":"https:\/\/secure.gravatar.com\/avatar\/1682a0ff7e2c36efa51c5d262eea092000ec1ce420118e6261440956730308c2?s=96&d=mm&r=g","caption":"La Redaction"},"url":"https:\/\/lepoint-actu.tg\/index.php\/author\/raymondsama\/"}]}},"_links":{"self":[{"href":"https:\/\/lepoint-actu.tg\/index.php\/wp-json\/wp\/v2\/posts\/4475","targetHints":{"allow":["GET"]}}],"collection":[{"href":"https:\/\/lepoint-actu.tg\/index.php\/wp-json\/wp\/v2\/posts"}],"about":[{"href":"https:\/\/lepoint-actu.tg\/index.php\/wp-json\/wp\/v2\/types\/post"}],"author":[{"embeddable":true,"href":"https:\/\/lepoint-actu.tg\/index.php\/wp-json\/wp\/v2\/users\/2"}],"replies":[{"embeddable":true,"href":"https:\/\/lepoint-actu.tg\/index.php\/wp-json\/wp\/v2\/comments?post=4475"}],"version-history":[{"count":1,"href":"https:\/\/lepoint-actu.tg\/index.php\/wp-json\/wp\/v2\/posts\/4475\/revisions"}],"predecessor-version":[{"id":4491,"href":"https:\/\/lepoint-actu.tg\/index.php\/wp-json\/wp\/v2\/posts\/4475\/revisions\/4491"}],"wp:attachment":[{"href":"https:\/\/lepoint-actu.tg\/index.php\/wp-json\/wp\/v2\/media?parent=4475"}],"wp:term":[{"taxonomy":"category","embeddable":true,"href":"https:\/\/lepoint-actu.tg\/index.php\/wp-json\/wp\/v2\/categories?post=4475"},{"taxonomy":"post_tag","embeddable":true,"href":"https:\/\/lepoint-actu.tg\/index.php\/wp-json\/wp\/v2\/tags?post=4475"}],"curies":[{"name":"wp","href":"https:\/\/api.w.org\/{rel}","templated":true}]}}