{"id":4578,"date":"2025-09-30T15:05:26","date_gmt":"2025-09-30T15:05:26","guid":{"rendered":"https:\/\/lepoint-actu.tg\/?p=4578"},"modified":"2025-09-30T16:49:52","modified_gmt":"2025-09-30T16:49:52","slug":"universite-de-kara-la-presidente-houzou-mouzou-deja-sur-le-chantier-de-transformation-academique","status":"publish","type":"post","link":"https:\/\/lepoint-actu.tg\/index.php\/2025\/09\/30\/universite-de-kara-la-presidente-houzou-mouzou-deja-sur-le-chantier-de-transformation-academique\/","title":{"rendered":"Universit\u00e9 de Kara :La Pr\u00e9sidente HOUZOU-MOUZOU d\u00e9j\u00e0 sur le chantier de transformation acad\u00e9mique"},"content":{"rendered":"\n<p><br>\u00c0 peine investie, la nouvelle Pr\u00e9sidente de l\u2019Universit\u00e9 de Kara, Professeure Pr\u00e9nam HOUZOU-MOUZOU, imprime d\u00e9j\u00e0 sa marque. <\/p>\n\n\n\n<figure class=\"wp-block-image size-full\"><img loading=\"lazy\" decoding=\"async\" width=\"623\" height=\"404\" src=\"https:\/\/lepoint-actu.tg\/wp-content\/uploads\/2025\/09\/1000861081.jpg\" alt=\"\" class=\"wp-image-4586\" srcset=\"https:\/\/lepoint-actu.tg\/wp-content\/uploads\/2025\/09\/1000861081.jpg 623w, https:\/\/lepoint-actu.tg\/wp-content\/uploads\/2025\/09\/1000861081-300x195.jpg 300w\" sizes=\"auto, (max-width: 623px) 100vw, 623px\" \/><\/figure>\n\n\n\n<p>En t\u00eate d\u2019une d\u00e9l\u00e9gation officielle, elle a effectu\u00e9, le 25 septembre dernier, une visite de terrain sur le chantier de construction du nouveau campus universitaire, marquant ainsi l\u2019une de ses premi\u00e8res actions majeures depuis sa prise de fonction.<\/p>\n\n\n\n<figure class=\"wp-block-image size-full\"><img loading=\"lazy\" decoding=\"async\" width=\"679\" height=\"402\" src=\"https:\/\/lepoint-actu.tg\/wp-content\/uploads\/2025\/09\/1000861084.jpg\" alt=\"\" class=\"wp-image-4580\" srcset=\"https:\/\/lepoint-actu.tg\/wp-content\/uploads\/2025\/09\/1000861084.jpg 679w, https:\/\/lepoint-actu.tg\/wp-content\/uploads\/2025\/09\/1000861084-300x178.jpg 300w\" sizes=\"auto, (max-width: 679px) 100vw, 679px\" \/><\/figure>\n\n\n\n<p><br>Aux c\u00f4t\u00e9s de Mme Ama Dzifa GAMETI, Directrice de cabinet du Minist\u00e8re de l\u2019Enseignement Sup\u00e9rieur et de la Recherche, la Pr\u00e9sidente a inspect\u00e9 les infrastructures en cours d\u2019\u00e9l\u00e9vation, t\u00e9moignant d\u2019un engagement concret pour le suivi rigoureux des travaux. Cette visite s\u2019inscrit dans une dynamique de transparence et de responsabilit\u00e9, visant \u00e0 garantir que les engagements techniques et calendaires soient respect\u00e9s.<\/p>\n\n\n\n<p>Une inspection minutieuse et strat\u00e9gique<br>Le comit\u00e9 de suivi des travaux, mobilis\u00e9 pour l\u2019occasion, a pass\u00e9 en revue les diff\u00e9rentes \u00e9tapes du chantier. Les repr\u00e9sentants de l\u2019entreprise Envol Partenariats Togo ont pr\u00e9sent\u00e9 les avanc\u00e9es, plans \u00e0 l\u2019appui, et d\u00e9taill\u00e9 les ajustements op\u00e9r\u00e9s suite aux recommandations pr\u00e9c\u00e9dentes. Fondations pos\u00e9es, murs en \u00e9l\u00e9vation, d\u00e9lais tenus : les signaux sont au vert.<br>La d\u00e9l\u00e9gation n\u2019a laiss\u00e9 aucun d\u00e9tail au hasard. Mat\u00e9riaux, m\u00e9thodes, \u00e9ch\u00e9ances : tout a \u00e9t\u00e9 scrut\u00e9 avec rigueur. Cette approche t\u00e9moigne d\u2019une volont\u00e9 de b\u00e2tir une universit\u00e9 moderne, fonctionnelle et adapt\u00e9e aux ambitions acad\u00e9miques du pays.<\/p>\n\n\n\n<figure class=\"wp-block-image size-full\"><img loading=\"lazy\" decoding=\"async\" width=\"720\" height=\"401\" src=\"https:\/\/lepoint-actu.tg\/wp-content\/uploads\/2025\/09\/1000861108.jpg\" alt=\"\" class=\"wp-image-4581\" srcset=\"https:\/\/lepoint-actu.tg\/wp-content\/uploads\/2025\/09\/1000861108.jpg 720w, https:\/\/lepoint-actu.tg\/wp-content\/uploads\/2025\/09\/1000861108-300x167.jpg 300w\" sizes=\"auto, (max-width: 720px) 100vw, 720px\" \/><\/figure>\n\n\n\n<p>Une vision claire pour l\u2019avenir acad\u00e9mique<br>\u00ab Dans l&rsquo;ensemble, c&rsquo;est une satisfaction globale \u00bb, a confi\u00e9 la Pr\u00e9sidente, le regard tourn\u00e9 vers les structures en construction. Elle a exprim\u00e9 son souhait de voir les cours d\u00e9buter dans les nouvelles infrastructures d\u00e8s les prochaines semaines, notamment pour la Facult\u00e9 des Sciences de la Sant\u00e9, l\u2019Institut Sup\u00e9rieur des M\u00e9tiers de l\u2019Audiovisuel (ISMA), et l\u2019Institut Polytechnique et de l\u2019Innovation.<br>Ce chantier, dont la r\u00e9ception est pr\u00e9vue pour fin octobre, augure une rentr\u00e9e acad\u00e9mique sous de meilleurs auspices. Il symbolise aussi le changement de cadre pour l\u2019Universit\u00e9 de Kara, appel\u00e9e \u00e0 devenir un p\u00f4le d\u2019excellence dans le septentrion togolais.<\/p>\n\n\n\n<figure class=\"wp-block-image size-full\"><img loading=\"lazy\" decoding=\"async\" width=\"693\" height=\"817\" src=\"https:\/\/lepoint-actu.tg\/wp-content\/uploads\/2025\/09\/1000861116.jpg\" alt=\"\" class=\"wp-image-4582\" srcset=\"https:\/\/lepoint-actu.tg\/wp-content\/uploads\/2025\/09\/1000861116.jpg 693w, https:\/\/lepoint-actu.tg\/wp-content\/uploads\/2025\/09\/1000861116-254x300.jpg 254w\" sizes=\"auto, (max-width: 693px) 100vw, 693px\" \/><\/figure>\n\n\n\n<p><strong>Une pr\u00e9sidence qui commence sous le signe de l\u2019action<\/strong><br>Cette visite n\u2019est pas qu\u2019un simple contr\u00f4le technique. Elle incarne une posture de leadership, de proximit\u00e9 et de mobilisation. En choisissant de se rendre sur le terrain d\u00e8s les premiers jours de son mandat, la Pr\u00e9sidente Pr\u00e9nam HOUZOU-MOUZOU affirme sa volont\u00e9 de piloter une universit\u00e9 tourn\u00e9e vers l\u2019innovation, la rigueur et la r\u00e9ussite.<br>L\u2019Universit\u00e9 de Kara entre ainsi dans une nouvelle \u00e8re, port\u00e9e par une gouvernance proactive et une vision ambitieuse de l\u2019enseignement sup\u00e9rieur.<br><strong><em>Avec TOGOREVEIL <\/em><\/strong><\/p>\n","protected":false},"excerpt":{"rendered":"<p>\u00c0 peine investie, la nouvelle Pr\u00e9sidente de l\u2019Universit\u00e9 de Kara, Professeure Pr\u00e9nam HOUZOU-MOUZOU, imprime d\u00e9j\u00e0 sa marque. En t\u00eate d\u2019une<\/p>\n","protected":false},"author":2,"featured_media":4584,"comment_status":"open","ping_status":"closed","sticky":false,"template":"","format":"standard","meta":{"footnotes":""},"categories":[1],"tags":[],"class_list":["post-4578","post","type-post","status-publish","format-standard","has-post-thumbnail","hentry","category-societe"],"yoast_head":"<!-- This site is optimized with the Yoast SEO plugin v23.9 - https:\/\/yoast.com\/wordpress\/plugins\/seo\/ -->\n<title>Universit\u00e9 de Kara :La Pr\u00e9sidente HOUZOU-MOUZOU d\u00e9j\u00e0 sur le chantier de transformation acad\u00e9mique -<\/title>\n<meta name=\"robots\" content=\"index, follow, max-snippet:-1, max-image-preview:large, max-video-preview:-1\" \/>\n<link rel=\"canonical\" href=\"https:\/\/lepoint-actu.tg\/index.php\/2025\/09\/30\/universite-de-kara-la-presidente-houzou-mouzou-deja-sur-le-chantier-de-transformation-academique\/\" \/>\n<meta property=\"og:locale\" content=\"fr_FR\" \/>\n<meta property=\"og:type\" content=\"article\" \/>\n<meta property=\"og:title\" content=\"Universit\u00e9 de Kara :La Pr\u00e9sidente HOUZOU-MOUZOU d\u00e9j\u00e0 sur le chantier de transformation acad\u00e9mique -\" \/>\n<meta property=\"og:description\" content=\"\u00c0 peine investie, la nouvelle Pr\u00e9sidente de l\u2019Universit\u00e9 de Kara, Professeure Pr\u00e9nam HOUZOU-MOUZOU, imprime d\u00e9j\u00e0 sa marque. En t\u00eate d\u2019une\" \/>\n<meta property=\"og:url\" content=\"https:\/\/lepoint-actu.tg\/index.php\/2025\/09\/30\/universite-de-kara-la-presidente-houzou-mouzou-deja-sur-le-chantier-de-transformation-academique\/\" \/>\n<meta property=\"article:published_time\" content=\"2025-09-30T15:05:26+00:00\" \/>\n<meta property=\"article:modified_time\" content=\"2025-09-30T16:49:52+00:00\" \/>\n<meta property=\"og:image\" content=\"https:\/\/lepoint-actu.tg\/wp-content\/uploads\/2025\/09\/Screenshot_20250930-164322.jpg\" \/>\n\t<meta property=\"og:image:width\" content=\"707\" \/>\n\t<meta property=\"og:image:height\" content=\"387\" \/>\n\t<meta property=\"og:image:type\" content=\"image\/jpeg\" \/>\n<meta name=\"author\" content=\"La Redaction\" \/>\n<meta name=\"twitter:card\" content=\"summary_large_image\" \/>\n<meta name=\"twitter:label1\" content=\"\u00c9crit par\" \/>\n\t<meta name=\"twitter:data1\" content=\"La Redaction\" \/>\n\t<meta name=\"twitter:label2\" content=\"Dur\u00e9e de lecture estim\u00e9e\" \/>\n\t<meta name=\"twitter:data2\" content=\"4 minutes\" \/>\n<script type=\"application\/ld+json\" class=\"yoast-schema-graph\">{\"@context\":\"https:\/\/schema.org\",\"@graph\":[{\"@type\":\"WebPage\",\"@id\":\"https:\/\/lepoint-actu.tg\/index.php\/2025\/09\/30\/universite-de-kara-la-presidente-houzou-mouzou-deja-sur-le-chantier-de-transformation-academique\/\",\"url\":\"https:\/\/lepoint-actu.tg\/index.php\/2025\/09\/30\/universite-de-kara-la-presidente-houzou-mouzou-deja-sur-le-chantier-de-transformation-academique\/\",\"name\":\"Universit\u00e9 de Kara :La Pr\u00e9sidente HOUZOU-MOUZOU d\u00e9j\u00e0 sur le chantier de transformation acad\u00e9mique -\",\"isPartOf\":{\"@id\":\"https:\/\/lepoint-actu.tg\/#website\"},\"primaryImageOfPage\":{\"@id\":\"https:\/\/lepoint-actu.tg\/index.php\/2025\/09\/30\/universite-de-kara-la-presidente-houzou-mouzou-deja-sur-le-chantier-de-transformation-academique\/#primaryimage\"},\"image\":{\"@id\":\"https:\/\/lepoint-actu.tg\/index.php\/2025\/09\/30\/universite-de-kara-la-presidente-houzou-mouzou-deja-sur-le-chantier-de-transformation-academique\/#primaryimage\"},\"thumbnailUrl\":\"https:\/\/lepoint-actu.tg\/wp-content\/uploads\/2025\/09\/Screenshot_20250930-164322.jpg\",\"datePublished\":\"2025-09-30T15:05:26+00:00\",\"dateModified\":\"2025-09-30T16:49:52+00:00\",\"author\":{\"@id\":\"https:\/\/lepoint-actu.tg\/#\/schema\/person\/e4026d66cbdc205cab83e169ab7eaca1\"},\"breadcrumb\":{\"@id\":\"https:\/\/lepoint-actu.tg\/index.php\/2025\/09\/30\/universite-de-kara-la-presidente-houzou-mouzou-deja-sur-le-chantier-de-transformation-academique\/#breadcrumb\"},\"inLanguage\":\"fr-FR\",\"potentialAction\":[{\"@type\":\"ReadAction\",\"target\":[\"https:\/\/lepoint-actu.tg\/index.php\/2025\/09\/30\/universite-de-kara-la-presidente-houzou-mouzou-deja-sur-le-chantier-de-transformation-academique\/\"]}]},{\"@type\":\"ImageObject\",\"inLanguage\":\"fr-FR\",\"@id\":\"https:\/\/lepoint-actu.tg\/index.php\/2025\/09\/30\/universite-de-kara-la-presidente-houzou-mouzou-deja-sur-le-chantier-de-transformation-academique\/#primaryimage\",\"url\":\"https:\/\/lepoint-actu.tg\/wp-content\/uploads\/2025\/09\/Screenshot_20250930-164322.jpg\",\"contentUrl\":\"https:\/\/lepoint-actu.tg\/wp-content\/uploads\/2025\/09\/Screenshot_20250930-164322.jpg\",\"width\":707,\"height\":387},{\"@type\":\"BreadcrumbList\",\"@id\":\"https:\/\/lepoint-actu.tg\/index.php\/2025\/09\/30\/universite-de-kara-la-presidente-houzou-mouzou-deja-sur-le-chantier-de-transformation-academique\/#breadcrumb\",\"itemListElement\":[{\"@type\":\"ListItem\",\"position\":1,\"name\":\"Accueil\",\"item\":\"https:\/\/lepoint-actu.tg\/\"},{\"@type\":\"ListItem\",\"position\":2,\"name\":\"Universit\u00e9 de Kara :La Pr\u00e9sidente HOUZOU-MOUZOU d\u00e9j\u00e0 sur le chantier de transformation acad\u00e9mique\"}]},{\"@type\":\"WebSite\",\"@id\":\"https:\/\/lepoint-actu.tg\/#website\",\"url\":\"https:\/\/lepoint-actu.tg\/\",\"name\":\"\",\"description\":\"R\u00e9c\u00e9piss\u00e9 N\u00b00022\/HAAC\/12-2020\/pL\/P, lepointactu07@gmail.com\",\"potentialAction\":[{\"@type\":\"SearchAction\",\"target\":{\"@type\":\"EntryPoint\",\"urlTemplate\":\"https:\/\/lepoint-actu.tg\/?s={search_term_string}\"},\"query-input\":{\"@type\":\"PropertyValueSpecification\",\"valueRequired\":true,\"valueName\":\"search_term_string\"}}],\"inLanguage\":\"fr-FR\"},{\"@type\":\"Person\",\"@id\":\"https:\/\/lepoint-actu.tg\/#\/schema\/person\/e4026d66cbdc205cab83e169ab7eaca1\",\"name\":\"La Redaction\",\"image\":{\"@type\":\"ImageObject\",\"inLanguage\":\"fr-FR\",\"@id\":\"https:\/\/lepoint-actu.tg\/#\/schema\/person\/image\/\",\"url\":\"https:\/\/secure.gravatar.com\/avatar\/1682a0ff7e2c36efa51c5d262eea092000ec1ce420118e6261440956730308c2?s=96&d=mm&r=g\",\"contentUrl\":\"https:\/\/secure.gravatar.com\/avatar\/1682a0ff7e2c36efa51c5d262eea092000ec1ce420118e6261440956730308c2?s=96&d=mm&r=g\",\"caption\":\"La Redaction\"},\"url\":\"https:\/\/lepoint-actu.tg\/index.php\/author\/raymondsama\/\"}]}<\/script>\n<!-- \/ Yoast SEO plugin. -->","yoast_head_json":{"title":"Universit\u00e9 de Kara :La Pr\u00e9sidente HOUZOU-MOUZOU d\u00e9j\u00e0 sur le chantier de transformation acad\u00e9mique -","robots":{"index":"index","follow":"follow","max-snippet":"max-snippet:-1","max-image-preview":"max-image-preview:large","max-video-preview":"max-video-preview:-1"},"canonical":"https:\/\/lepoint-actu.tg\/index.php\/2025\/09\/30\/universite-de-kara-la-presidente-houzou-mouzou-deja-sur-le-chantier-de-transformation-academique\/","og_locale":"fr_FR","og_type":"article","og_title":"Universit\u00e9 de Kara :La Pr\u00e9sidente HOUZOU-MOUZOU d\u00e9j\u00e0 sur le chantier de transformation acad\u00e9mique -","og_description":"\u00c0 peine investie, la nouvelle Pr\u00e9sidente de l\u2019Universit\u00e9 de Kara, Professeure Pr\u00e9nam HOUZOU-MOUZOU, imprime d\u00e9j\u00e0 sa marque. En t\u00eate d\u2019une","og_url":"https:\/\/lepoint-actu.tg\/index.php\/2025\/09\/30\/universite-de-kara-la-presidente-houzou-mouzou-deja-sur-le-chantier-de-transformation-academique\/","article_published_time":"2025-09-30T15:05:26+00:00","article_modified_time":"2025-09-30T16:49:52+00:00","og_image":[{"width":707,"height":387,"url":"https:\/\/lepoint-actu.tg\/wp-content\/uploads\/2025\/09\/Screenshot_20250930-164322.jpg","type":"image\/jpeg"}],"author":"La Redaction","twitter_card":"summary_large_image","twitter_misc":{"\u00c9crit par":"La Redaction","Dur\u00e9e de lecture estim\u00e9e":"4 minutes"},"schema":{"@context":"https:\/\/schema.org","@graph":[{"@type":"WebPage","@id":"https:\/\/lepoint-actu.tg\/index.php\/2025\/09\/30\/universite-de-kara-la-presidente-houzou-mouzou-deja-sur-le-chantier-de-transformation-academique\/","url":"https:\/\/lepoint-actu.tg\/index.php\/2025\/09\/30\/universite-de-kara-la-presidente-houzou-mouzou-deja-sur-le-chantier-de-transformation-academique\/","name":"Universit\u00e9 de Kara :La Pr\u00e9sidente HOUZOU-MOUZOU d\u00e9j\u00e0 sur le chantier de transformation acad\u00e9mique -","isPartOf":{"@id":"https:\/\/lepoint-actu.tg\/#website"},"primaryImageOfPage":{"@id":"https:\/\/lepoint-actu.tg\/index.php\/2025\/09\/30\/universite-de-kara-la-presidente-houzou-mouzou-deja-sur-le-chantier-de-transformation-academique\/#primaryimage"},"image":{"@id":"https:\/\/lepoint-actu.tg\/index.php\/2025\/09\/30\/universite-de-kara-la-presidente-houzou-mouzou-deja-sur-le-chantier-de-transformation-academique\/#primaryimage"},"thumbnailUrl":"https:\/\/lepoint-actu.tg\/wp-content\/uploads\/2025\/09\/Screenshot_20250930-164322.jpg","datePublished":"2025-09-30T15:05:26+00:00","dateModified":"2025-09-30T16:49:52+00:00","author":{"@id":"https:\/\/lepoint-actu.tg\/#\/schema\/person\/e4026d66cbdc205cab83e169ab7eaca1"},"breadcrumb":{"@id":"https:\/\/lepoint-actu.tg\/index.php\/2025\/09\/30\/universite-de-kara-la-presidente-houzou-mouzou-deja-sur-le-chantier-de-transformation-academique\/#breadcrumb"},"inLanguage":"fr-FR","potentialAction":[{"@type":"ReadAction","target":["https:\/\/lepoint-actu.tg\/index.php\/2025\/09\/30\/universite-de-kara-la-presidente-houzou-mouzou-deja-sur-le-chantier-de-transformation-academique\/"]}]},{"@type":"ImageObject","inLanguage":"fr-FR","@id":"https:\/\/lepoint-actu.tg\/index.php\/2025\/09\/30\/universite-de-kara-la-presidente-houzou-mouzou-deja-sur-le-chantier-de-transformation-academique\/#primaryimage","url":"https:\/\/lepoint-actu.tg\/wp-content\/uploads\/2025\/09\/Screenshot_20250930-164322.jpg","contentUrl":"https:\/\/lepoint-actu.tg\/wp-content\/uploads\/2025\/09\/Screenshot_20250930-164322.jpg","width":707,"height":387},{"@type":"BreadcrumbList","@id":"https:\/\/lepoint-actu.tg\/index.php\/2025\/09\/30\/universite-de-kara-la-presidente-houzou-mouzou-deja-sur-le-chantier-de-transformation-academique\/#breadcrumb","itemListElement":[{"@type":"ListItem","position":1,"name":"Accueil","item":"https:\/\/lepoint-actu.tg\/"},{"@type":"ListItem","position":2,"name":"Universit\u00e9 de Kara :La Pr\u00e9sidente HOUZOU-MOUZOU d\u00e9j\u00e0 sur le chantier de transformation acad\u00e9mique"}]},{"@type":"WebSite","@id":"https:\/\/lepoint-actu.tg\/#website","url":"https:\/\/lepoint-actu.tg\/","name":"","description":"R\u00e9c\u00e9piss\u00e9 N\u00b00022\/HAAC\/12-2020\/pL\/P, lepointactu07@gmail.com","potentialAction":[{"@type":"SearchAction","target":{"@type":"EntryPoint","urlTemplate":"https:\/\/lepoint-actu.tg\/?s={search_term_string}"},"query-input":{"@type":"PropertyValueSpecification","valueRequired":true,"valueName":"search_term_string"}}],"inLanguage":"fr-FR"},{"@type":"Person","@id":"https:\/\/lepoint-actu.tg\/#\/schema\/person\/e4026d66cbdc205cab83e169ab7eaca1","name":"La Redaction","image":{"@type":"ImageObject","inLanguage":"fr-FR","@id":"https:\/\/lepoint-actu.tg\/#\/schema\/person\/image\/","url":"https:\/\/secure.gravatar.com\/avatar\/1682a0ff7e2c36efa51c5d262eea092000ec1ce420118e6261440956730308c2?s=96&d=mm&r=g","contentUrl":"https:\/\/secure.gravatar.com\/avatar\/1682a0ff7e2c36efa51c5d262eea092000ec1ce420118e6261440956730308c2?s=96&d=mm&r=g","caption":"La Redaction"},"url":"https:\/\/lepoint-actu.tg\/index.php\/author\/raymondsama\/"}]}},"_links":{"self":[{"href":"https:\/\/lepoint-actu.tg\/index.php\/wp-json\/wp\/v2\/posts\/4578","targetHints":{"allow":["GET"]}}],"collection":[{"href":"https:\/\/lepoint-actu.tg\/index.php\/wp-json\/wp\/v2\/posts"}],"about":[{"href":"https:\/\/lepoint-actu.tg\/index.php\/wp-json\/wp\/v2\/types\/post"}],"author":[{"embeddable":true,"href":"https:\/\/lepoint-actu.tg\/index.php\/wp-json\/wp\/v2\/users\/2"}],"replies":[{"embeddable":true,"href":"https:\/\/lepoint-actu.tg\/index.php\/wp-json\/wp\/v2\/comments?post=4578"}],"version-history":[{"count":2,"href":"https:\/\/lepoint-actu.tg\/index.php\/wp-json\/wp\/v2\/posts\/4578\/revisions"}],"predecessor-version":[{"id":4588,"href":"https:\/\/lepoint-actu.tg\/index.php\/wp-json\/wp\/v2\/posts\/4578\/revisions\/4588"}],"wp:featuredmedia":[{"embeddable":true,"href":"https:\/\/lepoint-actu.tg\/index.php\/wp-json\/wp\/v2\/media\/4584"}],"wp:attachment":[{"href":"https:\/\/lepoint-actu.tg\/index.php\/wp-json\/wp\/v2\/media?parent=4578"}],"wp:term":[{"taxonomy":"category","embeddable":true,"href":"https:\/\/lepoint-actu.tg\/index.php\/wp-json\/wp\/v2\/categories?post=4578"},{"taxonomy":"post_tag","embeddable":true,"href":"https:\/\/lepoint-actu.tg\/index.php\/wp-json\/wp\/v2\/tags?post=4578"}],"curies":[{"name":"wp","href":"https:\/\/api.w.org\/{rel}","templated":true}]}}