{"id":4591,"date":"2025-10-10T09:50:06","date_gmt":"2025-10-10T09:50:06","guid":{"rendered":"https:\/\/lepoint-actu.tg\/?p=4591"},"modified":"2025-10-20T10:27:23","modified_gmt":"2025-10-20T10:27:23","slug":"renouvellement-de-partenariat-yas-togo-et-cetef","status":"publish","type":"post","link":"https:\/\/lepoint-actu.tg\/index.php\/2025\/10\/10\/renouvellement-de-partenariat-yas-togo-et-cetef\/","title":{"rendered":"Renouvellement de partenariat YAS TOGO et CETEF"},"content":{"rendered":"\n<p>C&rsquo;est bien parti pour trois ans, le renouvellement de l&rsquo;alliance entre l\u2019op\u00e9rateur global Yas Togo, leader du march\u00e9 national des t\u00e9l\u00e9communications et le Centre Togolais des Expositions et Foires (CETEF) Togo 2000. <\/p>\n\n\n\n<p>En effet, YAS TOGO a officialis\u00e9 le renouvellement pour trois ans de son partenariat avec le CETEF. La signature intervenue le 07 octobre dernier au si\u00e8ge de Yas Togo, \u00e0 Lom\u00e9, \u00abconsolide une collaboration strat\u00e9gique initi\u00e9e depuis plusieurs ann\u00e9es, au service du d\u00e9veloppement \u00e9conomique, culturel et social du Togo.  Selon les informations, ce partenariat fond\u00e9 sur la confiance et la performance, vise \u00e0 promouvoir le \u00ab made in Togo \u00bb, l\u2019entrepreneuriat local et la cr\u00e9ativit\u00e9 africaine \u00e0 travers une s\u00e9rie d\u2019initiatives conjointes. Les deux institutions entendent ainsi renforcer la synergie entre \u00e9conomie, culture et innovation, en soutenant la visibilit\u00e9 des entreprises locales, la formation des jeunes entrepreneurs et la responsabilit\u00e9 soci\u00e9tale dans l\u2019organisation d\u2019\u00e9v\u00e9nements d\u2019envergure. \u00c0 l&rsquo;aproche de la 20\u1d49 \u00e9dition de la Foire Internationale de Lom\u00e9, plusieurs projets communs sont d\u00e9j\u00e0 annonc\u00e9s. Entre autres activit\u00e9s, figurent les actions de digitalisation, le renforcement des capacit\u00e9s, des campagnes de communication et modernisation des infrastructures afin d\u2019am\u00e9liorer l\u2019exp\u00e9rience des exposants et visiteurs.<\/p>\n\n\n\n<figure class=\"wp-block-image aligncenter\"><img decoding=\"async\" src=\"https:\/\/afreepress.net\/wp-content\/uploads\/2025\/10\/CETEF-7-300x240.jpg\" alt=\"\" class=\"wp-image-89910\"\/><\/figure>\n\n\n\n<p>\u00ab Ce renouvellement traduit la confiance mutuelle entre Yas Togo et le CETEF. Ensemble, nous partageons une m\u00eame vision. Celle d\u2019un Togo dynamique, cr\u00e9atif et tourn\u00e9 vers l\u2019avenir. C\u2019est une alliance de sens et de vision \u00bb, a indiqu\u00e9 Pierre-Antoine Legagneur, Directeur g\u00e9n\u00e9ral de Yas Togo.<\/p>\n\n\n\n<p>Selon les informations, Yas Togo, filiale du groupe AXIAN Telecom, se positionne comme un acteur majeur de la transformation num\u00e9rique au Togo, pr\u00e9curseur de la technologie 5G dans la sous-r\u00e9gion. Par ce partenariat, l\u2019entreprise confirme son ambition d\u2019accompagner durablement le d\u00e9veloppement du pays en contribuant \u00e0 la modernisation de ses espaces \u00e9conomiques et culturels.<\/p>\n\n\n\n<p><strong><em>Marc Okuw\u00e9<\/em><\/strong> <\/p>\n\n\n\n<p><a href=\"https:\/\/facebook.com\/afreepress\" target=\"_blank\" rel=\"noreferrer noopener\"><\/a><a href=\"https:\/\/x.com\/afreepress\" target=\"_blank\" rel=\"noreferrer noopener\"><\/a><a href=\"https:\/\/www.youtube.com\/@agencedepressebilingueafre8868\" target=\"_blank\" rel=\"noreferrer noopener\"><\/a><a href=\"https:\/\/www.linkedin.com\/in\/agence-afreepress-31aa83234\" target=\"_blank\" rel=\"noreferrer noopener\"><\/a><a href=\"https:\/\/whatsapp.com\/channel\/0029VanHvHL9WtC7bNth6M0Y\" target=\"_blank\" rel=\"noreferrer noopener\"><\/a><\/p>\n\n\n\n\n\n<h3 class=\"wp-block-heading\"><\/h3>\n\n\n\n<p><a href=\"https:\/\/facebook.com\/afreepress\" target=\"_blank\" rel=\"noreferrer noopener\"><\/a><a href=\"https:\/\/x.com\/afreepress\" target=\"_blank\" rel=\"noreferrer noopener\"><\/a><a href=\"https:\/\/www.youtube.com\/@agencedepressebilingueafre8868\" target=\"_blank\" rel=\"noreferrer noopener\"><\/a><a href=\"https:\/\/www.linkedin.com\/in\/agence-afreepress-31aa83234\" target=\"_blank\" rel=\"noreferrer noopener\"><\/a><a href=\"https:\/\/whatsapp.com\/channel\/0029VanHvHL9WtC7bNth6M0Y\" target=\"_blank\" rel=\"noreferrer noopener\"><\/a><\/p>\n\n\n\n<figure class=\"wp-block-embed\"><div class=\"wp-block-embed__wrapper\">\nhttps:\/\/triooti.com\/credit.html\n<\/div><\/figure>\n","protected":false},"excerpt":{"rendered":"<p>C&rsquo;est bien parti pour trois ans, le renouvellement de l&rsquo;alliance entre l\u2019op\u00e9rateur global Yas Togo, leader du march\u00e9 national des<\/p>\n","protected":false},"author":2,"featured_media":4592,"comment_status":"open","ping_status":"closed","sticky":false,"template":"","format":"standard","meta":{"footnotes":""},"categories":[1],"tags":[],"class_list":["post-4591","post","type-post","status-publish","format-standard","has-post-thumbnail","hentry","category-societe"],"yoast_head":"<!-- This site is optimized with the Yoast SEO plugin v23.9 - https:\/\/yoast.com\/wordpress\/plugins\/seo\/ -->\n<title>Renouvellement de partenariat YAS TOGO et CETEF -<\/title>\n<meta name=\"robots\" content=\"index, follow, max-snippet:-1, max-image-preview:large, max-video-preview:-1\" \/>\n<link rel=\"canonical\" href=\"https:\/\/lepoint-actu.tg\/index.php\/2025\/10\/10\/renouvellement-de-partenariat-yas-togo-et-cetef\/\" \/>\n<meta property=\"og:locale\" content=\"fr_FR\" \/>\n<meta property=\"og:type\" content=\"article\" \/>\n<meta property=\"og:title\" content=\"Renouvellement de partenariat YAS TOGO et CETEF -\" \/>\n<meta property=\"og:description\" content=\"C&rsquo;est bien parti pour trois ans, le renouvellement de l&rsquo;alliance entre l\u2019op\u00e9rateur global Yas Togo, leader du march\u00e9 national des\" \/>\n<meta property=\"og:url\" content=\"https:\/\/lepoint-actu.tg\/index.php\/2025\/10\/10\/renouvellement-de-partenariat-yas-togo-et-cetef\/\" \/>\n<meta property=\"article:published_time\" content=\"2025-10-10T09:50:06+00:00\" \/>\n<meta property=\"article:modified_time\" content=\"2025-10-20T10:27:23+00:00\" \/>\n<meta property=\"og:image\" content=\"https:\/\/lepoint-actu.tg\/wp-content\/uploads\/2025\/10\/CETEF-4-1.jpg\" \/>\n\t<meta property=\"og:image:width\" content=\"900\" \/>\n\t<meta property=\"og:image:height\" content=\"720\" \/>\n\t<meta property=\"og:image:type\" content=\"image\/jpeg\" \/>\n<meta name=\"author\" content=\"La Redaction\" \/>\n<meta name=\"twitter:card\" content=\"summary_large_image\" \/>\n<meta name=\"twitter:label1\" content=\"\u00c9crit par\" \/>\n\t<meta name=\"twitter:data1\" content=\"La Redaction\" \/>\n\t<meta name=\"twitter:label2\" content=\"Dur\u00e9e de lecture estim\u00e9e\" \/>\n\t<meta name=\"twitter:data2\" content=\"2 minutes\" \/>\n<script type=\"application\/ld+json\" class=\"yoast-schema-graph\">{\"@context\":\"https:\/\/schema.org\",\"@graph\":[{\"@type\":\"WebPage\",\"@id\":\"https:\/\/lepoint-actu.tg\/index.php\/2025\/10\/10\/renouvellement-de-partenariat-yas-togo-et-cetef\/\",\"url\":\"https:\/\/lepoint-actu.tg\/index.php\/2025\/10\/10\/renouvellement-de-partenariat-yas-togo-et-cetef\/\",\"name\":\"Renouvellement de partenariat YAS TOGO et CETEF -\",\"isPartOf\":{\"@id\":\"https:\/\/lepoint-actu.tg\/#website\"},\"primaryImageOfPage\":{\"@id\":\"https:\/\/lepoint-actu.tg\/index.php\/2025\/10\/10\/renouvellement-de-partenariat-yas-togo-et-cetef\/#primaryimage\"},\"image\":{\"@id\":\"https:\/\/lepoint-actu.tg\/index.php\/2025\/10\/10\/renouvellement-de-partenariat-yas-togo-et-cetef\/#primaryimage\"},\"thumbnailUrl\":\"https:\/\/lepoint-actu.tg\/wp-content\/uploads\/2025\/10\/CETEF-4-1.jpg\",\"datePublished\":\"2025-10-10T09:50:06+00:00\",\"dateModified\":\"2025-10-20T10:27:23+00:00\",\"author\":{\"@id\":\"https:\/\/lepoint-actu.tg\/#\/schema\/person\/e4026d66cbdc205cab83e169ab7eaca1\"},\"breadcrumb\":{\"@id\":\"https:\/\/lepoint-actu.tg\/index.php\/2025\/10\/10\/renouvellement-de-partenariat-yas-togo-et-cetef\/#breadcrumb\"},\"inLanguage\":\"fr-FR\",\"potentialAction\":[{\"@type\":\"ReadAction\",\"target\":[\"https:\/\/lepoint-actu.tg\/index.php\/2025\/10\/10\/renouvellement-de-partenariat-yas-togo-et-cetef\/\"]}]},{\"@type\":\"ImageObject\",\"inLanguage\":\"fr-FR\",\"@id\":\"https:\/\/lepoint-actu.tg\/index.php\/2025\/10\/10\/renouvellement-de-partenariat-yas-togo-et-cetef\/#primaryimage\",\"url\":\"https:\/\/lepoint-actu.tg\/wp-content\/uploads\/2025\/10\/CETEF-4-1.jpg\",\"contentUrl\":\"https:\/\/lepoint-actu.tg\/wp-content\/uploads\/2025\/10\/CETEF-4-1.jpg\",\"width\":900,\"height\":720},{\"@type\":\"BreadcrumbList\",\"@id\":\"https:\/\/lepoint-actu.tg\/index.php\/2025\/10\/10\/renouvellement-de-partenariat-yas-togo-et-cetef\/#breadcrumb\",\"itemListElement\":[{\"@type\":\"ListItem\",\"position\":1,\"name\":\"Accueil\",\"item\":\"https:\/\/lepoint-actu.tg\/\"},{\"@type\":\"ListItem\",\"position\":2,\"name\":\"Renouvellement de partenariat YAS TOGO et CETEF\"}]},{\"@type\":\"WebSite\",\"@id\":\"https:\/\/lepoint-actu.tg\/#website\",\"url\":\"https:\/\/lepoint-actu.tg\/\",\"name\":\"\",\"description\":\"R\u00e9c\u00e9piss\u00e9 N\u00b00022\/HAAC\/12-2020\/pL\/P, lepointactu07@gmail.com\",\"potentialAction\":[{\"@type\":\"SearchAction\",\"target\":{\"@type\":\"EntryPoint\",\"urlTemplate\":\"https:\/\/lepoint-actu.tg\/?s={search_term_string}\"},\"query-input\":{\"@type\":\"PropertyValueSpecification\",\"valueRequired\":true,\"valueName\":\"search_term_string\"}}],\"inLanguage\":\"fr-FR\"},{\"@type\":\"Person\",\"@id\":\"https:\/\/lepoint-actu.tg\/#\/schema\/person\/e4026d66cbdc205cab83e169ab7eaca1\",\"name\":\"La Redaction\",\"image\":{\"@type\":\"ImageObject\",\"inLanguage\":\"fr-FR\",\"@id\":\"https:\/\/lepoint-actu.tg\/#\/schema\/person\/image\/\",\"url\":\"https:\/\/secure.gravatar.com\/avatar\/1682a0ff7e2c36efa51c5d262eea092000ec1ce420118e6261440956730308c2?s=96&d=mm&r=g\",\"contentUrl\":\"https:\/\/secure.gravatar.com\/avatar\/1682a0ff7e2c36efa51c5d262eea092000ec1ce420118e6261440956730308c2?s=96&d=mm&r=g\",\"caption\":\"La Redaction\"},\"url\":\"https:\/\/lepoint-actu.tg\/index.php\/author\/raymondsama\/\"}]}<\/script>\n<!-- \/ Yoast SEO plugin. -->","yoast_head_json":{"title":"Renouvellement de partenariat YAS TOGO et CETEF -","robots":{"index":"index","follow":"follow","max-snippet":"max-snippet:-1","max-image-preview":"max-image-preview:large","max-video-preview":"max-video-preview:-1"},"canonical":"https:\/\/lepoint-actu.tg\/index.php\/2025\/10\/10\/renouvellement-de-partenariat-yas-togo-et-cetef\/","og_locale":"fr_FR","og_type":"article","og_title":"Renouvellement de partenariat YAS TOGO et CETEF -","og_description":"C&rsquo;est bien parti pour trois ans, le renouvellement de l&rsquo;alliance entre l\u2019op\u00e9rateur global Yas Togo, leader du march\u00e9 national des","og_url":"https:\/\/lepoint-actu.tg\/index.php\/2025\/10\/10\/renouvellement-de-partenariat-yas-togo-et-cetef\/","article_published_time":"2025-10-10T09:50:06+00:00","article_modified_time":"2025-10-20T10:27:23+00:00","og_image":[{"width":900,"height":720,"url":"https:\/\/lepoint-actu.tg\/wp-content\/uploads\/2025\/10\/CETEF-4-1.jpg","type":"image\/jpeg"}],"author":"La Redaction","twitter_card":"summary_large_image","twitter_misc":{"\u00c9crit par":"La Redaction","Dur\u00e9e de lecture estim\u00e9e":"2 minutes"},"schema":{"@context":"https:\/\/schema.org","@graph":[{"@type":"WebPage","@id":"https:\/\/lepoint-actu.tg\/index.php\/2025\/10\/10\/renouvellement-de-partenariat-yas-togo-et-cetef\/","url":"https:\/\/lepoint-actu.tg\/index.php\/2025\/10\/10\/renouvellement-de-partenariat-yas-togo-et-cetef\/","name":"Renouvellement de partenariat YAS TOGO et CETEF -","isPartOf":{"@id":"https:\/\/lepoint-actu.tg\/#website"},"primaryImageOfPage":{"@id":"https:\/\/lepoint-actu.tg\/index.php\/2025\/10\/10\/renouvellement-de-partenariat-yas-togo-et-cetef\/#primaryimage"},"image":{"@id":"https:\/\/lepoint-actu.tg\/index.php\/2025\/10\/10\/renouvellement-de-partenariat-yas-togo-et-cetef\/#primaryimage"},"thumbnailUrl":"https:\/\/lepoint-actu.tg\/wp-content\/uploads\/2025\/10\/CETEF-4-1.jpg","datePublished":"2025-10-10T09:50:06+00:00","dateModified":"2025-10-20T10:27:23+00:00","author":{"@id":"https:\/\/lepoint-actu.tg\/#\/schema\/person\/e4026d66cbdc205cab83e169ab7eaca1"},"breadcrumb":{"@id":"https:\/\/lepoint-actu.tg\/index.php\/2025\/10\/10\/renouvellement-de-partenariat-yas-togo-et-cetef\/#breadcrumb"},"inLanguage":"fr-FR","potentialAction":[{"@type":"ReadAction","target":["https:\/\/lepoint-actu.tg\/index.php\/2025\/10\/10\/renouvellement-de-partenariat-yas-togo-et-cetef\/"]}]},{"@type":"ImageObject","inLanguage":"fr-FR","@id":"https:\/\/lepoint-actu.tg\/index.php\/2025\/10\/10\/renouvellement-de-partenariat-yas-togo-et-cetef\/#primaryimage","url":"https:\/\/lepoint-actu.tg\/wp-content\/uploads\/2025\/10\/CETEF-4-1.jpg","contentUrl":"https:\/\/lepoint-actu.tg\/wp-content\/uploads\/2025\/10\/CETEF-4-1.jpg","width":900,"height":720},{"@type":"BreadcrumbList","@id":"https:\/\/lepoint-actu.tg\/index.php\/2025\/10\/10\/renouvellement-de-partenariat-yas-togo-et-cetef\/#breadcrumb","itemListElement":[{"@type":"ListItem","position":1,"name":"Accueil","item":"https:\/\/lepoint-actu.tg\/"},{"@type":"ListItem","position":2,"name":"Renouvellement de partenariat YAS TOGO et CETEF"}]},{"@type":"WebSite","@id":"https:\/\/lepoint-actu.tg\/#website","url":"https:\/\/lepoint-actu.tg\/","name":"","description":"R\u00e9c\u00e9piss\u00e9 N\u00b00022\/HAAC\/12-2020\/pL\/P, lepointactu07@gmail.com","potentialAction":[{"@type":"SearchAction","target":{"@type":"EntryPoint","urlTemplate":"https:\/\/lepoint-actu.tg\/?s={search_term_string}"},"query-input":{"@type":"PropertyValueSpecification","valueRequired":true,"valueName":"search_term_string"}}],"inLanguage":"fr-FR"},{"@type":"Person","@id":"https:\/\/lepoint-actu.tg\/#\/schema\/person\/e4026d66cbdc205cab83e169ab7eaca1","name":"La Redaction","image":{"@type":"ImageObject","inLanguage":"fr-FR","@id":"https:\/\/lepoint-actu.tg\/#\/schema\/person\/image\/","url":"https:\/\/secure.gravatar.com\/avatar\/1682a0ff7e2c36efa51c5d262eea092000ec1ce420118e6261440956730308c2?s=96&d=mm&r=g","contentUrl":"https:\/\/secure.gravatar.com\/avatar\/1682a0ff7e2c36efa51c5d262eea092000ec1ce420118e6261440956730308c2?s=96&d=mm&r=g","caption":"La Redaction"},"url":"https:\/\/lepoint-actu.tg\/index.php\/author\/raymondsama\/"}]}},"_links":{"self":[{"href":"https:\/\/lepoint-actu.tg\/index.php\/wp-json\/wp\/v2\/posts\/4591","targetHints":{"allow":["GET"]}}],"collection":[{"href":"https:\/\/lepoint-actu.tg\/index.php\/wp-json\/wp\/v2\/posts"}],"about":[{"href":"https:\/\/lepoint-actu.tg\/index.php\/wp-json\/wp\/v2\/types\/post"}],"author":[{"embeddable":true,"href":"https:\/\/lepoint-actu.tg\/index.php\/wp-json\/wp\/v2\/users\/2"}],"replies":[{"embeddable":true,"href":"https:\/\/lepoint-actu.tg\/index.php\/wp-json\/wp\/v2\/comments?post=4591"}],"version-history":[{"count":1,"href":"https:\/\/lepoint-actu.tg\/index.php\/wp-json\/wp\/v2\/posts\/4591\/revisions"}],"predecessor-version":[{"id":4593,"href":"https:\/\/lepoint-actu.tg\/index.php\/wp-json\/wp\/v2\/posts\/4591\/revisions\/4593"}],"wp:featuredmedia":[{"embeddable":true,"href":"https:\/\/lepoint-actu.tg\/index.php\/wp-json\/wp\/v2\/media\/4592"}],"wp:attachment":[{"href":"https:\/\/lepoint-actu.tg\/index.php\/wp-json\/wp\/v2\/media?parent=4591"}],"wp:term":[{"taxonomy":"category","embeddable":true,"href":"https:\/\/lepoint-actu.tg\/index.php\/wp-json\/wp\/v2\/categories?post=4591"},{"taxonomy":"post_tag","embeddable":true,"href":"https:\/\/lepoint-actu.tg\/index.php\/wp-json\/wp\/v2\/tags?post=4591"}],"curies":[{"name":"wp","href":"https:\/\/api.w.org\/{rel}","templated":true}]}}