{"id":4594,"date":"2025-10-16T10:33:21","date_gmt":"2025-10-16T10:33:21","guid":{"rendered":"https:\/\/lepoint-actu.tg\/?p=4594"},"modified":"2025-10-20T10:37:51","modified_gmt":"2025-10-20T10:37:51","slug":"lemploi-prime-sur-la-fecondite-au-togo","status":"publish","type":"post","link":"https:\/\/lepoint-actu.tg\/index.php\/2025\/10\/16\/lemploi-prime-sur-la-fecondite-au-togo\/","title":{"rendered":"L&#8217;emploi prime sur la f\u00e9condit\u00e9 au Togo"},"content":{"rendered":"\n<p>\u00abLe Togo traverse une transition d\u00e9mographique silencieuse qui refl\u00e8te aussi ses mutations \u00e9conomiques\u00bb, \u00e9crit le confr\u00e8re Togo first. En trente-quatre ans, le taux de f\u00e9condit\u00e9 est pass\u00e9 de 6,4 \u00e0 4,3 enfants par femme. Cette \u00e9volution, abord\u00e9e lors de la Journ\u00e9e mondiale de la population le mardi 14 octobre 2025 avec pour th\u00e8me\u00a0:<em>\u2018Donner aux jeunes les capacit\u00e9s de fonder les familles qu\u2019ils souhaitent dans un monde juste et porteur d\u2019espoir\u2019,\u00a0<\/em>a \u00e9t\u00e9 plac\u00e9e au c\u0153ur des enjeux de d\u00e9veloppement durable par le gouvernement et l\u2019UNFPA.<\/p>\n\n\n\n<p>Selon Essohanam Edjeou, directeur de cabinet au minist\u00e8re de la Planification du D\u00e9veloppement, le th\u00e8me de cette \u00e9dition&nbsp;<em>\u00ab&nbsp;met en lumi\u00e8re la volont\u00e9 des jeunes de fonder une famille, tout en rappelant les obstacles persistants comme l\u2019instabilit\u00e9 \u00e9conomique, le manque d\u2019acc\u00e8s \u00e0 la sant\u00e9 reproductive et les effets du changement climatique&nbsp;\u00bb<\/em>. Il souligne que les mutations technologiques et soci\u00e9tales red\u00e9finissent les modes de vie et les priorit\u00e9s.<\/p>\n\n\n\n<figure class=\"wp-block-image\"><img decoding=\"async\" src=\"https:\/\/www.togofirst.com\/images\/444552823.jpg\" alt=\"444552823\"\/><\/figure>\n\n\n\n<p>Pour la repr\u00e9sentante de l\u2019UNFPA au Togo, \u00c9lise Kakam,&nbsp;<em>\u00ab&nbsp;la stabilit\u00e9 de l\u2019emploi et des revenus suffisants&nbsp;\u00bb<\/em>&nbsp;sont aujourd\u2019hui une condition essentielle pour permettre aux jeunes de fonder les familles qu\u2019ils d\u00e9sirent. Le&nbsp;<a href=\"https:\/\/www.unfpa.org\/fr\/swp2025\">rapport mondial 2025<\/a>&nbsp;de l\u2019UNFPA invite donc \u00e0 capitaliser sur les dynamiques actuelles (notamment des soci\u00e9t\u00e9s avec plus d\u2019\u00e9galit\u00e9 de genre ; plus d\u2019\u00e9ducation pour la femme, de plus en plus active dans le syst\u00e8me \u00e9conomique) pour transformer la baisse de la natalit\u00e9 en dividende d\u00e9mographique.<\/p>\n\n\n\n<p>Ceci d\u2019autant qu\u2019au Togo, si la f\u00e9condit\u00e9 a baiss\u00e9, la population continue de cro\u00eetre. Le dernier recensement g\u00e9n\u00e9ral (RGPH-5) r\u00e9v\u00e8le une population de 8,1 millions d\u2019habitants en 2022, contre 6,1 millions en 2010, avec une croissance annuelle de 2,3&nbsp;%.&nbsp;<\/p>\n\n\n\n<p>Pr\u00e8s de 60&nbsp;% des Togolais ont moins de 25 ans. Leur int\u00e9gration rapide au march\u00e9 du travail et l\u2019am\u00e9lioration des conditions sanitaires sont des priorit\u00e9s.&nbsp;<\/p>\n\n\n\n<p>Pour le gouvernement, ceci se traduit par des programmes comme Wezou pour la sant\u00e9 maternelle, SWEDD+ pour l\u2019autonomisation des femmes et la promotion de la planification familiale, afin de convertir cette transition d\u00e9mographique en une v\u00e9ritable opportunit\u00e9 \u00e9conomique<\/p>\n","protected":false},"excerpt":{"rendered":"<p>\u00abLe Togo traverse une transition d\u00e9mographique silencieuse qui refl\u00e8te aussi ses mutations \u00e9conomiques\u00bb, \u00e9crit le confr\u00e8re Togo first. En trente-quatre<\/p>\n","protected":false},"author":2,"featured_media":4543,"comment_status":"open","ping_status":"closed","sticky":false,"template":"","format":"standard","meta":{"footnotes":""},"categories":[1],"tags":[],"class_list":["post-4594","post","type-post","status-publish","format-standard","has-post-thumbnail","hentry","category-societe"],"yoast_head":"<!-- This site is optimized with the Yoast SEO plugin v23.9 - https:\/\/yoast.com\/wordpress\/plugins\/seo\/ -->\n<title>L&#039;emploi prime sur la f\u00e9condit\u00e9 au Togo -<\/title>\n<meta name=\"robots\" content=\"index, follow, max-snippet:-1, max-image-preview:large, max-video-preview:-1\" \/>\n<link rel=\"canonical\" href=\"https:\/\/lepoint-actu.tg\/index.php\/2025\/10\/16\/lemploi-prime-sur-la-fecondite-au-togo\/\" \/>\n<meta property=\"og:locale\" content=\"fr_FR\" \/>\n<meta property=\"og:type\" content=\"article\" \/>\n<meta property=\"og:title\" content=\"L&#039;emploi prime sur la f\u00e9condit\u00e9 au Togo -\" \/>\n<meta property=\"og:description\" content=\"\u00abLe Togo traverse une transition d\u00e9mographique silencieuse qui refl\u00e8te aussi ses mutations \u00e9conomiques\u00bb, \u00e9crit le confr\u00e8re Togo first. En trente-quatre\" \/>\n<meta property=\"og:url\" content=\"https:\/\/lepoint-actu.tg\/index.php\/2025\/10\/16\/lemploi-prime-sur-la-fecondite-au-togo\/\" \/>\n<meta property=\"article:published_time\" content=\"2025-10-16T10:33:21+00:00\" \/>\n<meta property=\"article:modified_time\" content=\"2025-10-20T10:37:51+00:00\" \/>\n<meta property=\"og:image\" content=\"https:\/\/lepoint-actu.tg\/wp-content\/uploads\/2025\/09\/port-autonome-lome-terminal-a-contenairs-1024x512.png\" \/>\n\t<meta property=\"og:image:width\" content=\"1024\" \/>\n\t<meta property=\"og:image:height\" content=\"512\" \/>\n\t<meta property=\"og:image:type\" content=\"image\/png\" \/>\n<meta name=\"author\" content=\"La Redaction\" \/>\n<meta name=\"twitter:card\" content=\"summary_large_image\" \/>\n<meta name=\"twitter:label1\" content=\"\u00c9crit par\" \/>\n\t<meta name=\"twitter:data1\" content=\"La Redaction\" \/>\n\t<meta name=\"twitter:label2\" content=\"Dur\u00e9e de lecture estim\u00e9e\" \/>\n\t<meta name=\"twitter:data2\" content=\"3 minutes\" \/>\n<script type=\"application\/ld+json\" class=\"yoast-schema-graph\">{\"@context\":\"https:\/\/schema.org\",\"@graph\":[{\"@type\":\"WebPage\",\"@id\":\"https:\/\/lepoint-actu.tg\/index.php\/2025\/10\/16\/lemploi-prime-sur-la-fecondite-au-togo\/\",\"url\":\"https:\/\/lepoint-actu.tg\/index.php\/2025\/10\/16\/lemploi-prime-sur-la-fecondite-au-togo\/\",\"name\":\"L'emploi prime sur la f\u00e9condit\u00e9 au Togo -\",\"isPartOf\":{\"@id\":\"https:\/\/lepoint-actu.tg\/#website\"},\"primaryImageOfPage\":{\"@id\":\"https:\/\/lepoint-actu.tg\/index.php\/2025\/10\/16\/lemploi-prime-sur-la-fecondite-au-togo\/#primaryimage\"},\"image\":{\"@id\":\"https:\/\/lepoint-actu.tg\/index.php\/2025\/10\/16\/lemploi-prime-sur-la-fecondite-au-togo\/#primaryimage\"},\"thumbnailUrl\":\"https:\/\/lepoint-actu.tg\/wp-content\/uploads\/2025\/09\/port-autonome-lome-terminal-a-contenairs.png\",\"datePublished\":\"2025-10-16T10:33:21+00:00\",\"dateModified\":\"2025-10-20T10:37:51+00:00\",\"author\":{\"@id\":\"https:\/\/lepoint-actu.tg\/#\/schema\/person\/e4026d66cbdc205cab83e169ab7eaca1\"},\"breadcrumb\":{\"@id\":\"https:\/\/lepoint-actu.tg\/index.php\/2025\/10\/16\/lemploi-prime-sur-la-fecondite-au-togo\/#breadcrumb\"},\"inLanguage\":\"fr-FR\",\"potentialAction\":[{\"@type\":\"ReadAction\",\"target\":[\"https:\/\/lepoint-actu.tg\/index.php\/2025\/10\/16\/lemploi-prime-sur-la-fecondite-au-togo\/\"]}]},{\"@type\":\"ImageObject\",\"inLanguage\":\"fr-FR\",\"@id\":\"https:\/\/lepoint-actu.tg\/index.php\/2025\/10\/16\/lemploi-prime-sur-la-fecondite-au-togo\/#primaryimage\",\"url\":\"https:\/\/lepoint-actu.tg\/wp-content\/uploads\/2025\/09\/port-autonome-lome-terminal-a-contenairs.png\",\"contentUrl\":\"https:\/\/lepoint-actu.tg\/wp-content\/uploads\/2025\/09\/port-autonome-lome-terminal-a-contenairs.png\",\"width\":2015,\"height\":1008},{\"@type\":\"BreadcrumbList\",\"@id\":\"https:\/\/lepoint-actu.tg\/index.php\/2025\/10\/16\/lemploi-prime-sur-la-fecondite-au-togo\/#breadcrumb\",\"itemListElement\":[{\"@type\":\"ListItem\",\"position\":1,\"name\":\"Accueil\",\"item\":\"https:\/\/lepoint-actu.tg\/\"},{\"@type\":\"ListItem\",\"position\":2,\"name\":\"L&#8217;emploi prime sur la f\u00e9condit\u00e9 au Togo\"}]},{\"@type\":\"WebSite\",\"@id\":\"https:\/\/lepoint-actu.tg\/#website\",\"url\":\"https:\/\/lepoint-actu.tg\/\",\"name\":\"\",\"description\":\"R\u00e9c\u00e9piss\u00e9 N\u00b00022\/HAAC\/12-2020\/pL\/P, lepointactu07@gmail.com\",\"potentialAction\":[{\"@type\":\"SearchAction\",\"target\":{\"@type\":\"EntryPoint\",\"urlTemplate\":\"https:\/\/lepoint-actu.tg\/?s={search_term_string}\"},\"query-input\":{\"@type\":\"PropertyValueSpecification\",\"valueRequired\":true,\"valueName\":\"search_term_string\"}}],\"inLanguage\":\"fr-FR\"},{\"@type\":\"Person\",\"@id\":\"https:\/\/lepoint-actu.tg\/#\/schema\/person\/e4026d66cbdc205cab83e169ab7eaca1\",\"name\":\"La Redaction\",\"image\":{\"@type\":\"ImageObject\",\"inLanguage\":\"fr-FR\",\"@id\":\"https:\/\/lepoint-actu.tg\/#\/schema\/person\/image\/\",\"url\":\"https:\/\/secure.gravatar.com\/avatar\/1682a0ff7e2c36efa51c5d262eea092000ec1ce420118e6261440956730308c2?s=96&d=mm&r=g\",\"contentUrl\":\"https:\/\/secure.gravatar.com\/avatar\/1682a0ff7e2c36efa51c5d262eea092000ec1ce420118e6261440956730308c2?s=96&d=mm&r=g\",\"caption\":\"La Redaction\"},\"url\":\"https:\/\/lepoint-actu.tg\/index.php\/author\/raymondsama\/\"}]}<\/script>\n<!-- \/ Yoast SEO plugin. -->","yoast_head_json":{"title":"L'emploi prime sur la f\u00e9condit\u00e9 au Togo -","robots":{"index":"index","follow":"follow","max-snippet":"max-snippet:-1","max-image-preview":"max-image-preview:large","max-video-preview":"max-video-preview:-1"},"canonical":"https:\/\/lepoint-actu.tg\/index.php\/2025\/10\/16\/lemploi-prime-sur-la-fecondite-au-togo\/","og_locale":"fr_FR","og_type":"article","og_title":"L'emploi prime sur la f\u00e9condit\u00e9 au Togo -","og_description":"\u00abLe Togo traverse une transition d\u00e9mographique silencieuse qui refl\u00e8te aussi ses mutations \u00e9conomiques\u00bb, \u00e9crit le confr\u00e8re Togo first. En trente-quatre","og_url":"https:\/\/lepoint-actu.tg\/index.php\/2025\/10\/16\/lemploi-prime-sur-la-fecondite-au-togo\/","article_published_time":"2025-10-16T10:33:21+00:00","article_modified_time":"2025-10-20T10:37:51+00:00","og_image":[{"width":1024,"height":512,"url":"https:\/\/lepoint-actu.tg\/wp-content\/uploads\/2025\/09\/port-autonome-lome-terminal-a-contenairs-1024x512.png","type":"image\/png"}],"author":"La Redaction","twitter_card":"summary_large_image","twitter_misc":{"\u00c9crit par":"La Redaction","Dur\u00e9e de lecture estim\u00e9e":"3 minutes"},"schema":{"@context":"https:\/\/schema.org","@graph":[{"@type":"WebPage","@id":"https:\/\/lepoint-actu.tg\/index.php\/2025\/10\/16\/lemploi-prime-sur-la-fecondite-au-togo\/","url":"https:\/\/lepoint-actu.tg\/index.php\/2025\/10\/16\/lemploi-prime-sur-la-fecondite-au-togo\/","name":"L'emploi prime sur la f\u00e9condit\u00e9 au Togo -","isPartOf":{"@id":"https:\/\/lepoint-actu.tg\/#website"},"primaryImageOfPage":{"@id":"https:\/\/lepoint-actu.tg\/index.php\/2025\/10\/16\/lemploi-prime-sur-la-fecondite-au-togo\/#primaryimage"},"image":{"@id":"https:\/\/lepoint-actu.tg\/index.php\/2025\/10\/16\/lemploi-prime-sur-la-fecondite-au-togo\/#primaryimage"},"thumbnailUrl":"https:\/\/lepoint-actu.tg\/wp-content\/uploads\/2025\/09\/port-autonome-lome-terminal-a-contenairs.png","datePublished":"2025-10-16T10:33:21+00:00","dateModified":"2025-10-20T10:37:51+00:00","author":{"@id":"https:\/\/lepoint-actu.tg\/#\/schema\/person\/e4026d66cbdc205cab83e169ab7eaca1"},"breadcrumb":{"@id":"https:\/\/lepoint-actu.tg\/index.php\/2025\/10\/16\/lemploi-prime-sur-la-fecondite-au-togo\/#breadcrumb"},"inLanguage":"fr-FR","potentialAction":[{"@type":"ReadAction","target":["https:\/\/lepoint-actu.tg\/index.php\/2025\/10\/16\/lemploi-prime-sur-la-fecondite-au-togo\/"]}]},{"@type":"ImageObject","inLanguage":"fr-FR","@id":"https:\/\/lepoint-actu.tg\/index.php\/2025\/10\/16\/lemploi-prime-sur-la-fecondite-au-togo\/#primaryimage","url":"https:\/\/lepoint-actu.tg\/wp-content\/uploads\/2025\/09\/port-autonome-lome-terminal-a-contenairs.png","contentUrl":"https:\/\/lepoint-actu.tg\/wp-content\/uploads\/2025\/09\/port-autonome-lome-terminal-a-contenairs.png","width":2015,"height":1008},{"@type":"BreadcrumbList","@id":"https:\/\/lepoint-actu.tg\/index.php\/2025\/10\/16\/lemploi-prime-sur-la-fecondite-au-togo\/#breadcrumb","itemListElement":[{"@type":"ListItem","position":1,"name":"Accueil","item":"https:\/\/lepoint-actu.tg\/"},{"@type":"ListItem","position":2,"name":"L&#8217;emploi prime sur la f\u00e9condit\u00e9 au Togo"}]},{"@type":"WebSite","@id":"https:\/\/lepoint-actu.tg\/#website","url":"https:\/\/lepoint-actu.tg\/","name":"","description":"R\u00e9c\u00e9piss\u00e9 N\u00b00022\/HAAC\/12-2020\/pL\/P, lepointactu07@gmail.com","potentialAction":[{"@type":"SearchAction","target":{"@type":"EntryPoint","urlTemplate":"https:\/\/lepoint-actu.tg\/?s={search_term_string}"},"query-input":{"@type":"PropertyValueSpecification","valueRequired":true,"valueName":"search_term_string"}}],"inLanguage":"fr-FR"},{"@type":"Person","@id":"https:\/\/lepoint-actu.tg\/#\/schema\/person\/e4026d66cbdc205cab83e169ab7eaca1","name":"La Redaction","image":{"@type":"ImageObject","inLanguage":"fr-FR","@id":"https:\/\/lepoint-actu.tg\/#\/schema\/person\/image\/","url":"https:\/\/secure.gravatar.com\/avatar\/1682a0ff7e2c36efa51c5d262eea092000ec1ce420118e6261440956730308c2?s=96&d=mm&r=g","contentUrl":"https:\/\/secure.gravatar.com\/avatar\/1682a0ff7e2c36efa51c5d262eea092000ec1ce420118e6261440956730308c2?s=96&d=mm&r=g","caption":"La Redaction"},"url":"https:\/\/lepoint-actu.tg\/index.php\/author\/raymondsama\/"}]}},"_links":{"self":[{"href":"https:\/\/lepoint-actu.tg\/index.php\/wp-json\/wp\/v2\/posts\/4594","targetHints":{"allow":["GET"]}}],"collection":[{"href":"https:\/\/lepoint-actu.tg\/index.php\/wp-json\/wp\/v2\/posts"}],"about":[{"href":"https:\/\/lepoint-actu.tg\/index.php\/wp-json\/wp\/v2\/types\/post"}],"author":[{"embeddable":true,"href":"https:\/\/lepoint-actu.tg\/index.php\/wp-json\/wp\/v2\/users\/2"}],"replies":[{"embeddable":true,"href":"https:\/\/lepoint-actu.tg\/index.php\/wp-json\/wp\/v2\/comments?post=4594"}],"version-history":[{"count":1,"href":"https:\/\/lepoint-actu.tg\/index.php\/wp-json\/wp\/v2\/posts\/4594\/revisions"}],"predecessor-version":[{"id":4595,"href":"https:\/\/lepoint-actu.tg\/index.php\/wp-json\/wp\/v2\/posts\/4594\/revisions\/4595"}],"wp:featuredmedia":[{"embeddable":true,"href":"https:\/\/lepoint-actu.tg\/index.php\/wp-json\/wp\/v2\/media\/4543"}],"wp:attachment":[{"href":"https:\/\/lepoint-actu.tg\/index.php\/wp-json\/wp\/v2\/media?parent=4594"}],"wp:term":[{"taxonomy":"category","embeddable":true,"href":"https:\/\/lepoint-actu.tg\/index.php\/wp-json\/wp\/v2\/categories?post=4594"},{"taxonomy":"post_tag","embeddable":true,"href":"https:\/\/lepoint-actu.tg\/index.php\/wp-json\/wp\/v2\/tags?post=4594"}],"curies":[{"name":"wp","href":"https:\/\/api.w.org\/{rel}","templated":true}]}}