{"id":4597,"date":"2025-10-21T07:18:39","date_gmt":"2025-10-21T07:18:39","guid":{"rendered":"https:\/\/lepoint-actu.tg\/?p=4597"},"modified":"2025-10-22T14:11:55","modified_gmt":"2025-10-22T14:11:55","slug":"le-port-de-lome-classe-a-la-92eme-place-mondiale","status":"publish","type":"post","link":"https:\/\/lepoint-actu.tg\/index.php\/2025\/10\/21\/le-port-de-lome-classe-a-la-92eme-place-mondiale\/","title":{"rendered":"Le port de Lom\u00e9 class\u00e9 \u00e0 la 92\u00e8me place mondiale"},"content":{"rendered":"\n<p>Un cap de plus pour le Port autonome de Lom\u00e9 (PAL) qui consolide sa position parmi les grandes plateformes portuaires. Selon le&nbsp;<a href=\"https:\/\/www.lloydslist.com\/one-hundred-container-ports-2025%20\">classement 2025 de Lloyd\u2019s List<\/a>, r\u00e9f\u00e9rence mondiale du transport maritime, la plateforme togolaise occupe d\u00e9sormais la 92\u1d49 place, gagnant ainsi un rang par rapport \u00e0 l\u2019\u00e9dition pr\u00e9c\u00e9dente.<\/p>\n\n\n\n<p>\u00abAvec un trafic de 2,06 millions d\u2019EVP en 2024, en hausse de 8\u00a0% par rapport \u00e0 l\u2019ann\u00e9e pr\u00e9c\u00e9dente (1,9 million d\u2019EVP), Lom\u00e9 demeure le seul port d\u2019Afrique subsaharienne \u00e0 figurer dans le Top 100 mondial et le cinqui\u00e8me port africain, derri\u00e8re Tanger Med, Port Sa\u00efd, Durban et Damiette\u00bb, \u00e9crit le confr\u00e8re togofirst.<br>Les analystes de Lloyd\u2019s List attribuent cette progression \u00e0 la croissance du transbordement, un segment que Lom\u00e9 a su d\u00e9velopper gr\u00e2ce \u00e0 ses partenariats strat\u00e9giques et \u00e0 l\u2019efficacit\u00e9 de sa logistique portuaire. Le port en eau profonde de Lom\u00e9 b\u00e9n\u00e9ficie notamment d\u2019un tirant d\u2019eau lui permettant d\u2019accueillir les plus grands navires du continent, ce qui renforce sa comp\u00e9titivit\u00e9 face \u00e0 d\u2019autres acteurs comme Durban ou Abidjan.<br>Cette nouvelle progression intervient dans un contexte mondial marqu\u00e9 par un rebond de 8,1\u00a0% du trafic conteneuris\u00e9 et la r\u00e9organisation des cha\u00eenes logistiques internationales.<\/p>\n\n\n\n<figure class=\"wp-block-image\"><img decoding=\"async\" src=\"https:\/\/www.togofirst.com\/images\/Reformes\/5948454image.png\" alt=\"5948454image\"\/><\/figure>\n\n\n\n<p>Dans le m\u00eame temps, le Port de Lom\u00e9 vient d\u2019achever les travaux de dragage de son terminal pour un co\u00fbt de 7,5 millions d\u2019euros. La profondeur du chenal a \u00e9t\u00e9 port\u00e9e \u00e0 18,6 m\u00e8tres, ce qui lui permet d\u2019accueillir davantage de grands navires (de 19&nbsp;000 \u00e0 24&nbsp;000 EVP).<\/p>\n\n\n\n<p>D\u2019autres investissements sont du reste, annonc\u00e9s par Lom\u00e9 container Terminal (LCT), l\u2019un des deux manutentionnaires de la plateforme portuaire togolaise, dans un programme d\u2019investissement de 120 millions d\u2019euros \u00e0 l\u2019horizon 2027, qui inclut notamment le renforcement des quais, l\u2019installation de nouvelles grues et l\u2019extension de la capacit\u00e9 annuelle \u00e0 2,5 millions d\u2019EVP.<\/p>\n\n\n\n<p>La performance se gagne aussi au jour le jour !<\/p>\n\n\n\n<p><\/p>\n\n\n\n<p><em>Nous contacter pour tous besoins aux num\u00e9ros (00228)90213091\/71999024\/99149300<\/em><\/p>\n","protected":false},"excerpt":{"rendered":"<p>Un cap de plus pour le Port autonome de Lom\u00e9 (PAL) qui consolide sa position parmi les grandes plateformes portuaires.<\/p>\n","protected":false},"author":2,"featured_media":1789,"comment_status":"open","ping_status":"closed","sticky":false,"template":"","format":"standard","meta":{"footnotes":""},"categories":[4],"tags":[],"class_list":["post-4597","post","type-post","status-publish","format-standard","has-post-thumbnail","hentry","category-economie"],"yoast_head":"<!-- This site is optimized with the Yoast SEO plugin v23.9 - https:\/\/yoast.com\/wordpress\/plugins\/seo\/ -->\n<title>Le port de Lom\u00e9 class\u00e9 \u00e0 la 92\u00e8me place mondiale -<\/title>\n<meta name=\"robots\" content=\"index, follow, max-snippet:-1, max-image-preview:large, max-video-preview:-1\" \/>\n<link rel=\"canonical\" href=\"https:\/\/lepoint-actu.tg\/index.php\/2025\/10\/21\/le-port-de-lome-classe-a-la-92eme-place-mondiale\/\" \/>\n<meta property=\"og:locale\" content=\"fr_FR\" \/>\n<meta property=\"og:type\" content=\"article\" \/>\n<meta property=\"og:title\" content=\"Le port de Lom\u00e9 class\u00e9 \u00e0 la 92\u00e8me place mondiale -\" \/>\n<meta property=\"og:description\" content=\"Un cap de plus pour le Port autonome de Lom\u00e9 (PAL) qui consolide sa position parmi les grandes plateformes portuaires.\" \/>\n<meta property=\"og:url\" content=\"https:\/\/lepoint-actu.tg\/index.php\/2025\/10\/21\/le-port-de-lome-classe-a-la-92eme-place-mondiale\/\" \/>\n<meta property=\"article:published_time\" content=\"2025-10-21T07:18:39+00:00\" \/>\n<meta property=\"article:modified_time\" content=\"2025-10-22T14:11:55+00:00\" \/>\n<meta property=\"og:image\" content=\"https:\/\/lepoint-actu.tg\/wp-content\/uploads\/2023\/05\/PAL.jpg\" \/>\n\t<meta property=\"og:image:width\" content=\"299\" \/>\n\t<meta property=\"og:image:height\" content=\"169\" \/>\n\t<meta property=\"og:image:type\" content=\"image\/jpeg\" \/>\n<meta name=\"author\" content=\"La Redaction\" \/>\n<meta name=\"twitter:card\" content=\"summary_large_image\" \/>\n<meta name=\"twitter:label1\" content=\"\u00c9crit par\" \/>\n\t<meta name=\"twitter:data1\" content=\"La Redaction\" \/>\n\t<meta name=\"twitter:label2\" content=\"Dur\u00e9e de lecture estim\u00e9e\" \/>\n\t<meta name=\"twitter:data2\" content=\"2 minutes\" \/>\n<script type=\"application\/ld+json\" class=\"yoast-schema-graph\">{\"@context\":\"https:\/\/schema.org\",\"@graph\":[{\"@type\":\"WebPage\",\"@id\":\"https:\/\/lepoint-actu.tg\/index.php\/2025\/10\/21\/le-port-de-lome-classe-a-la-92eme-place-mondiale\/\",\"url\":\"https:\/\/lepoint-actu.tg\/index.php\/2025\/10\/21\/le-port-de-lome-classe-a-la-92eme-place-mondiale\/\",\"name\":\"Le port de Lom\u00e9 class\u00e9 \u00e0 la 92\u00e8me place mondiale -\",\"isPartOf\":{\"@id\":\"https:\/\/lepoint-actu.tg\/#website\"},\"primaryImageOfPage\":{\"@id\":\"https:\/\/lepoint-actu.tg\/index.php\/2025\/10\/21\/le-port-de-lome-classe-a-la-92eme-place-mondiale\/#primaryimage\"},\"image\":{\"@id\":\"https:\/\/lepoint-actu.tg\/index.php\/2025\/10\/21\/le-port-de-lome-classe-a-la-92eme-place-mondiale\/#primaryimage\"},\"thumbnailUrl\":\"https:\/\/lepoint-actu.tg\/wp-content\/uploads\/2023\/05\/PAL.jpg\",\"datePublished\":\"2025-10-21T07:18:39+00:00\",\"dateModified\":\"2025-10-22T14:11:55+00:00\",\"author\":{\"@id\":\"https:\/\/lepoint-actu.tg\/#\/schema\/person\/e4026d66cbdc205cab83e169ab7eaca1\"},\"breadcrumb\":{\"@id\":\"https:\/\/lepoint-actu.tg\/index.php\/2025\/10\/21\/le-port-de-lome-classe-a-la-92eme-place-mondiale\/#breadcrumb\"},\"inLanguage\":\"fr-FR\",\"potentialAction\":[{\"@type\":\"ReadAction\",\"target\":[\"https:\/\/lepoint-actu.tg\/index.php\/2025\/10\/21\/le-port-de-lome-classe-a-la-92eme-place-mondiale\/\"]}]},{\"@type\":\"ImageObject\",\"inLanguage\":\"fr-FR\",\"@id\":\"https:\/\/lepoint-actu.tg\/index.php\/2025\/10\/21\/le-port-de-lome-classe-a-la-92eme-place-mondiale\/#primaryimage\",\"url\":\"https:\/\/lepoint-actu.tg\/wp-content\/uploads\/2023\/05\/PAL.jpg\",\"contentUrl\":\"https:\/\/lepoint-actu.tg\/wp-content\/uploads\/2023\/05\/PAL.jpg\",\"width\":299,\"height\":169},{\"@type\":\"BreadcrumbList\",\"@id\":\"https:\/\/lepoint-actu.tg\/index.php\/2025\/10\/21\/le-port-de-lome-classe-a-la-92eme-place-mondiale\/#breadcrumb\",\"itemListElement\":[{\"@type\":\"ListItem\",\"position\":1,\"name\":\"Accueil\",\"item\":\"https:\/\/lepoint-actu.tg\/\"},{\"@type\":\"ListItem\",\"position\":2,\"name\":\"Le port de Lom\u00e9 class\u00e9 \u00e0 la 92\u00e8me place mondiale\"}]},{\"@type\":\"WebSite\",\"@id\":\"https:\/\/lepoint-actu.tg\/#website\",\"url\":\"https:\/\/lepoint-actu.tg\/\",\"name\":\"\",\"description\":\"R\u00e9c\u00e9piss\u00e9 N\u00b00022\/HAAC\/12-2020\/pL\/P, lepointactu07@gmail.com\",\"potentialAction\":[{\"@type\":\"SearchAction\",\"target\":{\"@type\":\"EntryPoint\",\"urlTemplate\":\"https:\/\/lepoint-actu.tg\/?s={search_term_string}\"},\"query-input\":{\"@type\":\"PropertyValueSpecification\",\"valueRequired\":true,\"valueName\":\"search_term_string\"}}],\"inLanguage\":\"fr-FR\"},{\"@type\":\"Person\",\"@id\":\"https:\/\/lepoint-actu.tg\/#\/schema\/person\/e4026d66cbdc205cab83e169ab7eaca1\",\"name\":\"La Redaction\",\"image\":{\"@type\":\"ImageObject\",\"inLanguage\":\"fr-FR\",\"@id\":\"https:\/\/lepoint-actu.tg\/#\/schema\/person\/image\/\",\"url\":\"https:\/\/secure.gravatar.com\/avatar\/1682a0ff7e2c36efa51c5d262eea092000ec1ce420118e6261440956730308c2?s=96&d=mm&r=g\",\"contentUrl\":\"https:\/\/secure.gravatar.com\/avatar\/1682a0ff7e2c36efa51c5d262eea092000ec1ce420118e6261440956730308c2?s=96&d=mm&r=g\",\"caption\":\"La Redaction\"},\"url\":\"https:\/\/lepoint-actu.tg\/index.php\/author\/raymondsama\/\"}]}<\/script>\n<!-- \/ Yoast SEO plugin. -->","yoast_head_json":{"title":"Le port de Lom\u00e9 class\u00e9 \u00e0 la 92\u00e8me place mondiale -","robots":{"index":"index","follow":"follow","max-snippet":"max-snippet:-1","max-image-preview":"max-image-preview:large","max-video-preview":"max-video-preview:-1"},"canonical":"https:\/\/lepoint-actu.tg\/index.php\/2025\/10\/21\/le-port-de-lome-classe-a-la-92eme-place-mondiale\/","og_locale":"fr_FR","og_type":"article","og_title":"Le port de Lom\u00e9 class\u00e9 \u00e0 la 92\u00e8me place mondiale -","og_description":"Un cap de plus pour le Port autonome de Lom\u00e9 (PAL) qui consolide sa position parmi les grandes plateformes portuaires.","og_url":"https:\/\/lepoint-actu.tg\/index.php\/2025\/10\/21\/le-port-de-lome-classe-a-la-92eme-place-mondiale\/","article_published_time":"2025-10-21T07:18:39+00:00","article_modified_time":"2025-10-22T14:11:55+00:00","og_image":[{"width":299,"height":169,"url":"https:\/\/lepoint-actu.tg\/wp-content\/uploads\/2023\/05\/PAL.jpg","type":"image\/jpeg"}],"author":"La Redaction","twitter_card":"summary_large_image","twitter_misc":{"\u00c9crit par":"La Redaction","Dur\u00e9e de lecture estim\u00e9e":"2 minutes"},"schema":{"@context":"https:\/\/schema.org","@graph":[{"@type":"WebPage","@id":"https:\/\/lepoint-actu.tg\/index.php\/2025\/10\/21\/le-port-de-lome-classe-a-la-92eme-place-mondiale\/","url":"https:\/\/lepoint-actu.tg\/index.php\/2025\/10\/21\/le-port-de-lome-classe-a-la-92eme-place-mondiale\/","name":"Le port de Lom\u00e9 class\u00e9 \u00e0 la 92\u00e8me place mondiale -","isPartOf":{"@id":"https:\/\/lepoint-actu.tg\/#website"},"primaryImageOfPage":{"@id":"https:\/\/lepoint-actu.tg\/index.php\/2025\/10\/21\/le-port-de-lome-classe-a-la-92eme-place-mondiale\/#primaryimage"},"image":{"@id":"https:\/\/lepoint-actu.tg\/index.php\/2025\/10\/21\/le-port-de-lome-classe-a-la-92eme-place-mondiale\/#primaryimage"},"thumbnailUrl":"https:\/\/lepoint-actu.tg\/wp-content\/uploads\/2023\/05\/PAL.jpg","datePublished":"2025-10-21T07:18:39+00:00","dateModified":"2025-10-22T14:11:55+00:00","author":{"@id":"https:\/\/lepoint-actu.tg\/#\/schema\/person\/e4026d66cbdc205cab83e169ab7eaca1"},"breadcrumb":{"@id":"https:\/\/lepoint-actu.tg\/index.php\/2025\/10\/21\/le-port-de-lome-classe-a-la-92eme-place-mondiale\/#breadcrumb"},"inLanguage":"fr-FR","potentialAction":[{"@type":"ReadAction","target":["https:\/\/lepoint-actu.tg\/index.php\/2025\/10\/21\/le-port-de-lome-classe-a-la-92eme-place-mondiale\/"]}]},{"@type":"ImageObject","inLanguage":"fr-FR","@id":"https:\/\/lepoint-actu.tg\/index.php\/2025\/10\/21\/le-port-de-lome-classe-a-la-92eme-place-mondiale\/#primaryimage","url":"https:\/\/lepoint-actu.tg\/wp-content\/uploads\/2023\/05\/PAL.jpg","contentUrl":"https:\/\/lepoint-actu.tg\/wp-content\/uploads\/2023\/05\/PAL.jpg","width":299,"height":169},{"@type":"BreadcrumbList","@id":"https:\/\/lepoint-actu.tg\/index.php\/2025\/10\/21\/le-port-de-lome-classe-a-la-92eme-place-mondiale\/#breadcrumb","itemListElement":[{"@type":"ListItem","position":1,"name":"Accueil","item":"https:\/\/lepoint-actu.tg\/"},{"@type":"ListItem","position":2,"name":"Le port de Lom\u00e9 class\u00e9 \u00e0 la 92\u00e8me place mondiale"}]},{"@type":"WebSite","@id":"https:\/\/lepoint-actu.tg\/#website","url":"https:\/\/lepoint-actu.tg\/","name":"","description":"R\u00e9c\u00e9piss\u00e9 N\u00b00022\/HAAC\/12-2020\/pL\/P, lepointactu07@gmail.com","potentialAction":[{"@type":"SearchAction","target":{"@type":"EntryPoint","urlTemplate":"https:\/\/lepoint-actu.tg\/?s={search_term_string}"},"query-input":{"@type":"PropertyValueSpecification","valueRequired":true,"valueName":"search_term_string"}}],"inLanguage":"fr-FR"},{"@type":"Person","@id":"https:\/\/lepoint-actu.tg\/#\/schema\/person\/e4026d66cbdc205cab83e169ab7eaca1","name":"La Redaction","image":{"@type":"ImageObject","inLanguage":"fr-FR","@id":"https:\/\/lepoint-actu.tg\/#\/schema\/person\/image\/","url":"https:\/\/secure.gravatar.com\/avatar\/1682a0ff7e2c36efa51c5d262eea092000ec1ce420118e6261440956730308c2?s=96&d=mm&r=g","contentUrl":"https:\/\/secure.gravatar.com\/avatar\/1682a0ff7e2c36efa51c5d262eea092000ec1ce420118e6261440956730308c2?s=96&d=mm&r=g","caption":"La Redaction"},"url":"https:\/\/lepoint-actu.tg\/index.php\/author\/raymondsama\/"}]}},"_links":{"self":[{"href":"https:\/\/lepoint-actu.tg\/index.php\/wp-json\/wp\/v2\/posts\/4597","targetHints":{"allow":["GET"]}}],"collection":[{"href":"https:\/\/lepoint-actu.tg\/index.php\/wp-json\/wp\/v2\/posts"}],"about":[{"href":"https:\/\/lepoint-actu.tg\/index.php\/wp-json\/wp\/v2\/types\/post"}],"author":[{"embeddable":true,"href":"https:\/\/lepoint-actu.tg\/index.php\/wp-json\/wp\/v2\/users\/2"}],"replies":[{"embeddable":true,"href":"https:\/\/lepoint-actu.tg\/index.php\/wp-json\/wp\/v2\/comments?post=4597"}],"version-history":[{"count":2,"href":"https:\/\/lepoint-actu.tg\/index.php\/wp-json\/wp\/v2\/posts\/4597\/revisions"}],"predecessor-version":[{"id":4608,"href":"https:\/\/lepoint-actu.tg\/index.php\/wp-json\/wp\/v2\/posts\/4597\/revisions\/4608"}],"wp:featuredmedia":[{"embeddable":true,"href":"https:\/\/lepoint-actu.tg\/index.php\/wp-json\/wp\/v2\/media\/1789"}],"wp:attachment":[{"href":"https:\/\/lepoint-actu.tg\/index.php\/wp-json\/wp\/v2\/media?parent=4597"}],"wp:term":[{"taxonomy":"category","embeddable":true,"href":"https:\/\/lepoint-actu.tg\/index.php\/wp-json\/wp\/v2\/categories?post=4597"},{"taxonomy":"post_tag","embeddable":true,"href":"https:\/\/lepoint-actu.tg\/index.php\/wp-json\/wp\/v2\/tags?post=4597"}],"curies":[{"name":"wp","href":"https:\/\/api.w.org\/{rel}","templated":true}]}}