{"id":4619,"date":"2025-10-23T12:05:25","date_gmt":"2025-10-23T12:05:25","guid":{"rendered":"https:\/\/lepoint-actu.tg\/?p=4619"},"modified":"2025-10-23T12:05:30","modified_gmt":"2025-10-23T12:05:30","slug":"clap-de-fin-de-la-foire-des-saveurs-locales-a-kara","status":"publish","type":"post","link":"https:\/\/lepoint-actu.tg\/index.php\/2025\/10\/23\/clap-de-fin-de-la-foire-des-saveurs-locales-a-kara\/","title":{"rendered":"Clap de fin de la foire des saveurs locales \u00e0 Kara"},"content":{"rendered":"\n<p>La ville de Kara, environ 412 km au nord de Lom\u00e9, a vibr\u00e9 du 21 au 22 octobre 2025 au rythme de la foire des saveurs locales regroupant des exposants venus du B\u00e9nin et du Togo. Selon les informations, il s&rsquo;agit d&rsquo;un \u00e9v\u00e9nement in\u00e9dit port\u00e9 par l\u2019Ong OADEL en collaboration avec son partenaire financier Suisse \u2018Br\u00fccke Le Pont\u2019.<\/p>\n\n\n\n<p><br>D\u00e9di\u00e9e \u00e0 la promotion des produits locaux, cette foire a mobilis\u00e9 des producteurs et startups des deux pays pour exposer leurs produits dans une ambiance conviviale et professionnelle.<br>Comme chaque ann\u00e9e, cette foire se tient en marge d\u2019une rencontre de formation des diff\u00e9rents acteurs des cha\u00eenes de valeur agricoles notamment producteurs et transformateurs des produits locaux et biod\u00e9gradables.<br>\u00ab\u00a0<em><strong>L\u2019objectif est de promouvoir l\u2019emploi d\u00e9cent, augmenter les revenus des diff\u00e9rents producteurs, transformateurs et transformatrices sur les cha\u00eenes de valeur. C\u2019est aussi l\u2019occasion de donner plus de visibilit\u00e9 \u00e0 ses diff\u00e9rents projets que nous soutenons\u00a0\u00bb, a indiqu\u00e9 Nicole Bolliger, responsable du programme Afrique de \u2018BRUCKE Le PONT<\/strong><\/em>\u2019.<\/p>\n\n\n\n<figure class=\"wp-block-image size-large\"><img loading=\"lazy\" decoding=\"async\" width=\"1024\" height=\"646\" src=\"https:\/\/lepoint-actu.tg\/wp-content\/uploads\/2025\/10\/1000965675-1024x646.jpg\" alt=\"\" class=\"wp-image-4621\" srcset=\"https:\/\/lepoint-actu.tg\/wp-content\/uploads\/2025\/10\/1000965675-1024x646.jpg 1024w, https:\/\/lepoint-actu.tg\/wp-content\/uploads\/2025\/10\/1000965675-300x189.jpg 300w, https:\/\/lepoint-actu.tg\/wp-content\/uploads\/2025\/10\/1000965675-768x484.jpg 768w, https:\/\/lepoint-actu.tg\/wp-content\/uploads\/2025\/10\/1000965675-1536x968.jpg 1536w, https:\/\/lepoint-actu.tg\/wp-content\/uploads\/2025\/10\/1000965675-2048x1291.jpg 2048w\" sizes=\"auto, (max-width: 1024px) 100vw, 1024px\" \/><figcaption class=\"wp-element-caption\">0-0x0-0-0#<\/figcaption><\/figure>\n\n\n\n<p><br>Cette mini-foire met aussi en valeur la richesse des produits des deux pays notamment le Benin et le Togo \u00e0 travers la diversit\u00e9 des saveurs qu\u2019ils pr\u00e9sentent.<br>Des pains \u00e0 base de soja ou du sorgho au charbon \u00e9cologique en passant par la farine du manioc, gari, tapioca, des jus de fruits, des produits cosm\u00e9tiques bio, on retrouve toute une panoplie de produits expos\u00e9s \u00e0 cette mini-foire.<br>\u00ab\u00a0Au Togo et au B\u00e9nin, le gari et le tapioca sont dans tous les m\u00e9nages et donc la fili\u00e8re manioc est une source d\u2019augmentation des revenus des m\u00e9nages en milieu rural, leur permettent de s\u2019\u00e9panouir. Donc nous travaillons avec les m\u00e9nages \u00e0 faible revenus et qui sont marginalis\u00e9s. Nous menons plusieurs actions sur le terrain dans ce sens avec l\u2019accompagnement et le soutien de notre partenaire\u00a0\u00bb, a t\u00e9moign\u00e9 TITI Marius Anani, directeur ex\u00e9cutif de l\u2019ONG Capacit\u00e9 21 au B\u00e9nin.<br>A travers ces rencontres annuelles, marqu\u00e9es par des mini-foires alimentaires, l\u2019organisation BRUCKE Le PONT Suisse et ses partenaires dont l\u2019OADEL, Organisation pour l\u2019Alimentation et le D\u00e9veloppement Local, scellent des liens d\u2019amiti\u00e9s pour un meilleur accompagnement des populations vuln\u00e9rables du Togo et du B\u00e9nin. Un accompagnement qui dure d\u00e9j\u00e0 plus de trois d\u00e9cennies. Cette foire a pris fin hier sur une note de satisfaction selon participants et organisateurs.<\/p>\n\n\n\n<p><strong><em>Jules T\u00e9t\u00e9 <\/em><\/strong><\/p>\n\n\n\n<p>Nous contacter pour tous besoins aux num\u00e9ros : (00228) 90213091 \/71999024 \/99149300<\/p>\n","protected":false},"excerpt":{"rendered":"<p>La ville de Kara, environ 412 km au nord de Lom\u00e9, a vibr\u00e9 du 21 au 22 octobre 2025 au<\/p>\n","protected":false},"author":2,"featured_media":4620,"comment_status":"open","ping_status":"closed","sticky":false,"template":"","format":"standard","meta":{"footnotes":""},"categories":[4],"tags":[],"class_list":["post-4619","post","type-post","status-publish","format-standard","has-post-thumbnail","hentry","category-economie"],"yoast_head":"<!-- This site is optimized with the Yoast SEO plugin v23.9 - https:\/\/yoast.com\/wordpress\/plugins\/seo\/ -->\n<title>Clap de fin de la foire des saveurs locales \u00e0 Kara -<\/title>\n<meta name=\"robots\" content=\"index, follow, max-snippet:-1, max-image-preview:large, max-video-preview:-1\" \/>\n<link rel=\"canonical\" href=\"https:\/\/lepoint-actu.tg\/index.php\/2025\/10\/23\/clap-de-fin-de-la-foire-des-saveurs-locales-a-kara\/\" \/>\n<meta property=\"og:locale\" content=\"fr_FR\" \/>\n<meta property=\"og:type\" content=\"article\" \/>\n<meta property=\"og:title\" content=\"Clap de fin de la foire des saveurs locales \u00e0 Kara -\" \/>\n<meta property=\"og:description\" content=\"La ville de Kara, environ 412 km au nord de Lom\u00e9, a vibr\u00e9 du 21 au 22 octobre 2025 au\" \/>\n<meta property=\"og:url\" content=\"https:\/\/lepoint-actu.tg\/index.php\/2025\/10\/23\/clap-de-fin-de-la-foire-des-saveurs-locales-a-kara\/\" \/>\n<meta property=\"article:published_time\" content=\"2025-10-23T12:05:25+00:00\" \/>\n<meta property=\"article:modified_time\" content=\"2025-10-23T12:05:30+00:00\" \/>\n<meta property=\"og:image\" content=\"https:\/\/lepoint-actu.tg\/wp-content\/uploads\/2025\/10\/IMG_20251023_113349_087-scaled.jpg\" \/>\n\t<meta property=\"og:image:width\" content=\"2560\" \/>\n\t<meta property=\"og:image:height\" content=\"1561\" \/>\n\t<meta property=\"og:image:type\" content=\"image\/jpeg\" \/>\n<meta name=\"author\" content=\"La Redaction\" \/>\n<meta name=\"twitter:card\" content=\"summary_large_image\" \/>\n<meta name=\"twitter:label1\" content=\"\u00c9crit par\" \/>\n\t<meta name=\"twitter:data1\" content=\"La Redaction\" \/>\n\t<meta name=\"twitter:label2\" content=\"Dur\u00e9e de lecture estim\u00e9e\" \/>\n\t<meta name=\"twitter:data2\" content=\"3 minutes\" \/>\n<script type=\"application\/ld+json\" class=\"yoast-schema-graph\">{\"@context\":\"https:\/\/schema.org\",\"@graph\":[{\"@type\":\"WebPage\",\"@id\":\"https:\/\/lepoint-actu.tg\/index.php\/2025\/10\/23\/clap-de-fin-de-la-foire-des-saveurs-locales-a-kara\/\",\"url\":\"https:\/\/lepoint-actu.tg\/index.php\/2025\/10\/23\/clap-de-fin-de-la-foire-des-saveurs-locales-a-kara\/\",\"name\":\"Clap de fin de la foire des saveurs locales \u00e0 Kara -\",\"isPartOf\":{\"@id\":\"https:\/\/lepoint-actu.tg\/#website\"},\"primaryImageOfPage\":{\"@id\":\"https:\/\/lepoint-actu.tg\/index.php\/2025\/10\/23\/clap-de-fin-de-la-foire-des-saveurs-locales-a-kara\/#primaryimage\"},\"image\":{\"@id\":\"https:\/\/lepoint-actu.tg\/index.php\/2025\/10\/23\/clap-de-fin-de-la-foire-des-saveurs-locales-a-kara\/#primaryimage\"},\"thumbnailUrl\":\"https:\/\/lepoint-actu.tg\/wp-content\/uploads\/2025\/10\/IMG_20251023_113349_087-scaled.jpg\",\"datePublished\":\"2025-10-23T12:05:25+00:00\",\"dateModified\":\"2025-10-23T12:05:30+00:00\",\"author\":{\"@id\":\"https:\/\/lepoint-actu.tg\/#\/schema\/person\/e4026d66cbdc205cab83e169ab7eaca1\"},\"breadcrumb\":{\"@id\":\"https:\/\/lepoint-actu.tg\/index.php\/2025\/10\/23\/clap-de-fin-de-la-foire-des-saveurs-locales-a-kara\/#breadcrumb\"},\"inLanguage\":\"fr-FR\",\"potentialAction\":[{\"@type\":\"ReadAction\",\"target\":[\"https:\/\/lepoint-actu.tg\/index.php\/2025\/10\/23\/clap-de-fin-de-la-foire-des-saveurs-locales-a-kara\/\"]}]},{\"@type\":\"ImageObject\",\"inLanguage\":\"fr-FR\",\"@id\":\"https:\/\/lepoint-actu.tg\/index.php\/2025\/10\/23\/clap-de-fin-de-la-foire-des-saveurs-locales-a-kara\/#primaryimage\",\"url\":\"https:\/\/lepoint-actu.tg\/wp-content\/uploads\/2025\/10\/IMG_20251023_113349_087-scaled.jpg\",\"contentUrl\":\"https:\/\/lepoint-actu.tg\/wp-content\/uploads\/2025\/10\/IMG_20251023_113349_087-scaled.jpg\",\"width\":2560,\"height\":1561,\"caption\":\"0-0x0-0-0#\"},{\"@type\":\"BreadcrumbList\",\"@id\":\"https:\/\/lepoint-actu.tg\/index.php\/2025\/10\/23\/clap-de-fin-de-la-foire-des-saveurs-locales-a-kara\/#breadcrumb\",\"itemListElement\":[{\"@type\":\"ListItem\",\"position\":1,\"name\":\"Accueil\",\"item\":\"https:\/\/lepoint-actu.tg\/\"},{\"@type\":\"ListItem\",\"position\":2,\"name\":\"Clap de fin de la foire des saveurs locales \u00e0 Kara\"}]},{\"@type\":\"WebSite\",\"@id\":\"https:\/\/lepoint-actu.tg\/#website\",\"url\":\"https:\/\/lepoint-actu.tg\/\",\"name\":\"\",\"description\":\"R\u00e9c\u00e9piss\u00e9 N\u00b00022\/HAAC\/12-2020\/pL\/P, lepointactu07@gmail.com\",\"potentialAction\":[{\"@type\":\"SearchAction\",\"target\":{\"@type\":\"EntryPoint\",\"urlTemplate\":\"https:\/\/lepoint-actu.tg\/?s={search_term_string}\"},\"query-input\":{\"@type\":\"PropertyValueSpecification\",\"valueRequired\":true,\"valueName\":\"search_term_string\"}}],\"inLanguage\":\"fr-FR\"},{\"@type\":\"Person\",\"@id\":\"https:\/\/lepoint-actu.tg\/#\/schema\/person\/e4026d66cbdc205cab83e169ab7eaca1\",\"name\":\"La Redaction\",\"image\":{\"@type\":\"ImageObject\",\"inLanguage\":\"fr-FR\",\"@id\":\"https:\/\/lepoint-actu.tg\/#\/schema\/person\/image\/\",\"url\":\"https:\/\/secure.gravatar.com\/avatar\/1682a0ff7e2c36efa51c5d262eea092000ec1ce420118e6261440956730308c2?s=96&d=mm&r=g\",\"contentUrl\":\"https:\/\/secure.gravatar.com\/avatar\/1682a0ff7e2c36efa51c5d262eea092000ec1ce420118e6261440956730308c2?s=96&d=mm&r=g\",\"caption\":\"La Redaction\"},\"url\":\"https:\/\/lepoint-actu.tg\/index.php\/author\/raymondsama\/\"}]}<\/script>\n<!-- \/ Yoast SEO plugin. -->","yoast_head_json":{"title":"Clap de fin de la foire des saveurs locales \u00e0 Kara -","robots":{"index":"index","follow":"follow","max-snippet":"max-snippet:-1","max-image-preview":"max-image-preview:large","max-video-preview":"max-video-preview:-1"},"canonical":"https:\/\/lepoint-actu.tg\/index.php\/2025\/10\/23\/clap-de-fin-de-la-foire-des-saveurs-locales-a-kara\/","og_locale":"fr_FR","og_type":"article","og_title":"Clap de fin de la foire des saveurs locales \u00e0 Kara -","og_description":"La ville de Kara, environ 412 km au nord de Lom\u00e9, a vibr\u00e9 du 21 au 22 octobre 2025 au","og_url":"https:\/\/lepoint-actu.tg\/index.php\/2025\/10\/23\/clap-de-fin-de-la-foire-des-saveurs-locales-a-kara\/","article_published_time":"2025-10-23T12:05:25+00:00","article_modified_time":"2025-10-23T12:05:30+00:00","og_image":[{"width":2560,"height":1561,"url":"https:\/\/lepoint-actu.tg\/wp-content\/uploads\/2025\/10\/IMG_20251023_113349_087-scaled.jpg","type":"image\/jpeg"}],"author":"La Redaction","twitter_card":"summary_large_image","twitter_misc":{"\u00c9crit par":"La Redaction","Dur\u00e9e de lecture estim\u00e9e":"3 minutes"},"schema":{"@context":"https:\/\/schema.org","@graph":[{"@type":"WebPage","@id":"https:\/\/lepoint-actu.tg\/index.php\/2025\/10\/23\/clap-de-fin-de-la-foire-des-saveurs-locales-a-kara\/","url":"https:\/\/lepoint-actu.tg\/index.php\/2025\/10\/23\/clap-de-fin-de-la-foire-des-saveurs-locales-a-kara\/","name":"Clap de fin de la foire des saveurs locales \u00e0 Kara -","isPartOf":{"@id":"https:\/\/lepoint-actu.tg\/#website"},"primaryImageOfPage":{"@id":"https:\/\/lepoint-actu.tg\/index.php\/2025\/10\/23\/clap-de-fin-de-la-foire-des-saveurs-locales-a-kara\/#primaryimage"},"image":{"@id":"https:\/\/lepoint-actu.tg\/index.php\/2025\/10\/23\/clap-de-fin-de-la-foire-des-saveurs-locales-a-kara\/#primaryimage"},"thumbnailUrl":"https:\/\/lepoint-actu.tg\/wp-content\/uploads\/2025\/10\/IMG_20251023_113349_087-scaled.jpg","datePublished":"2025-10-23T12:05:25+00:00","dateModified":"2025-10-23T12:05:30+00:00","author":{"@id":"https:\/\/lepoint-actu.tg\/#\/schema\/person\/e4026d66cbdc205cab83e169ab7eaca1"},"breadcrumb":{"@id":"https:\/\/lepoint-actu.tg\/index.php\/2025\/10\/23\/clap-de-fin-de-la-foire-des-saveurs-locales-a-kara\/#breadcrumb"},"inLanguage":"fr-FR","potentialAction":[{"@type":"ReadAction","target":["https:\/\/lepoint-actu.tg\/index.php\/2025\/10\/23\/clap-de-fin-de-la-foire-des-saveurs-locales-a-kara\/"]}]},{"@type":"ImageObject","inLanguage":"fr-FR","@id":"https:\/\/lepoint-actu.tg\/index.php\/2025\/10\/23\/clap-de-fin-de-la-foire-des-saveurs-locales-a-kara\/#primaryimage","url":"https:\/\/lepoint-actu.tg\/wp-content\/uploads\/2025\/10\/IMG_20251023_113349_087-scaled.jpg","contentUrl":"https:\/\/lepoint-actu.tg\/wp-content\/uploads\/2025\/10\/IMG_20251023_113349_087-scaled.jpg","width":2560,"height":1561,"caption":"0-0x0-0-0#"},{"@type":"BreadcrumbList","@id":"https:\/\/lepoint-actu.tg\/index.php\/2025\/10\/23\/clap-de-fin-de-la-foire-des-saveurs-locales-a-kara\/#breadcrumb","itemListElement":[{"@type":"ListItem","position":1,"name":"Accueil","item":"https:\/\/lepoint-actu.tg\/"},{"@type":"ListItem","position":2,"name":"Clap de fin de la foire des saveurs locales \u00e0 Kara"}]},{"@type":"WebSite","@id":"https:\/\/lepoint-actu.tg\/#website","url":"https:\/\/lepoint-actu.tg\/","name":"","description":"R\u00e9c\u00e9piss\u00e9 N\u00b00022\/HAAC\/12-2020\/pL\/P, lepointactu07@gmail.com","potentialAction":[{"@type":"SearchAction","target":{"@type":"EntryPoint","urlTemplate":"https:\/\/lepoint-actu.tg\/?s={search_term_string}"},"query-input":{"@type":"PropertyValueSpecification","valueRequired":true,"valueName":"search_term_string"}}],"inLanguage":"fr-FR"},{"@type":"Person","@id":"https:\/\/lepoint-actu.tg\/#\/schema\/person\/e4026d66cbdc205cab83e169ab7eaca1","name":"La Redaction","image":{"@type":"ImageObject","inLanguage":"fr-FR","@id":"https:\/\/lepoint-actu.tg\/#\/schema\/person\/image\/","url":"https:\/\/secure.gravatar.com\/avatar\/1682a0ff7e2c36efa51c5d262eea092000ec1ce420118e6261440956730308c2?s=96&d=mm&r=g","contentUrl":"https:\/\/secure.gravatar.com\/avatar\/1682a0ff7e2c36efa51c5d262eea092000ec1ce420118e6261440956730308c2?s=96&d=mm&r=g","caption":"La Redaction"},"url":"https:\/\/lepoint-actu.tg\/index.php\/author\/raymondsama\/"}]}},"_links":{"self":[{"href":"https:\/\/lepoint-actu.tg\/index.php\/wp-json\/wp\/v2\/posts\/4619","targetHints":{"allow":["GET"]}}],"collection":[{"href":"https:\/\/lepoint-actu.tg\/index.php\/wp-json\/wp\/v2\/posts"}],"about":[{"href":"https:\/\/lepoint-actu.tg\/index.php\/wp-json\/wp\/v2\/types\/post"}],"author":[{"embeddable":true,"href":"https:\/\/lepoint-actu.tg\/index.php\/wp-json\/wp\/v2\/users\/2"}],"replies":[{"embeddable":true,"href":"https:\/\/lepoint-actu.tg\/index.php\/wp-json\/wp\/v2\/comments?post=4619"}],"version-history":[{"count":1,"href":"https:\/\/lepoint-actu.tg\/index.php\/wp-json\/wp\/v2\/posts\/4619\/revisions"}],"predecessor-version":[{"id":4622,"href":"https:\/\/lepoint-actu.tg\/index.php\/wp-json\/wp\/v2\/posts\/4619\/revisions\/4622"}],"wp:featuredmedia":[{"embeddable":true,"href":"https:\/\/lepoint-actu.tg\/index.php\/wp-json\/wp\/v2\/media\/4620"}],"wp:attachment":[{"href":"https:\/\/lepoint-actu.tg\/index.php\/wp-json\/wp\/v2\/media?parent=4619"}],"wp:term":[{"taxonomy":"category","embeddable":true,"href":"https:\/\/lepoint-actu.tg\/index.php\/wp-json\/wp\/v2\/categories?post=4619"},{"taxonomy":"post_tag","embeddable":true,"href":"https:\/\/lepoint-actu.tg\/index.php\/wp-json\/wp\/v2\/tags?post=4619"}],"curies":[{"name":"wp","href":"https:\/\/api.w.org\/{rel}","templated":true}]}}