{"id":4668,"date":"2025-11-29T12:29:19","date_gmt":"2025-11-29T12:29:19","guid":{"rendered":"https:\/\/lepoint-actu.tg\/?p=4668"},"modified":"2025-11-30T13:11:08","modified_gmt":"2025-11-30T13:11:08","slug":"mobilisation-pour-la-reduction-maximum-des-cas-daccidents-en-cette-fin-dannee-2025","status":"publish","type":"post","link":"https:\/\/lepoint-actu.tg\/index.php\/2025\/11\/29\/mobilisation-pour-la-reduction-maximum-des-cas-daccidents-en-cette-fin-dannee-2025\/","title":{"rendered":"Mobilisation pour la r\u00e9duction maximum des cas d\u2019accidents en cette fin d\u2019Ann\u00e9e 2025"},"content":{"rendered":"\n<p><br>Ce samedi 29 novembre 2025 a \u00e9t\u00e9 une grande journ\u00e9e de sensibilisation \u00e0 l\u2019endroit des conducteurs de taxi-motos et taxi-tricycles \u00e0 Lom\u00e9. Organis\u00e9e par Citoyen de la Route avec l\u2019appui financier et technique de l\u2019AO Alliance Togo en partenariat avec le minist\u00e8re de la s\u00e9curit\u00e9 et autres, cette journ\u00e9e se veut \u00eatre un cadre d\u2019apports, de partages et d\u2019engagements de tous les acteurs de la route pour la sauvegarde des vies.<\/p>\n\n\n\n<figure class=\"wp-block-image size-full\"><img loading=\"lazy\" decoding=\"async\" width=\"692\" height=\"728\" src=\"https:\/\/lepoint-actu.tg\/wp-content\/uploads\/2025\/11\/1001137512.jpg\" alt=\"\" class=\"wp-image-4677\" srcset=\"https:\/\/lepoint-actu.tg\/wp-content\/uploads\/2025\/11\/1001137512.jpg 692w, https:\/\/lepoint-actu.tg\/wp-content\/uploads\/2025\/11\/1001137512-285x300.jpg 285w\" sizes=\"auto, (max-width: 692px) 100vw, 692px\" \/><\/figure>\n\n\n\n<p>\u00ab&nbsp;<em>S\u00e9curit\u00e9 routi\u00e8re-tous touch\u00e9s, tous engag\u00e9s&nbsp;<\/em>\u00bb. C\u2019est le th\u00e8me \u00e9vocateur au centre de la journ\u00e9e du 29 novembre 2025. Venus des treize (13) Communes du Grand Lom\u00e9, Conducteurs de taxi-motos, de taxi-tricycles et membres de syndicats dans leurs secteurs d\u2019activit\u00e9s, les participants \u00e0 cette journ\u00e9e sp\u00e9ciale ax\u00e9e sur la sensibilisation, l\u2019information et la formation sont une cinquantaine. Les travaux ont \u00e9t\u00e9 anim\u00e9s par des experts du minist\u00e8re de la s\u00e9curit\u00e9, de l\u2019AO Alliance Togo, du secteur des assurances, de la plateforme d\u2019\u00e9mission \u00ab Citoyen de la route&nbsp;\u00bb, de l\u2019association \u00ab&nbsp;\u00ab Mayi Magbo D\u00e9 Di\u00e9 \u00bb.<\/p>\n\n\n\n<figure class=\"wp-block-image size-large\"><img loading=\"lazy\" decoding=\"async\" width=\"1024\" height=\"826\" src=\"https:\/\/lepoint-actu.tg\/wp-content\/uploads\/2025\/11\/1001137243-1024x826.jpg\" alt=\"\" class=\"wp-image-4670\" srcset=\"https:\/\/lepoint-actu.tg\/wp-content\/uploads\/2025\/11\/1001137243-1024x826.jpg 1024w, https:\/\/lepoint-actu.tg\/wp-content\/uploads\/2025\/11\/1001137243-300x242.jpg 300w, https:\/\/lepoint-actu.tg\/wp-content\/uploads\/2025\/11\/1001137243-768x620.jpg 768w, https:\/\/lepoint-actu.tg\/wp-content\/uploads\/2025\/11\/1001137243-1536x1239.jpg 1536w, https:\/\/lepoint-actu.tg\/wp-content\/uploads\/2025\/11\/1001137243-2048x1652.jpg 2048w\" sizes=\"auto, (max-width: 1024px) 100vw, 1024px\" \/><\/figure>\n\n\n\n<p><\/p>\n\n\n\n<p><strong>Le d\u00e9fis d&rsquo;une r\u00e9duction maximum des cas d&rsquo;accidents<\/strong><br>Pour Romel Awat\u00e9 de \u00ab&nbsp;Citoyen de la route&nbsp;\u00bb et organisateur de cet \u00e9v\u00e8nement, \u00ab d\u00e9cembre \u00e9tant un mois d\u2019intenses activit\u00e9s \u00bb et de grands moments de joie, il \u00e9tait n\u00e9cessaire d\u2019organiser cette assise pour apprendre et ou rappeler aux diff\u00e9rents participants \u00ab&nbsp;les r\u00e8gles \u00e9l\u00e9mentaires du code de la route&nbsp;\u00bb. Car, \u00ab&nbsp;parfois&nbsp;\u00bb, soutient-il \u00ab&nbsp;c\u2019est par ignorance que certains ne respectent pas le code de la route \u00bb.<br>Les travaux ont \u00e9t\u00e9 ouverts au nom du minist\u00e8re de la s\u00e9curit\u00e9 par le Commissaire divisionnaire Tassa Agba, Directeur de la s\u00e9curit\u00e9 routi\u00e8re et repr\u00e9sentant personnel \u00e0 cette occasion de son ministre de tutelle. Le repr\u00e9sentant du gouvernement en ouvrant les travaux a soulign\u00e9 que les premi\u00e8res autorit\u00e9s du pays mettent tout en \u0153uvre pour une meilleure s\u00e9curit\u00e9 des populations mais force est de constater qu\u2019il y a encore assez de cas d\u2019accidents \u00ab&nbsp;sur nos routes&nbsp;\u00bb. Il appelle ainsi \u00e0 un sursaut de toutes et de tous pour la pr\u00e9servation des vies et du d\u00e9veloppement du pays conform\u00e9ment \u00e0 la vision du gouvernement. Pour ce Commissaire divisionnaire, chacun des citoyens doit faire appel \u00e0 sa conscience personnelle en terme d\u2019\u00e9ducation depuis la maison, dans son lieu de formation et ou de travail, \u00e0 tous moments o\u00f9 l\u2019on veut se mettre sur la route et lorsqu\u2019on est sur la route dans le respect des codes de la route dans un esprit de tol\u00e9rance.<\/p>\n\n\n\n<figure class=\"wp-block-image size-large\"><img loading=\"lazy\" decoding=\"async\" width=\"1024\" height=\"1024\" src=\"https:\/\/lepoint-actu.tg\/wp-content\/uploads\/2025\/11\/1001132848-1024x1024.jpg\" alt=\"\" class=\"wp-image-4671\" srcset=\"https:\/\/lepoint-actu.tg\/wp-content\/uploads\/2025\/11\/1001132848-1024x1024.jpg 1024w, https:\/\/lepoint-actu.tg\/wp-content\/uploads\/2025\/11\/1001132848-300x300.jpg 300w, https:\/\/lepoint-actu.tg\/wp-content\/uploads\/2025\/11\/1001132848-150x150.jpg 150w, https:\/\/lepoint-actu.tg\/wp-content\/uploads\/2025\/11\/1001132848-768x768.jpg 768w, https:\/\/lepoint-actu.tg\/wp-content\/uploads\/2025\/11\/1001132848-1536x1536.jpg 1536w, https:\/\/lepoint-actu.tg\/wp-content\/uploads\/2025\/11\/1001132848-2048x2048.jpg 2048w\" sizes=\"auto, (max-width: 1024px) 100vw, 1024px\" \/><figcaption class=\"wp-element-caption\">0-0x0-0-0#<\/figcaption><\/figure>\n\n\n\n<p>\u00ab Nous avons constat\u00e9 qu\u2019il y a un travail qui est fait, il y a une diminution des accidents de la circulation \u00bb, dit M. Tassa. \u00ab Notre objectif aujourd\u2019hui, c\u2019est de faire en sorte qu\u2019on se retrouve vraiment \u00e0 presque z\u00e9ro accident de la circulation, sinon moins de morts sur nos routes et ceci serait gr\u00e2ce \u00e0 l\u2019engagement de nous tous \u00bb, a-t-il poursuivi. \u00abJe pense que la s\u00e9curit\u00e9 routi\u00e8re est une affaire de nous tous et nous devons parler le m\u00eame langage, moi j\u2019ai l\u2019habitude de penser que la formation en s\u00e9curit\u00e9 routi\u00e8re doit commencer dans le berceau c\u2019est-\u00e0-dire \u00e0 la maison avec nos enfants ; d\u00e9j\u00e0 il faut que nous apprenions \u00e0 nos enfants que la route n\u2019est pas une aire de jeu, c\u2019est un endroit o\u00f9 il y a des engins qui passent avec une grande vitesse, il faut que nous disions \u00e0 nos enfants qui vont \u00e0 l\u2019\u00e9cole qu\u2019ils doivent \u00eatre prudents, qu\u2019ils doivent lire leur cours sur la pr\u00e9vention routi\u00e8re, ils doivent suivre les conseils des a\u00een\u00e9s \u00bb, souligne-t-il. \u00ab Egalement aux parents, nous prenons la route pour aller au service chaque matin, nous qui sommes conducteurs de taxi-moto, conducteur de tricycle ou conducteur de taxi, ou bien m\u00eame de voiture personnelle nous devons vraiment rester prudents car la route ne saurait \u00eatre un mouroir au contraire c\u2019est un facteur de d\u00e9veloppement \u00bb, conseille-t-il. Sur ces moments de f\u00eates de fin d\u2019ann\u00e9e, il appelle \u00e0 plus de mod\u00e9ration. \u00ab Pendant les f\u00eates, je pense que tout le monde doit pouvoir user de la mod\u00e9ration, de la mod\u00e9ration dans sa fougue festive parce qu\u2019apr\u00e8s la f\u00eate la vie continue, nous devons continuer \u00e0 travailler pour nourrir nos familles, nous devons travailler pour le d\u00e9veloppement du pays \u00bb, a-t-il conclu.<\/p>\n\n\n\n<p><strong>Des chiffres lourds qui interpellent<\/strong><br>La communication portant sur l\u2019\u00ab\u00e9tat des lieux des accidents de la route au Togo&nbsp;\u00bb co-anim\u00e9e par le Commissaire principal de police, K\u00e9dou Eyasama Directeur de la planification, des statistiques et du suivi-\u00e9valuation au minist\u00e8re de la s\u00e9curit\u00e9 et le Chef d\u2019escadron Oud\u00e9\u00ef Yara Bachirou, Directeur adjoint de la s\u00e9curit\u00e9 a r\u00e9v\u00e9l\u00e9 qu\u2019il y a eu un total de 5&nbsp;871 accidents de la route dans l\u2019intervalle de janvier 2025 \u00e0 fin octobre 2025 dont 538 morts. <\/p>\n\n\n\n<figure class=\"wp-block-image size-large\"><img loading=\"lazy\" decoding=\"async\" width=\"1024\" height=\"749\" src=\"https:\/\/lepoint-actu.tg\/wp-content\/uploads\/2025\/11\/1001137249-1024x749.jpg\" alt=\"\" class=\"wp-image-4672\" srcset=\"https:\/\/lepoint-actu.tg\/wp-content\/uploads\/2025\/11\/1001137249-1024x749.jpg 1024w, https:\/\/lepoint-actu.tg\/wp-content\/uploads\/2025\/11\/1001137249-300x219.jpg 300w, https:\/\/lepoint-actu.tg\/wp-content\/uploads\/2025\/11\/1001137249-768x561.jpg 768w, https:\/\/lepoint-actu.tg\/wp-content\/uploads\/2025\/11\/1001137249-1536x1123.jpg 1536w, https:\/\/lepoint-actu.tg\/wp-content\/uploads\/2025\/11\/1001137249-2048x1497.jpg 2048w\" sizes=\"auto, (max-width: 1024px) 100vw, 1024px\" \/><\/figure>\n\n\n\n<p><strong>Un appel \u00e0 plus d&rsquo;engagement et de responsabilit\u00e9 <\/strong><\/p>\n\n\n\n<p>Le Professeur m\u00e9decin col. Gr\u00e9goire Anani Abalo, Chef service de traumato au Centre Hospitalier Universitaire Sylvanus Olympio (CHU-S0) et responsable de l\u2019AO Alliance Togo, le facteur humain c\u2019est-\u00e0-dire les facteurs comportementaux que sont exc\u00e8s de vitesse, d\u00e9faut de ma\u00eetrise et d\u00e9passements dangereux sont les principales causes des accidents. Ces facteurs sont les causes sur lesquels les diff\u00e9rents experts sont unanimes. Le professeur Abalo appelle ainsi \u00e0 plus de conscience, \u00e0 plus de ma\u00eetrise de soi et de respect du code de la route pour \u00e9viter les accidents de la circulation, \u00e9viter les blessures et fractures dont les traitements sont \u00e0 des co\u00fbts \u00e9lev\u00e9s. <\/p>\n\n\n\n<figure class=\"wp-block-image size-large\"><img loading=\"lazy\" decoding=\"async\" width=\"1024\" height=\"1006\" src=\"https:\/\/lepoint-actu.tg\/wp-content\/uploads\/2025\/11\/1001137241-1024x1006.jpg\" alt=\"\" class=\"wp-image-4673\" srcset=\"https:\/\/lepoint-actu.tg\/wp-content\/uploads\/2025\/11\/1001137241-1024x1006.jpg 1024w, https:\/\/lepoint-actu.tg\/wp-content\/uploads\/2025\/11\/1001137241-300x295.jpg 300w, https:\/\/lepoint-actu.tg\/wp-content\/uploads\/2025\/11\/1001137241-768x755.jpg 768w, https:\/\/lepoint-actu.tg\/wp-content\/uploads\/2025\/11\/1001137241-1536x1510.jpg 1536w, https:\/\/lepoint-actu.tg\/wp-content\/uploads\/2025\/11\/1001137241-2048x2013.jpg 2048w\" sizes=\"auto, (max-width: 1024px) 100vw, 1024px\" \/><\/figure>\n\n\n\n<p>Commen\u00e7ant sa communication ax\u00e9e sur \u00ab&nbsp;d\u00e9fis de la prise en charge des victimes et importance de l\u2019assurance&nbsp;\u00bb, lors de la sensibilisation par une histoire anecdotique sur un jeune adulte de 34 ans ayant eu une facture de l\u2019hum\u00e9rus droit suite \u00e0 un accident de circulation, l\u2019expert en traumatologie a fait savoir in fine que le respect des r\u00e8gles prescrites notamment absence d\u2019exc\u00e8s de vitesse, l\u2019\u00e9viction des d\u00e9passement dangereux, le respect scrupuleux du code de la route dans son ensemble aidera \u00e0 \u00e9viter au maximum les cas d\u2019accident bien que les routes aujourd\u2019hui soient bonnes.<\/p>\n\n\n\n<figure class=\"wp-block-image size-large\"><img loading=\"lazy\" decoding=\"async\" width=\"1024\" height=\"982\" src=\"https:\/\/lepoint-actu.tg\/wp-content\/uploads\/2025\/11\/1001137242-1024x982.jpg\" alt=\"\" class=\"wp-image-4675\" srcset=\"https:\/\/lepoint-actu.tg\/wp-content\/uploads\/2025\/11\/1001137242-1024x982.jpg 1024w, https:\/\/lepoint-actu.tg\/wp-content\/uploads\/2025\/11\/1001137242-300x288.jpg 300w, https:\/\/lepoint-actu.tg\/wp-content\/uploads\/2025\/11\/1001137242-768x736.jpg 768w, https:\/\/lepoint-actu.tg\/wp-content\/uploads\/2025\/11\/1001137242-1536x1472.jpg 1536w, https:\/\/lepoint-actu.tg\/wp-content\/uploads\/2025\/11\/1001137242-2048x1963.jpg 2048w\" sizes=\"auto, (max-width: 1024px) 100vw, 1024px\" \/><\/figure>\n\n\n\n<p><br>A l\u2019occasion de cette grande journ\u00e9e, il y a eu trois communications&nbsp;: d\u2019abord, \u00ab&nbsp;\u00e9tat des lieux des accidents de la route au Togo&nbsp;\u00bb, ensuite \u00ab&nbsp;\u00e9thique et d\u00e9ontologie du conducteur de taxi-moto&nbsp;\u00bb et enfin \u00ab&nbsp;d\u00e9fis de la prise en charge des victimes et importance de l\u2019assurance&nbsp;\u00bb. Un grand moment de distribution de casques aux conducteurs des engins a cl\u00f4tur\u00e9 cette journ\u00e9e m\u00e9morable.<br>Locoh Jean, un des participants \u00e0 cette journ\u00e9e de sensibilisation et conducteur de taxi- moto ne cache pas sa joie et dit remercier sinc\u00e8rement AO Alliance Togo et organisateurs de ladite journ\u00e9e gr\u00e2ce \u00e0 qui des conducteurs de taxi-moto b\u00e9n\u00e9ficient des casques en plus d\u2019une formation tr\u00e8s importante. <\/p>\n\n\n\n<figure class=\"wp-block-image size-full\"><img loading=\"lazy\" decoding=\"async\" width=\"690\" height=\"719\" src=\"https:\/\/lepoint-actu.tg\/wp-content\/uploads\/2025\/11\/1001135368.jpg\" alt=\"\" class=\"wp-image-4674\" srcset=\"https:\/\/lepoint-actu.tg\/wp-content\/uploads\/2025\/11\/1001135368.jpg 690w, https:\/\/lepoint-actu.tg\/wp-content\/uploads\/2025\/11\/1001135368-288x300.jpg 288w\" sizes=\"auto, (max-width: 690px) 100vw, 690px\" \/><\/figure>\n\n\n\n<p>\u00ab&nbsp;J\u2019ai b\u00e9n\u00e9fici\u00e9 de ce casque gratuitement&nbsp;\u00bb, dit M. Locoh. \u00ab&nbsp;Je vais en prendre soins et chaque fois que je veux monter sur ma moto je le porterai&nbsp;\u00bb, a-t-il soulign\u00e9.<\/p>\n\n\n\n<p><strong><em>Ali Legrand <\/em><\/strong><\/p>\n\n\n\n<p><\/p>\n\n\n\n<p><em><strong>Nous contacter pour tous besoins aux num\u00e9ros (00228)90 21 30 91\/98866570\/99 14 93 00<\/strong><\/em><\/p>\n","protected":false},"excerpt":{"rendered":"<p>Ce samedi 29 novembre 2025 a \u00e9t\u00e9 une grande journ\u00e9e de sensibilisation \u00e0 l\u2019endroit des conducteurs de taxi-motos et taxi-tricycles<\/p>\n","protected":false},"author":2,"featured_media":4669,"comment_status":"open","ping_status":"closed","sticky":false,"template":"","format":"standard","meta":{"footnotes":""},"categories":[1],"tags":[],"class_list":["post-4668","post","type-post","status-publish","format-standard","has-post-thumbnail","hentry","category-societe"],"yoast_head":"<!-- This site is optimized with the Yoast SEO plugin v23.9 - https:\/\/yoast.com\/wordpress\/plugins\/seo\/ -->\n<title>Mobilisation pour la r\u00e9duction maximum des cas d\u2019accidents en cette fin d\u2019Ann\u00e9e 2025 -<\/title>\n<meta name=\"robots\" content=\"index, follow, max-snippet:-1, max-image-preview:large, max-video-preview:-1\" \/>\n<link rel=\"canonical\" href=\"https:\/\/lepoint-actu.tg\/index.php\/2025\/11\/29\/mobilisation-pour-la-reduction-maximum-des-cas-daccidents-en-cette-fin-dannee-2025\/\" \/>\n<meta property=\"og:locale\" content=\"fr_FR\" \/>\n<meta property=\"og:type\" content=\"article\" \/>\n<meta property=\"og:title\" content=\"Mobilisation pour la r\u00e9duction maximum des cas d\u2019accidents en cette fin d\u2019Ann\u00e9e 2025 -\" \/>\n<meta property=\"og:description\" content=\"Ce samedi 29 novembre 2025 a \u00e9t\u00e9 une grande journ\u00e9e de sensibilisation \u00e0 l\u2019endroit des conducteurs de taxi-motos et taxi-tricycles\" \/>\n<meta property=\"og:url\" content=\"https:\/\/lepoint-actu.tg\/index.php\/2025\/11\/29\/mobilisation-pour-la-reduction-maximum-des-cas-daccidents-en-cette-fin-dannee-2025\/\" \/>\n<meta property=\"article:published_time\" content=\"2025-11-29T12:29:19+00:00\" \/>\n<meta property=\"article:modified_time\" content=\"2025-11-30T13:11:08+00:00\" \/>\n<meta property=\"og:image\" content=\"https:\/\/lepoint-actu.tg\/wp-content\/uploads\/2025\/11\/Screenshot_20251130-122514.jpg\" \/>\n\t<meta property=\"og:image:width\" content=\"719\" \/>\n\t<meta property=\"og:image:height\" content=\"668\" \/>\n\t<meta property=\"og:image:type\" content=\"image\/jpeg\" \/>\n<meta name=\"author\" content=\"La Redaction\" \/>\n<meta name=\"twitter:card\" content=\"summary_large_image\" \/>\n<meta name=\"twitter:label1\" content=\"\u00c9crit par\" \/>\n\t<meta name=\"twitter:data1\" content=\"La Redaction\" \/>\n\t<meta name=\"twitter:label2\" content=\"Dur\u00e9e de lecture estim\u00e9e\" \/>\n\t<meta name=\"twitter:data2\" content=\"8 minutes\" \/>\n<script type=\"application\/ld+json\" class=\"yoast-schema-graph\">{\"@context\":\"https:\/\/schema.org\",\"@graph\":[{\"@type\":\"WebPage\",\"@id\":\"https:\/\/lepoint-actu.tg\/index.php\/2025\/11\/29\/mobilisation-pour-la-reduction-maximum-des-cas-daccidents-en-cette-fin-dannee-2025\/\",\"url\":\"https:\/\/lepoint-actu.tg\/index.php\/2025\/11\/29\/mobilisation-pour-la-reduction-maximum-des-cas-daccidents-en-cette-fin-dannee-2025\/\",\"name\":\"Mobilisation pour la r\u00e9duction maximum des cas d\u2019accidents en cette fin d\u2019Ann\u00e9e 2025 -\",\"isPartOf\":{\"@id\":\"https:\/\/lepoint-actu.tg\/#website\"},\"primaryImageOfPage\":{\"@id\":\"https:\/\/lepoint-actu.tg\/index.php\/2025\/11\/29\/mobilisation-pour-la-reduction-maximum-des-cas-daccidents-en-cette-fin-dannee-2025\/#primaryimage\"},\"image\":{\"@id\":\"https:\/\/lepoint-actu.tg\/index.php\/2025\/11\/29\/mobilisation-pour-la-reduction-maximum-des-cas-daccidents-en-cette-fin-dannee-2025\/#primaryimage\"},\"thumbnailUrl\":\"https:\/\/lepoint-actu.tg\/wp-content\/uploads\/2025\/11\/Screenshot_20251130-122514.jpg\",\"datePublished\":\"2025-11-29T12:29:19+00:00\",\"dateModified\":\"2025-11-30T13:11:08+00:00\",\"author\":{\"@id\":\"https:\/\/lepoint-actu.tg\/#\/schema\/person\/e4026d66cbdc205cab83e169ab7eaca1\"},\"breadcrumb\":{\"@id\":\"https:\/\/lepoint-actu.tg\/index.php\/2025\/11\/29\/mobilisation-pour-la-reduction-maximum-des-cas-daccidents-en-cette-fin-dannee-2025\/#breadcrumb\"},\"inLanguage\":\"fr-FR\",\"potentialAction\":[{\"@type\":\"ReadAction\",\"target\":[\"https:\/\/lepoint-actu.tg\/index.php\/2025\/11\/29\/mobilisation-pour-la-reduction-maximum-des-cas-daccidents-en-cette-fin-dannee-2025\/\"]}]},{\"@type\":\"ImageObject\",\"inLanguage\":\"fr-FR\",\"@id\":\"https:\/\/lepoint-actu.tg\/index.php\/2025\/11\/29\/mobilisation-pour-la-reduction-maximum-des-cas-daccidents-en-cette-fin-dannee-2025\/#primaryimage\",\"url\":\"https:\/\/lepoint-actu.tg\/wp-content\/uploads\/2025\/11\/Screenshot_20251130-122514.jpg\",\"contentUrl\":\"https:\/\/lepoint-actu.tg\/wp-content\/uploads\/2025\/11\/Screenshot_20251130-122514.jpg\",\"width\":719,\"height\":668},{\"@type\":\"BreadcrumbList\",\"@id\":\"https:\/\/lepoint-actu.tg\/index.php\/2025\/11\/29\/mobilisation-pour-la-reduction-maximum-des-cas-daccidents-en-cette-fin-dannee-2025\/#breadcrumb\",\"itemListElement\":[{\"@type\":\"ListItem\",\"position\":1,\"name\":\"Accueil\",\"item\":\"https:\/\/lepoint-actu.tg\/\"},{\"@type\":\"ListItem\",\"position\":2,\"name\":\"Mobilisation pour la r\u00e9duction maximum des cas d\u2019accidents en cette fin d\u2019Ann\u00e9e 2025\"}]},{\"@type\":\"WebSite\",\"@id\":\"https:\/\/lepoint-actu.tg\/#website\",\"url\":\"https:\/\/lepoint-actu.tg\/\",\"name\":\"\",\"description\":\"R\u00e9c\u00e9piss\u00e9 N\u00b00022\/HAAC\/12-2020\/pL\/P, lepointactu07@gmail.com\",\"potentialAction\":[{\"@type\":\"SearchAction\",\"target\":{\"@type\":\"EntryPoint\",\"urlTemplate\":\"https:\/\/lepoint-actu.tg\/?s={search_term_string}\"},\"query-input\":{\"@type\":\"PropertyValueSpecification\",\"valueRequired\":true,\"valueName\":\"search_term_string\"}}],\"inLanguage\":\"fr-FR\"},{\"@type\":\"Person\",\"@id\":\"https:\/\/lepoint-actu.tg\/#\/schema\/person\/e4026d66cbdc205cab83e169ab7eaca1\",\"name\":\"La Redaction\",\"image\":{\"@type\":\"ImageObject\",\"inLanguage\":\"fr-FR\",\"@id\":\"https:\/\/lepoint-actu.tg\/#\/schema\/person\/image\/\",\"url\":\"https:\/\/secure.gravatar.com\/avatar\/1682a0ff7e2c36efa51c5d262eea092000ec1ce420118e6261440956730308c2?s=96&d=mm&r=g\",\"contentUrl\":\"https:\/\/secure.gravatar.com\/avatar\/1682a0ff7e2c36efa51c5d262eea092000ec1ce420118e6261440956730308c2?s=96&d=mm&r=g\",\"caption\":\"La Redaction\"},\"url\":\"https:\/\/lepoint-actu.tg\/index.php\/author\/raymondsama\/\"}]}<\/script>\n<!-- \/ Yoast SEO plugin. -->","yoast_head_json":{"title":"Mobilisation pour la r\u00e9duction maximum des cas d\u2019accidents en cette fin d\u2019Ann\u00e9e 2025 -","robots":{"index":"index","follow":"follow","max-snippet":"max-snippet:-1","max-image-preview":"max-image-preview:large","max-video-preview":"max-video-preview:-1"},"canonical":"https:\/\/lepoint-actu.tg\/index.php\/2025\/11\/29\/mobilisation-pour-la-reduction-maximum-des-cas-daccidents-en-cette-fin-dannee-2025\/","og_locale":"fr_FR","og_type":"article","og_title":"Mobilisation pour la r\u00e9duction maximum des cas d\u2019accidents en cette fin d\u2019Ann\u00e9e 2025 -","og_description":"Ce samedi 29 novembre 2025 a \u00e9t\u00e9 une grande journ\u00e9e de sensibilisation \u00e0 l\u2019endroit des conducteurs de taxi-motos et taxi-tricycles","og_url":"https:\/\/lepoint-actu.tg\/index.php\/2025\/11\/29\/mobilisation-pour-la-reduction-maximum-des-cas-daccidents-en-cette-fin-dannee-2025\/","article_published_time":"2025-11-29T12:29:19+00:00","article_modified_time":"2025-11-30T13:11:08+00:00","og_image":[{"width":719,"height":668,"url":"https:\/\/lepoint-actu.tg\/wp-content\/uploads\/2025\/11\/Screenshot_20251130-122514.jpg","type":"image\/jpeg"}],"author":"La Redaction","twitter_card":"summary_large_image","twitter_misc":{"\u00c9crit par":"La Redaction","Dur\u00e9e de lecture estim\u00e9e":"8 minutes"},"schema":{"@context":"https:\/\/schema.org","@graph":[{"@type":"WebPage","@id":"https:\/\/lepoint-actu.tg\/index.php\/2025\/11\/29\/mobilisation-pour-la-reduction-maximum-des-cas-daccidents-en-cette-fin-dannee-2025\/","url":"https:\/\/lepoint-actu.tg\/index.php\/2025\/11\/29\/mobilisation-pour-la-reduction-maximum-des-cas-daccidents-en-cette-fin-dannee-2025\/","name":"Mobilisation pour la r\u00e9duction maximum des cas d\u2019accidents en cette fin d\u2019Ann\u00e9e 2025 -","isPartOf":{"@id":"https:\/\/lepoint-actu.tg\/#website"},"primaryImageOfPage":{"@id":"https:\/\/lepoint-actu.tg\/index.php\/2025\/11\/29\/mobilisation-pour-la-reduction-maximum-des-cas-daccidents-en-cette-fin-dannee-2025\/#primaryimage"},"image":{"@id":"https:\/\/lepoint-actu.tg\/index.php\/2025\/11\/29\/mobilisation-pour-la-reduction-maximum-des-cas-daccidents-en-cette-fin-dannee-2025\/#primaryimage"},"thumbnailUrl":"https:\/\/lepoint-actu.tg\/wp-content\/uploads\/2025\/11\/Screenshot_20251130-122514.jpg","datePublished":"2025-11-29T12:29:19+00:00","dateModified":"2025-11-30T13:11:08+00:00","author":{"@id":"https:\/\/lepoint-actu.tg\/#\/schema\/person\/e4026d66cbdc205cab83e169ab7eaca1"},"breadcrumb":{"@id":"https:\/\/lepoint-actu.tg\/index.php\/2025\/11\/29\/mobilisation-pour-la-reduction-maximum-des-cas-daccidents-en-cette-fin-dannee-2025\/#breadcrumb"},"inLanguage":"fr-FR","potentialAction":[{"@type":"ReadAction","target":["https:\/\/lepoint-actu.tg\/index.php\/2025\/11\/29\/mobilisation-pour-la-reduction-maximum-des-cas-daccidents-en-cette-fin-dannee-2025\/"]}]},{"@type":"ImageObject","inLanguage":"fr-FR","@id":"https:\/\/lepoint-actu.tg\/index.php\/2025\/11\/29\/mobilisation-pour-la-reduction-maximum-des-cas-daccidents-en-cette-fin-dannee-2025\/#primaryimage","url":"https:\/\/lepoint-actu.tg\/wp-content\/uploads\/2025\/11\/Screenshot_20251130-122514.jpg","contentUrl":"https:\/\/lepoint-actu.tg\/wp-content\/uploads\/2025\/11\/Screenshot_20251130-122514.jpg","width":719,"height":668},{"@type":"BreadcrumbList","@id":"https:\/\/lepoint-actu.tg\/index.php\/2025\/11\/29\/mobilisation-pour-la-reduction-maximum-des-cas-daccidents-en-cette-fin-dannee-2025\/#breadcrumb","itemListElement":[{"@type":"ListItem","position":1,"name":"Accueil","item":"https:\/\/lepoint-actu.tg\/"},{"@type":"ListItem","position":2,"name":"Mobilisation pour la r\u00e9duction maximum des cas d\u2019accidents en cette fin d\u2019Ann\u00e9e 2025"}]},{"@type":"WebSite","@id":"https:\/\/lepoint-actu.tg\/#website","url":"https:\/\/lepoint-actu.tg\/","name":"","description":"R\u00e9c\u00e9piss\u00e9 N\u00b00022\/HAAC\/12-2020\/pL\/P, lepointactu07@gmail.com","potentialAction":[{"@type":"SearchAction","target":{"@type":"EntryPoint","urlTemplate":"https:\/\/lepoint-actu.tg\/?s={search_term_string}"},"query-input":{"@type":"PropertyValueSpecification","valueRequired":true,"valueName":"search_term_string"}}],"inLanguage":"fr-FR"},{"@type":"Person","@id":"https:\/\/lepoint-actu.tg\/#\/schema\/person\/e4026d66cbdc205cab83e169ab7eaca1","name":"La Redaction","image":{"@type":"ImageObject","inLanguage":"fr-FR","@id":"https:\/\/lepoint-actu.tg\/#\/schema\/person\/image\/","url":"https:\/\/secure.gravatar.com\/avatar\/1682a0ff7e2c36efa51c5d262eea092000ec1ce420118e6261440956730308c2?s=96&d=mm&r=g","contentUrl":"https:\/\/secure.gravatar.com\/avatar\/1682a0ff7e2c36efa51c5d262eea092000ec1ce420118e6261440956730308c2?s=96&d=mm&r=g","caption":"La Redaction"},"url":"https:\/\/lepoint-actu.tg\/index.php\/author\/raymondsama\/"}]}},"_links":{"self":[{"href":"https:\/\/lepoint-actu.tg\/index.php\/wp-json\/wp\/v2\/posts\/4668","targetHints":{"allow":["GET"]}}],"collection":[{"href":"https:\/\/lepoint-actu.tg\/index.php\/wp-json\/wp\/v2\/posts"}],"about":[{"href":"https:\/\/lepoint-actu.tg\/index.php\/wp-json\/wp\/v2\/types\/post"}],"author":[{"embeddable":true,"href":"https:\/\/lepoint-actu.tg\/index.php\/wp-json\/wp\/v2\/users\/2"}],"replies":[{"embeddable":true,"href":"https:\/\/lepoint-actu.tg\/index.php\/wp-json\/wp\/v2\/comments?post=4668"}],"version-history":[{"count":3,"href":"https:\/\/lepoint-actu.tg\/index.php\/wp-json\/wp\/v2\/posts\/4668\/revisions"}],"predecessor-version":[{"id":4679,"href":"https:\/\/lepoint-actu.tg\/index.php\/wp-json\/wp\/v2\/posts\/4668\/revisions\/4679"}],"wp:featuredmedia":[{"embeddable":true,"href":"https:\/\/lepoint-actu.tg\/index.php\/wp-json\/wp\/v2\/media\/4669"}],"wp:attachment":[{"href":"https:\/\/lepoint-actu.tg\/index.php\/wp-json\/wp\/v2\/media?parent=4668"}],"wp:term":[{"taxonomy":"category","embeddable":true,"href":"https:\/\/lepoint-actu.tg\/index.php\/wp-json\/wp\/v2\/categories?post=4668"},{"taxonomy":"post_tag","embeddable":true,"href":"https:\/\/lepoint-actu.tg\/index.php\/wp-json\/wp\/v2\/tags?post=4668"}],"curies":[{"name":"wp","href":"https:\/\/api.w.org\/{rel}","templated":true}]}}