{"id":4691,"date":"2025-12-16T06:30:52","date_gmt":"2025-12-16T06:30:52","guid":{"rendered":"https:\/\/lepoint-actu.tg\/?p=4691"},"modified":"2025-12-17T06:35:23","modified_gmt":"2025-12-17T06:35:23","slug":"etat-civil-le-togo-franchit-un-nouveau-cap-avec-la-dematerialisation-des-demandes-dactes","status":"publish","type":"post","link":"https:\/\/lepoint-actu.tg\/index.php\/2025\/12\/16\/etat-civil-le-togo-franchit-un-nouveau-cap-avec-la-dematerialisation-des-demandes-dactes\/","title":{"rendered":"\u00c9tat civil : le Togo franchit un nouveau cap avec la d\u00e9mat\u00e9rialisation des demandes d\u2019actes"},"content":{"rendered":"\n<p><\/p>\n\n\n\n<p>Le processus de modernisation de l\u2019administration togolaise se renforce avec le lancement officiel d\u2019une plateforme num\u00e9rique d\u00e9di\u00e9e aux actes d\u2019\u00e9tat civil. Dans un communiqu\u00e9 conjoint publi\u00e9 le 15 d\u00e9cembre 2025, le minist\u00e8re de l\u2019Administration territoriale, de la Gouvernance locale et des Affaires coutumi\u00e8res, en collaboration avec le minist\u00e8re de l\u2019Efficacit\u00e9 du service public et de la Transformation num\u00e9rique, a annonc\u00e9 la mise en exploitation de ce nouvel outil digital au service des citoyens.<\/p>\n\n\n\n<p>Int\u00e9gr\u00e9e au guichet national du service public et accessible \u00e0 l\u2019adresse service-public.gouv.tg\/etat-civil, la plateforme permet aux usagers d\u2019introduire en ligne leurs demandes de copies d\u2019actes de naissance, de mariage ou de d\u00e9c\u00e8s. Cette innovation met fin, dans les zones concern\u00e9es, \u00e0 l\u2019obligation de se rendre physiquement dans les mairies, contribuant ainsi \u00e0 une administration plus accessible et plus proche des populations.<\/p>\n\n\n\n<p>Pour sa phase de d\u00e9marrage, le dispositif est d\u00e9ploy\u00e9 dans cinq communes pilotes : Ago\u00e8-Nyiv\u00e9 1, Golfe 1, Av\u00e9 2, Zio 2 et Lacs 1. Les utilisateurs b\u00e9n\u00e9ficient non seulement d\u2019un d\u00e9p\u00f4t de dossier enti\u00e8rement d\u00e9mat\u00e9rialis\u00e9, mais \u00e9galement d\u2019un m\u00e9canisme de suivi en temps r\u00e9el de l\u2019\u00e9tat d\u2019avancement de leurs demandes. L\u2019interface, s\u00e9curis\u00e9e, assure une protection rigoureuse des donn\u00e9es personnelles, conform\u00e9ment aux exigences en mati\u00e8re de confidentialit\u00e9.<\/p>\n\n\n\n<p>Selon les autorit\u00e9s, cette phase exp\u00e9rimentale ouvre la voie \u00e0 une g\u00e9n\u00e9ralisation progressive du service \u00e0 l\u2019ensemble des communes du pays. L\u2019initiative s\u2019inscrit pleinement dans la politique nationale de digitalisation des services publics, dont l\u2019ambition est de simplifier les proc\u00e9dures administratives, de r\u00e9duire les d\u00e9lais de traitement et d\u2019am\u00e9liorer la qualit\u00e9 du service rendu aux citoyens.<\/p>\n\n\n\n<p>Dans un souci d\u2019accompagnement et d\u2019assistance, plusieurs canaux de communication ont \u00e9t\u00e9 mis en place. Un outil de discussion en ligne est accessible directement sur le guichet national des services publics digitalis\u00e9s. Les usagers peuvent \u00e9galement adresser leurs pr\u00e9occupations par courriel \u00e0 info@service-public.gouv.tg, appeler le num\u00e9ro court 8988, ou joindre la ligne fixe 22 23 94 70.<\/p>\n\n\n\n<p>Par cette avanc\u00e9e, les deux minist\u00e8res r\u00e9affirment leur volont\u00e9 de soutenir les communes dans la modernisation de leurs services et de b\u00e2tir une administration publique plus efficace, plus transparente et r\u00e9solument tourn\u00e9e vers l\u2019\u00e8re num\u00e9rique.<\/p>\n\n\n\n<p><strong><em>Marc Okuw\u00e9 <\/em><\/strong><\/p>\n","protected":false},"excerpt":{"rendered":"<p>Le processus de modernisation de l\u2019administration togolaise se renforce avec le lancement officiel d\u2019une plateforme num\u00e9rique d\u00e9di\u00e9e aux actes d\u2019\u00e9tat<\/p>\n","protected":false},"author":2,"featured_media":4692,"comment_status":"open","ping_status":"closed","sticky":false,"template":"","format":"standard","meta":{"footnotes":""},"categories":[1],"tags":[],"class_list":["post-4691","post","type-post","status-publish","format-standard","has-post-thumbnail","hentry","category-societe"],"yoast_head":"<!-- This site is optimized with the Yoast SEO plugin v23.9 - https:\/\/yoast.com\/wordpress\/plugins\/seo\/ -->\n<title>\u00c9tat civil : le Togo franchit un nouveau cap avec la d\u00e9mat\u00e9rialisation des demandes d\u2019actes -<\/title>\n<meta name=\"robots\" content=\"index, follow, max-snippet:-1, max-image-preview:large, max-video-preview:-1\" \/>\n<link rel=\"canonical\" href=\"https:\/\/lepoint-actu.tg\/index.php\/2025\/12\/16\/etat-civil-le-togo-franchit-un-nouveau-cap-avec-la-dematerialisation-des-demandes-dactes\/\" \/>\n<meta property=\"og:locale\" content=\"fr_FR\" \/>\n<meta property=\"og:type\" content=\"article\" \/>\n<meta property=\"og:title\" content=\"\u00c9tat civil : le Togo franchit un nouveau cap avec la d\u00e9mat\u00e9rialisation des demandes d\u2019actes -\" \/>\n<meta property=\"og:description\" content=\"Le processus de modernisation de l\u2019administration togolaise se renforce avec le lancement officiel d\u2019une plateforme num\u00e9rique d\u00e9di\u00e9e aux actes d\u2019\u00e9tat\" \/>\n<meta property=\"og:url\" content=\"https:\/\/lepoint-actu.tg\/index.php\/2025\/12\/16\/etat-civil-le-togo-franchit-un-nouveau-cap-avec-la-dematerialisation-des-demandes-dactes\/\" \/>\n<meta property=\"article:published_time\" content=\"2025-12-16T06:30:52+00:00\" \/>\n<meta property=\"article:modified_time\" content=\"2025-12-17T06:35:23+00:00\" \/>\n<meta property=\"og:image\" content=\"https:\/\/lepoint-actu.tg\/wp-content\/uploads\/2025\/12\/Screenshot_20251217-062906.jpg\" \/>\n\t<meta property=\"og:image:width\" content=\"585\" \/>\n\t<meta property=\"og:image:height\" content=\"824\" \/>\n\t<meta property=\"og:image:type\" content=\"image\/jpeg\" \/>\n<meta name=\"author\" content=\"La Redaction\" \/>\n<meta name=\"twitter:card\" content=\"summary_large_image\" \/>\n<meta name=\"twitter:label1\" content=\"\u00c9crit par\" \/>\n\t<meta name=\"twitter:data1\" content=\"La Redaction\" \/>\n\t<meta name=\"twitter:label2\" content=\"Dur\u00e9e de lecture estim\u00e9e\" \/>\n\t<meta name=\"twitter:data2\" content=\"2 minutes\" \/>\n<script type=\"application\/ld+json\" class=\"yoast-schema-graph\">{\"@context\":\"https:\/\/schema.org\",\"@graph\":[{\"@type\":\"WebPage\",\"@id\":\"https:\/\/lepoint-actu.tg\/index.php\/2025\/12\/16\/etat-civil-le-togo-franchit-un-nouveau-cap-avec-la-dematerialisation-des-demandes-dactes\/\",\"url\":\"https:\/\/lepoint-actu.tg\/index.php\/2025\/12\/16\/etat-civil-le-togo-franchit-un-nouveau-cap-avec-la-dematerialisation-des-demandes-dactes\/\",\"name\":\"\u00c9tat civil : le Togo franchit un nouveau cap avec la d\u00e9mat\u00e9rialisation des demandes d\u2019actes -\",\"isPartOf\":{\"@id\":\"https:\/\/lepoint-actu.tg\/#website\"},\"primaryImageOfPage\":{\"@id\":\"https:\/\/lepoint-actu.tg\/index.php\/2025\/12\/16\/etat-civil-le-togo-franchit-un-nouveau-cap-avec-la-dematerialisation-des-demandes-dactes\/#primaryimage\"},\"image\":{\"@id\":\"https:\/\/lepoint-actu.tg\/index.php\/2025\/12\/16\/etat-civil-le-togo-franchit-un-nouveau-cap-avec-la-dematerialisation-des-demandes-dactes\/#primaryimage\"},\"thumbnailUrl\":\"https:\/\/lepoint-actu.tg\/wp-content\/uploads\/2025\/12\/Screenshot_20251217-062906.jpg\",\"datePublished\":\"2025-12-16T06:30:52+00:00\",\"dateModified\":\"2025-12-17T06:35:23+00:00\",\"author\":{\"@id\":\"https:\/\/lepoint-actu.tg\/#\/schema\/person\/e4026d66cbdc205cab83e169ab7eaca1\"},\"breadcrumb\":{\"@id\":\"https:\/\/lepoint-actu.tg\/index.php\/2025\/12\/16\/etat-civil-le-togo-franchit-un-nouveau-cap-avec-la-dematerialisation-des-demandes-dactes\/#breadcrumb\"},\"inLanguage\":\"fr-FR\",\"potentialAction\":[{\"@type\":\"ReadAction\",\"target\":[\"https:\/\/lepoint-actu.tg\/index.php\/2025\/12\/16\/etat-civil-le-togo-franchit-un-nouveau-cap-avec-la-dematerialisation-des-demandes-dactes\/\"]}]},{\"@type\":\"ImageObject\",\"inLanguage\":\"fr-FR\",\"@id\":\"https:\/\/lepoint-actu.tg\/index.php\/2025\/12\/16\/etat-civil-le-togo-franchit-un-nouveau-cap-avec-la-dematerialisation-des-demandes-dactes\/#primaryimage\",\"url\":\"https:\/\/lepoint-actu.tg\/wp-content\/uploads\/2025\/12\/Screenshot_20251217-062906.jpg\",\"contentUrl\":\"https:\/\/lepoint-actu.tg\/wp-content\/uploads\/2025\/12\/Screenshot_20251217-062906.jpg\",\"width\":585,\"height\":824},{\"@type\":\"BreadcrumbList\",\"@id\":\"https:\/\/lepoint-actu.tg\/index.php\/2025\/12\/16\/etat-civil-le-togo-franchit-un-nouveau-cap-avec-la-dematerialisation-des-demandes-dactes\/#breadcrumb\",\"itemListElement\":[{\"@type\":\"ListItem\",\"position\":1,\"name\":\"Accueil\",\"item\":\"https:\/\/lepoint-actu.tg\/\"},{\"@type\":\"ListItem\",\"position\":2,\"name\":\"\u00c9tat civil : le Togo franchit un nouveau cap avec la d\u00e9mat\u00e9rialisation des demandes d\u2019actes\"}]},{\"@type\":\"WebSite\",\"@id\":\"https:\/\/lepoint-actu.tg\/#website\",\"url\":\"https:\/\/lepoint-actu.tg\/\",\"name\":\"\",\"description\":\"R\u00e9c\u00e9piss\u00e9 N\u00b00022\/HAAC\/12-2020\/pL\/P, lepointactu07@gmail.com\",\"potentialAction\":[{\"@type\":\"SearchAction\",\"target\":{\"@type\":\"EntryPoint\",\"urlTemplate\":\"https:\/\/lepoint-actu.tg\/?s={search_term_string}\"},\"query-input\":{\"@type\":\"PropertyValueSpecification\",\"valueRequired\":true,\"valueName\":\"search_term_string\"}}],\"inLanguage\":\"fr-FR\"},{\"@type\":\"Person\",\"@id\":\"https:\/\/lepoint-actu.tg\/#\/schema\/person\/e4026d66cbdc205cab83e169ab7eaca1\",\"name\":\"La Redaction\",\"image\":{\"@type\":\"ImageObject\",\"inLanguage\":\"fr-FR\",\"@id\":\"https:\/\/lepoint-actu.tg\/#\/schema\/person\/image\/\",\"url\":\"https:\/\/secure.gravatar.com\/avatar\/1682a0ff7e2c36efa51c5d262eea092000ec1ce420118e6261440956730308c2?s=96&d=mm&r=g\",\"contentUrl\":\"https:\/\/secure.gravatar.com\/avatar\/1682a0ff7e2c36efa51c5d262eea092000ec1ce420118e6261440956730308c2?s=96&d=mm&r=g\",\"caption\":\"La Redaction\"},\"url\":\"https:\/\/lepoint-actu.tg\/index.php\/author\/raymondsama\/\"}]}<\/script>\n<!-- \/ Yoast SEO plugin. -->","yoast_head_json":{"title":"\u00c9tat civil : le Togo franchit un nouveau cap avec la d\u00e9mat\u00e9rialisation des demandes d\u2019actes -","robots":{"index":"index","follow":"follow","max-snippet":"max-snippet:-1","max-image-preview":"max-image-preview:large","max-video-preview":"max-video-preview:-1"},"canonical":"https:\/\/lepoint-actu.tg\/index.php\/2025\/12\/16\/etat-civil-le-togo-franchit-un-nouveau-cap-avec-la-dematerialisation-des-demandes-dactes\/","og_locale":"fr_FR","og_type":"article","og_title":"\u00c9tat civil : le Togo franchit un nouveau cap avec la d\u00e9mat\u00e9rialisation des demandes d\u2019actes -","og_description":"Le processus de modernisation de l\u2019administration togolaise se renforce avec le lancement officiel d\u2019une plateforme num\u00e9rique d\u00e9di\u00e9e aux actes d\u2019\u00e9tat","og_url":"https:\/\/lepoint-actu.tg\/index.php\/2025\/12\/16\/etat-civil-le-togo-franchit-un-nouveau-cap-avec-la-dematerialisation-des-demandes-dactes\/","article_published_time":"2025-12-16T06:30:52+00:00","article_modified_time":"2025-12-17T06:35:23+00:00","og_image":[{"width":585,"height":824,"url":"https:\/\/lepoint-actu.tg\/wp-content\/uploads\/2025\/12\/Screenshot_20251217-062906.jpg","type":"image\/jpeg"}],"author":"La Redaction","twitter_card":"summary_large_image","twitter_misc":{"\u00c9crit par":"La Redaction","Dur\u00e9e de lecture estim\u00e9e":"2 minutes"},"schema":{"@context":"https:\/\/schema.org","@graph":[{"@type":"WebPage","@id":"https:\/\/lepoint-actu.tg\/index.php\/2025\/12\/16\/etat-civil-le-togo-franchit-un-nouveau-cap-avec-la-dematerialisation-des-demandes-dactes\/","url":"https:\/\/lepoint-actu.tg\/index.php\/2025\/12\/16\/etat-civil-le-togo-franchit-un-nouveau-cap-avec-la-dematerialisation-des-demandes-dactes\/","name":"\u00c9tat civil : le Togo franchit un nouveau cap avec la d\u00e9mat\u00e9rialisation des demandes d\u2019actes -","isPartOf":{"@id":"https:\/\/lepoint-actu.tg\/#website"},"primaryImageOfPage":{"@id":"https:\/\/lepoint-actu.tg\/index.php\/2025\/12\/16\/etat-civil-le-togo-franchit-un-nouveau-cap-avec-la-dematerialisation-des-demandes-dactes\/#primaryimage"},"image":{"@id":"https:\/\/lepoint-actu.tg\/index.php\/2025\/12\/16\/etat-civil-le-togo-franchit-un-nouveau-cap-avec-la-dematerialisation-des-demandes-dactes\/#primaryimage"},"thumbnailUrl":"https:\/\/lepoint-actu.tg\/wp-content\/uploads\/2025\/12\/Screenshot_20251217-062906.jpg","datePublished":"2025-12-16T06:30:52+00:00","dateModified":"2025-12-17T06:35:23+00:00","author":{"@id":"https:\/\/lepoint-actu.tg\/#\/schema\/person\/e4026d66cbdc205cab83e169ab7eaca1"},"breadcrumb":{"@id":"https:\/\/lepoint-actu.tg\/index.php\/2025\/12\/16\/etat-civil-le-togo-franchit-un-nouveau-cap-avec-la-dematerialisation-des-demandes-dactes\/#breadcrumb"},"inLanguage":"fr-FR","potentialAction":[{"@type":"ReadAction","target":["https:\/\/lepoint-actu.tg\/index.php\/2025\/12\/16\/etat-civil-le-togo-franchit-un-nouveau-cap-avec-la-dematerialisation-des-demandes-dactes\/"]}]},{"@type":"ImageObject","inLanguage":"fr-FR","@id":"https:\/\/lepoint-actu.tg\/index.php\/2025\/12\/16\/etat-civil-le-togo-franchit-un-nouveau-cap-avec-la-dematerialisation-des-demandes-dactes\/#primaryimage","url":"https:\/\/lepoint-actu.tg\/wp-content\/uploads\/2025\/12\/Screenshot_20251217-062906.jpg","contentUrl":"https:\/\/lepoint-actu.tg\/wp-content\/uploads\/2025\/12\/Screenshot_20251217-062906.jpg","width":585,"height":824},{"@type":"BreadcrumbList","@id":"https:\/\/lepoint-actu.tg\/index.php\/2025\/12\/16\/etat-civil-le-togo-franchit-un-nouveau-cap-avec-la-dematerialisation-des-demandes-dactes\/#breadcrumb","itemListElement":[{"@type":"ListItem","position":1,"name":"Accueil","item":"https:\/\/lepoint-actu.tg\/"},{"@type":"ListItem","position":2,"name":"\u00c9tat civil : le Togo franchit un nouveau cap avec la d\u00e9mat\u00e9rialisation des demandes d\u2019actes"}]},{"@type":"WebSite","@id":"https:\/\/lepoint-actu.tg\/#website","url":"https:\/\/lepoint-actu.tg\/","name":"","description":"R\u00e9c\u00e9piss\u00e9 N\u00b00022\/HAAC\/12-2020\/pL\/P, lepointactu07@gmail.com","potentialAction":[{"@type":"SearchAction","target":{"@type":"EntryPoint","urlTemplate":"https:\/\/lepoint-actu.tg\/?s={search_term_string}"},"query-input":{"@type":"PropertyValueSpecification","valueRequired":true,"valueName":"search_term_string"}}],"inLanguage":"fr-FR"},{"@type":"Person","@id":"https:\/\/lepoint-actu.tg\/#\/schema\/person\/e4026d66cbdc205cab83e169ab7eaca1","name":"La Redaction","image":{"@type":"ImageObject","inLanguage":"fr-FR","@id":"https:\/\/lepoint-actu.tg\/#\/schema\/person\/image\/","url":"https:\/\/secure.gravatar.com\/avatar\/1682a0ff7e2c36efa51c5d262eea092000ec1ce420118e6261440956730308c2?s=96&d=mm&r=g","contentUrl":"https:\/\/secure.gravatar.com\/avatar\/1682a0ff7e2c36efa51c5d262eea092000ec1ce420118e6261440956730308c2?s=96&d=mm&r=g","caption":"La Redaction"},"url":"https:\/\/lepoint-actu.tg\/index.php\/author\/raymondsama\/"}]}},"_links":{"self":[{"href":"https:\/\/lepoint-actu.tg\/index.php\/wp-json\/wp\/v2\/posts\/4691","targetHints":{"allow":["GET"]}}],"collection":[{"href":"https:\/\/lepoint-actu.tg\/index.php\/wp-json\/wp\/v2\/posts"}],"about":[{"href":"https:\/\/lepoint-actu.tg\/index.php\/wp-json\/wp\/v2\/types\/post"}],"author":[{"embeddable":true,"href":"https:\/\/lepoint-actu.tg\/index.php\/wp-json\/wp\/v2\/users\/2"}],"replies":[{"embeddable":true,"href":"https:\/\/lepoint-actu.tg\/index.php\/wp-json\/wp\/v2\/comments?post=4691"}],"version-history":[{"count":1,"href":"https:\/\/lepoint-actu.tg\/index.php\/wp-json\/wp\/v2\/posts\/4691\/revisions"}],"predecessor-version":[{"id":4693,"href":"https:\/\/lepoint-actu.tg\/index.php\/wp-json\/wp\/v2\/posts\/4691\/revisions\/4693"}],"wp:featuredmedia":[{"embeddable":true,"href":"https:\/\/lepoint-actu.tg\/index.php\/wp-json\/wp\/v2\/media\/4692"}],"wp:attachment":[{"href":"https:\/\/lepoint-actu.tg\/index.php\/wp-json\/wp\/v2\/media?parent=4691"}],"wp:term":[{"taxonomy":"category","embeddable":true,"href":"https:\/\/lepoint-actu.tg\/index.php\/wp-json\/wp\/v2\/categories?post=4691"},{"taxonomy":"post_tag","embeddable":true,"href":"https:\/\/lepoint-actu.tg\/index.php\/wp-json\/wp\/v2\/tags?post=4691"}],"curies":[{"name":"wp","href":"https:\/\/api.w.org\/{rel}","templated":true}]}}