{"id":4694,"date":"2025-12-15T07:09:11","date_gmt":"2025-12-15T07:09:11","guid":{"rendered":"https:\/\/lepoint-actu.tg\/?p=4694"},"modified":"2025-12-17T07:12:25","modified_gmt":"2025-12-17T07:12:25","slug":"togo-vers-la-creation-dune-agence-nationale-du-domaine-et-du-foncier","status":"publish","type":"post","link":"https:\/\/lepoint-actu.tg\/index.php\/2025\/12\/15\/togo-vers-la-creation-dune-agence-nationale-du-domaine-et-du-foncier\/","title":{"rendered":"Togo : vers la cr\u00e9ation d\u2019une Agence nationale du domaine et\u00a0du\u00a0foncier"},"content":{"rendered":"\n<p><\/p>\n\n\n\n<figure class=\"wp-block-image\"><img decoding=\"async\" src=\"https:\/\/www.togofirst.com\/media\/k2\/items\/cache\/95e8def0102cbff4eadd7d9f3f61fdad_L.jpg\" alt=\"Togo : vers la cr\u00e9ation d\u2019une Agence nationale du domaine et\u00a0du\u00a0foncier\"\/><\/figure>\n\n\n\n<p>Selon le confr\u00e8re togofirst, le Togo va se doter d\u2019une Agence nationale du domaine et du foncier (ANDF), une r\u00e9forme institutionnelle inscrite de longue date dans le Code foncier et domanial adopt\u00e9 en 2018. \u00abLe projet est relanc\u00e9 \u00e0 la faveur d\u2019<a href=\"https:\/\/www.togofirst.com\/fr\/gouvernance-economique\/1512-17807-togo-150-millions-de-la-banque-mondiale-pour-soutenir-l-investissement-prive-et-l-emploi\">un financement de 150 millions de dollars<\/a>\u00a0de la Banque mondiale, destin\u00e9 \u00e0 soutenir un programme de r\u00e9formes structurelles ax\u00e9 sur l\u2019investissement priv\u00e9 et la cr\u00e9ation d\u2019emplois\u00bb, togofirst qui rapporte l&rsquo;information.<\/p>\n\n\n\n<p>Selon les autorit\u00e9s et&nbsp;<a href=\"https:\/\/www.banquemondiale.org\/fr\/news\/press-release\/2025\/12\/15\/togo-world-bank-provides-150-million-to-boost-private-investment-and-promote-job-creation\">la Banque mondiale,<\/a>&nbsp;la future Agence nationale du domaine et du foncier aura pour mission de coordonner les politiques fonci\u00e8res et d\u2019acc\u00e9l\u00e9rer la d\u00e9livrance des documents fonciers. L\u2019objectif est de renforcer la s\u00e9curit\u00e9 fonci\u00e8re, de r\u00e9duire les contentieux et d\u2019am\u00e9liorer l\u2019acc\u00e8s au foncier productif, notamment pour les exploitants agricoles et les investisseurs.<\/p>\n\n\n\n<p>Pr\u00e9vue par le Code foncier et domanial, l\u2019ANDF devrait jouer un r\u00f4le central dans la mise en \u0153uvre de la politique nationale fonci\u00e8re. La future entit\u00e9 est pens\u00e9e comme un \u00e9tablissement public dot\u00e9 de l\u2019autonomie financi\u00e8re, charg\u00e9 de la r\u00e9gulation, de la coordination et de la modernisation de la gestion fonci\u00e8re \u00e0 l\u2019\u00e9chelle nationale.<\/p>\n\n\n\n<p>Sa cr\u00e9ation \u00e9tait attendue depuis plus de cinq ans, dans un contexte marqu\u00e9 par la complexit\u00e9 des proc\u00e9dures et par une digitalisation progressive de la gestion des ressources fonci\u00e8res et du cadastre au Togo.<\/p>\n\n\n\n<p>Ces derni\u00e8res ann\u00e9es, le pays s\u2019est engag\u00e9 sur plusieurs chantiers pr\u00e9paratoires, dans une dynamique de modernisation du cadastre. Figurent notamment la mise en place d\u2019un guichet foncier unique, la campagne de g\u00e9or\u00e9f\u00e9rencement des anciens titres fonciers et l\u2019attribution d\u2019un num\u00e9ro unique parcellaire.<\/p>\n\n\n\n<p><em><strong>Marc Okuw\u00e9 <\/strong><\/em><\/p>\n","protected":false},"excerpt":{"rendered":"<p>Selon le confr\u00e8re togofirst, le Togo va se doter d\u2019une Agence nationale du domaine et du foncier (ANDF), une r\u00e9forme<\/p>\n","protected":false},"author":2,"featured_media":4695,"comment_status":"open","ping_status":"closed","sticky":false,"template":"","format":"standard","meta":{"footnotes":""},"categories":[1],"tags":[],"class_list":["post-4694","post","type-post","status-publish","format-standard","has-post-thumbnail","hentry","category-societe"],"yoast_head":"<!-- This site is optimized with the Yoast SEO plugin v23.9 - https:\/\/yoast.com\/wordpress\/plugins\/seo\/ -->\n<title>Togo : vers la cr\u00e9ation d\u2019une Agence nationale du domaine et\u00a0du\u00a0foncier -<\/title>\n<meta name=\"robots\" content=\"index, follow, max-snippet:-1, max-image-preview:large, max-video-preview:-1\" \/>\n<link rel=\"canonical\" href=\"https:\/\/lepoint-actu.tg\/index.php\/2025\/12\/15\/togo-vers-la-creation-dune-agence-nationale-du-domaine-et-du-foncier\/\" \/>\n<meta property=\"og:locale\" content=\"fr_FR\" \/>\n<meta property=\"og:type\" content=\"article\" \/>\n<meta property=\"og:title\" content=\"Togo : vers la cr\u00e9ation d\u2019une Agence nationale du domaine et\u00a0du\u00a0foncier -\" \/>\n<meta property=\"og:description\" content=\"Selon le confr\u00e8re togofirst, le Togo va se doter d\u2019une Agence nationale du domaine et du foncier (ANDF), une r\u00e9forme\" \/>\n<meta property=\"og:url\" content=\"https:\/\/lepoint-actu.tg\/index.php\/2025\/12\/15\/togo-vers-la-creation-dune-agence-nationale-du-domaine-et-du-foncier\/\" \/>\n<meta property=\"article:published_time\" content=\"2025-12-15T07:09:11+00:00\" \/>\n<meta property=\"article:modified_time\" content=\"2025-12-17T07:12:25+00:00\" \/>\n<meta property=\"og:image\" content=\"https:\/\/lepoint-actu.tg\/wp-content\/uploads\/2025\/12\/95e8def0102cbff4eadd7d9f3f61fdad_L.jpg\" \/>\n\t<meta property=\"og:image:width\" content=\"600\" \/>\n\t<meta property=\"og:image:height\" content=\"381\" \/>\n\t<meta property=\"og:image:type\" content=\"image\/jpeg\" \/>\n<meta name=\"author\" content=\"La Redaction\" \/>\n<meta name=\"twitter:card\" content=\"summary_large_image\" \/>\n<meta name=\"twitter:label1\" content=\"\u00c9crit par\" \/>\n\t<meta name=\"twitter:data1\" content=\"La Redaction\" \/>\n\t<meta name=\"twitter:label2\" content=\"Dur\u00e9e de lecture estim\u00e9e\" \/>\n\t<meta name=\"twitter:data2\" content=\"2 minutes\" \/>\n<script type=\"application\/ld+json\" class=\"yoast-schema-graph\">{\"@context\":\"https:\/\/schema.org\",\"@graph\":[{\"@type\":\"WebPage\",\"@id\":\"https:\/\/lepoint-actu.tg\/index.php\/2025\/12\/15\/togo-vers-la-creation-dune-agence-nationale-du-domaine-et-du-foncier\/\",\"url\":\"https:\/\/lepoint-actu.tg\/index.php\/2025\/12\/15\/togo-vers-la-creation-dune-agence-nationale-du-domaine-et-du-foncier\/\",\"name\":\"Togo : vers la cr\u00e9ation d\u2019une Agence nationale du domaine et\u00a0du\u00a0foncier -\",\"isPartOf\":{\"@id\":\"https:\/\/lepoint-actu.tg\/#website\"},\"primaryImageOfPage\":{\"@id\":\"https:\/\/lepoint-actu.tg\/index.php\/2025\/12\/15\/togo-vers-la-creation-dune-agence-nationale-du-domaine-et-du-foncier\/#primaryimage\"},\"image\":{\"@id\":\"https:\/\/lepoint-actu.tg\/index.php\/2025\/12\/15\/togo-vers-la-creation-dune-agence-nationale-du-domaine-et-du-foncier\/#primaryimage\"},\"thumbnailUrl\":\"https:\/\/lepoint-actu.tg\/wp-content\/uploads\/2025\/12\/95e8def0102cbff4eadd7d9f3f61fdad_L.jpg\",\"datePublished\":\"2025-12-15T07:09:11+00:00\",\"dateModified\":\"2025-12-17T07:12:25+00:00\",\"author\":{\"@id\":\"https:\/\/lepoint-actu.tg\/#\/schema\/person\/e4026d66cbdc205cab83e169ab7eaca1\"},\"breadcrumb\":{\"@id\":\"https:\/\/lepoint-actu.tg\/index.php\/2025\/12\/15\/togo-vers-la-creation-dune-agence-nationale-du-domaine-et-du-foncier\/#breadcrumb\"},\"inLanguage\":\"fr-FR\",\"potentialAction\":[{\"@type\":\"ReadAction\",\"target\":[\"https:\/\/lepoint-actu.tg\/index.php\/2025\/12\/15\/togo-vers-la-creation-dune-agence-nationale-du-domaine-et-du-foncier\/\"]}]},{\"@type\":\"ImageObject\",\"inLanguage\":\"fr-FR\",\"@id\":\"https:\/\/lepoint-actu.tg\/index.php\/2025\/12\/15\/togo-vers-la-creation-dune-agence-nationale-du-domaine-et-du-foncier\/#primaryimage\",\"url\":\"https:\/\/lepoint-actu.tg\/wp-content\/uploads\/2025\/12\/95e8def0102cbff4eadd7d9f3f61fdad_L.jpg\",\"contentUrl\":\"https:\/\/lepoint-actu.tg\/wp-content\/uploads\/2025\/12\/95e8def0102cbff4eadd7d9f3f61fdad_L.jpg\",\"width\":600,\"height\":381},{\"@type\":\"BreadcrumbList\",\"@id\":\"https:\/\/lepoint-actu.tg\/index.php\/2025\/12\/15\/togo-vers-la-creation-dune-agence-nationale-du-domaine-et-du-foncier\/#breadcrumb\",\"itemListElement\":[{\"@type\":\"ListItem\",\"position\":1,\"name\":\"Accueil\",\"item\":\"https:\/\/lepoint-actu.tg\/\"},{\"@type\":\"ListItem\",\"position\":2,\"name\":\"Togo : vers la cr\u00e9ation d\u2019une Agence nationale du domaine et\u00a0du\u00a0foncier\"}]},{\"@type\":\"WebSite\",\"@id\":\"https:\/\/lepoint-actu.tg\/#website\",\"url\":\"https:\/\/lepoint-actu.tg\/\",\"name\":\"\",\"description\":\"R\u00e9c\u00e9piss\u00e9 N\u00b00022\/HAAC\/12-2020\/pL\/P, lepointactu07@gmail.com\",\"potentialAction\":[{\"@type\":\"SearchAction\",\"target\":{\"@type\":\"EntryPoint\",\"urlTemplate\":\"https:\/\/lepoint-actu.tg\/?s={search_term_string}\"},\"query-input\":{\"@type\":\"PropertyValueSpecification\",\"valueRequired\":true,\"valueName\":\"search_term_string\"}}],\"inLanguage\":\"fr-FR\"},{\"@type\":\"Person\",\"@id\":\"https:\/\/lepoint-actu.tg\/#\/schema\/person\/e4026d66cbdc205cab83e169ab7eaca1\",\"name\":\"La Redaction\",\"image\":{\"@type\":\"ImageObject\",\"inLanguage\":\"fr-FR\",\"@id\":\"https:\/\/lepoint-actu.tg\/#\/schema\/person\/image\/\",\"url\":\"https:\/\/secure.gravatar.com\/avatar\/1682a0ff7e2c36efa51c5d262eea092000ec1ce420118e6261440956730308c2?s=96&d=mm&r=g\",\"contentUrl\":\"https:\/\/secure.gravatar.com\/avatar\/1682a0ff7e2c36efa51c5d262eea092000ec1ce420118e6261440956730308c2?s=96&d=mm&r=g\",\"caption\":\"La Redaction\"},\"url\":\"https:\/\/lepoint-actu.tg\/index.php\/author\/raymondsama\/\"}]}<\/script>\n<!-- \/ Yoast SEO plugin. -->","yoast_head_json":{"title":"Togo : vers la cr\u00e9ation d\u2019une Agence nationale du domaine et\u00a0du\u00a0foncier -","robots":{"index":"index","follow":"follow","max-snippet":"max-snippet:-1","max-image-preview":"max-image-preview:large","max-video-preview":"max-video-preview:-1"},"canonical":"https:\/\/lepoint-actu.tg\/index.php\/2025\/12\/15\/togo-vers-la-creation-dune-agence-nationale-du-domaine-et-du-foncier\/","og_locale":"fr_FR","og_type":"article","og_title":"Togo : vers la cr\u00e9ation d\u2019une Agence nationale du domaine et\u00a0du\u00a0foncier -","og_description":"Selon le confr\u00e8re togofirst, le Togo va se doter d\u2019une Agence nationale du domaine et du foncier (ANDF), une r\u00e9forme","og_url":"https:\/\/lepoint-actu.tg\/index.php\/2025\/12\/15\/togo-vers-la-creation-dune-agence-nationale-du-domaine-et-du-foncier\/","article_published_time":"2025-12-15T07:09:11+00:00","article_modified_time":"2025-12-17T07:12:25+00:00","og_image":[{"width":600,"height":381,"url":"https:\/\/lepoint-actu.tg\/wp-content\/uploads\/2025\/12\/95e8def0102cbff4eadd7d9f3f61fdad_L.jpg","type":"image\/jpeg"}],"author":"La Redaction","twitter_card":"summary_large_image","twitter_misc":{"\u00c9crit par":"La Redaction","Dur\u00e9e de lecture estim\u00e9e":"2 minutes"},"schema":{"@context":"https:\/\/schema.org","@graph":[{"@type":"WebPage","@id":"https:\/\/lepoint-actu.tg\/index.php\/2025\/12\/15\/togo-vers-la-creation-dune-agence-nationale-du-domaine-et-du-foncier\/","url":"https:\/\/lepoint-actu.tg\/index.php\/2025\/12\/15\/togo-vers-la-creation-dune-agence-nationale-du-domaine-et-du-foncier\/","name":"Togo : vers la cr\u00e9ation d\u2019une Agence nationale du domaine et\u00a0du\u00a0foncier -","isPartOf":{"@id":"https:\/\/lepoint-actu.tg\/#website"},"primaryImageOfPage":{"@id":"https:\/\/lepoint-actu.tg\/index.php\/2025\/12\/15\/togo-vers-la-creation-dune-agence-nationale-du-domaine-et-du-foncier\/#primaryimage"},"image":{"@id":"https:\/\/lepoint-actu.tg\/index.php\/2025\/12\/15\/togo-vers-la-creation-dune-agence-nationale-du-domaine-et-du-foncier\/#primaryimage"},"thumbnailUrl":"https:\/\/lepoint-actu.tg\/wp-content\/uploads\/2025\/12\/95e8def0102cbff4eadd7d9f3f61fdad_L.jpg","datePublished":"2025-12-15T07:09:11+00:00","dateModified":"2025-12-17T07:12:25+00:00","author":{"@id":"https:\/\/lepoint-actu.tg\/#\/schema\/person\/e4026d66cbdc205cab83e169ab7eaca1"},"breadcrumb":{"@id":"https:\/\/lepoint-actu.tg\/index.php\/2025\/12\/15\/togo-vers-la-creation-dune-agence-nationale-du-domaine-et-du-foncier\/#breadcrumb"},"inLanguage":"fr-FR","potentialAction":[{"@type":"ReadAction","target":["https:\/\/lepoint-actu.tg\/index.php\/2025\/12\/15\/togo-vers-la-creation-dune-agence-nationale-du-domaine-et-du-foncier\/"]}]},{"@type":"ImageObject","inLanguage":"fr-FR","@id":"https:\/\/lepoint-actu.tg\/index.php\/2025\/12\/15\/togo-vers-la-creation-dune-agence-nationale-du-domaine-et-du-foncier\/#primaryimage","url":"https:\/\/lepoint-actu.tg\/wp-content\/uploads\/2025\/12\/95e8def0102cbff4eadd7d9f3f61fdad_L.jpg","contentUrl":"https:\/\/lepoint-actu.tg\/wp-content\/uploads\/2025\/12\/95e8def0102cbff4eadd7d9f3f61fdad_L.jpg","width":600,"height":381},{"@type":"BreadcrumbList","@id":"https:\/\/lepoint-actu.tg\/index.php\/2025\/12\/15\/togo-vers-la-creation-dune-agence-nationale-du-domaine-et-du-foncier\/#breadcrumb","itemListElement":[{"@type":"ListItem","position":1,"name":"Accueil","item":"https:\/\/lepoint-actu.tg\/"},{"@type":"ListItem","position":2,"name":"Togo : vers la cr\u00e9ation d\u2019une Agence nationale du domaine et\u00a0du\u00a0foncier"}]},{"@type":"WebSite","@id":"https:\/\/lepoint-actu.tg\/#website","url":"https:\/\/lepoint-actu.tg\/","name":"","description":"R\u00e9c\u00e9piss\u00e9 N\u00b00022\/HAAC\/12-2020\/pL\/P, lepointactu07@gmail.com","potentialAction":[{"@type":"SearchAction","target":{"@type":"EntryPoint","urlTemplate":"https:\/\/lepoint-actu.tg\/?s={search_term_string}"},"query-input":{"@type":"PropertyValueSpecification","valueRequired":true,"valueName":"search_term_string"}}],"inLanguage":"fr-FR"},{"@type":"Person","@id":"https:\/\/lepoint-actu.tg\/#\/schema\/person\/e4026d66cbdc205cab83e169ab7eaca1","name":"La Redaction","image":{"@type":"ImageObject","inLanguage":"fr-FR","@id":"https:\/\/lepoint-actu.tg\/#\/schema\/person\/image\/","url":"https:\/\/secure.gravatar.com\/avatar\/1682a0ff7e2c36efa51c5d262eea092000ec1ce420118e6261440956730308c2?s=96&d=mm&r=g","contentUrl":"https:\/\/secure.gravatar.com\/avatar\/1682a0ff7e2c36efa51c5d262eea092000ec1ce420118e6261440956730308c2?s=96&d=mm&r=g","caption":"La Redaction"},"url":"https:\/\/lepoint-actu.tg\/index.php\/author\/raymondsama\/"}]}},"_links":{"self":[{"href":"https:\/\/lepoint-actu.tg\/index.php\/wp-json\/wp\/v2\/posts\/4694","targetHints":{"allow":["GET"]}}],"collection":[{"href":"https:\/\/lepoint-actu.tg\/index.php\/wp-json\/wp\/v2\/posts"}],"about":[{"href":"https:\/\/lepoint-actu.tg\/index.php\/wp-json\/wp\/v2\/types\/post"}],"author":[{"embeddable":true,"href":"https:\/\/lepoint-actu.tg\/index.php\/wp-json\/wp\/v2\/users\/2"}],"replies":[{"embeddable":true,"href":"https:\/\/lepoint-actu.tg\/index.php\/wp-json\/wp\/v2\/comments?post=4694"}],"version-history":[{"count":1,"href":"https:\/\/lepoint-actu.tg\/index.php\/wp-json\/wp\/v2\/posts\/4694\/revisions"}],"predecessor-version":[{"id":4696,"href":"https:\/\/lepoint-actu.tg\/index.php\/wp-json\/wp\/v2\/posts\/4694\/revisions\/4696"}],"wp:featuredmedia":[{"embeddable":true,"href":"https:\/\/lepoint-actu.tg\/index.php\/wp-json\/wp\/v2\/media\/4695"}],"wp:attachment":[{"href":"https:\/\/lepoint-actu.tg\/index.php\/wp-json\/wp\/v2\/media?parent=4694"}],"wp:term":[{"taxonomy":"category","embeddable":true,"href":"https:\/\/lepoint-actu.tg\/index.php\/wp-json\/wp\/v2\/categories?post=4694"},{"taxonomy":"post_tag","embeddable":true,"href":"https:\/\/lepoint-actu.tg\/index.php\/wp-json\/wp\/v2\/tags?post=4694"}],"curies":[{"name":"wp","href":"https:\/\/api.w.org\/{rel}","templated":true}]}}