{"id":4755,"date":"2026-03-09T12:26:32","date_gmt":"2026-03-09T12:26:32","guid":{"rendered":"https:\/\/lepoint-actu.tg\/?p=4755"},"modified":"2026-03-09T12:26:43","modified_gmt":"2026-03-09T12:26:43","slug":"ua-et-cedeao-la-stabilite-dans-le-sahel-preoccupe","status":"publish","type":"post","link":"https:\/\/lepoint-actu.tg\/index.php\/2026\/03\/09\/ua-et-cedeao-la-stabilite-dans-le-sahel-preoccupe\/","title":{"rendered":"UA et CEDEAO: La stabilit\u00e9 dans le Sahel pr\u00e9occupe"},"content":{"rendered":"\n<p>Asokoro, dans la capitale nig\u00e9riane Abuja, afin de consolider la coop\u00e9ration entre les institutions africaines face aux d\u00e9fis r\u00e9gionaux.<\/p>\n\n\n\n<p>Le diplomate \u00e9tait accompagn\u00e9 du Haut-Commissaire de la Gambie aupr\u00e8s de la CEDEAO et du Nigeria. Cette rencontre a mis l\u2019accent sur la n\u00e9cessit\u00e9 de renforcer l\u2019unit\u00e9 et la collaboration entre les \u00c9tats africains et leurs partenaires pour relever les d\u00e9fis communs, notamment en mati\u00e8re de s\u00e9curit\u00e9, de d\u00e9veloppement et d\u2019int\u00e9gration r\u00e9gionale.<\/p>\n\n\n\n<p>Au cours des \u00e9changes, Dr Touray a salu\u00e9 la qualit\u00e9 du partenariat entre la CEDEAO et l\u2019Union africaine, r\u00e9affirmant l\u2019engagement de la Commission \u00e0 approfondir la coop\u00e9ration institutionnelle afin de promouvoir la paix, la s\u00e9curit\u00e9 et la gouvernance d\u00e9mocratique en Afrique de l\u2019Ouest.<\/p>\n\n\n\n<p>De son c\u00f4t\u00e9, Dr Tangara a insist\u00e9 sur l\u2019importance d\u2019une coordination \u00e9troite entre les m\u00e9canismes continentaux et r\u00e9gionaux pour soutenir les initiatives de consolidation de la paix, de pr\u00e9vention des conflits et de d\u00e9veloppement dans le Sahel.<\/p>\n\n\n\n<p>Cette visite illustre la volont\u00e9 commune des institutions africaines de renforcer les synergies pour favoriser la stabilit\u00e9, la croissance et la prosp\u00e9rit\u00e9 de l\u2019Afrique de l\u2019Ouest et du continent dans son ensemble.<\/p>\n\n\n\n<p><strong><em>Marc Okuw\u00e9 <\/em><\/strong><\/p>\n\n\n\n<p><\/p>\n\n\n\n<p><strong><em>Nous contacter pour tous besoins aux num\u00e9ros suivants (+228)90213091\/99149300\/98866570<\/em><\/strong><\/p>\n\n\n\n<p><\/p>\n","protected":false},"excerpt":{"rendered":"<p>Asokoro, dans la capitale nig\u00e9riane Abuja, afin de consolider la coop\u00e9ration entre les institutions africaines face aux d\u00e9fis r\u00e9gionaux. Le<\/p>\n","protected":false},"author":2,"featured_media":4756,"comment_status":"open","ping_status":"closed","sticky":false,"template":"","format":"standard","meta":{"footnotes":""},"categories":[1],"tags":[],"class_list":["post-4755","post","type-post","status-publish","format-standard","has-post-thumbnail","hentry","category-societe"],"yoast_head":"<!-- This site is optimized with the Yoast SEO plugin v23.9 - https:\/\/yoast.com\/wordpress\/plugins\/seo\/ -->\n<title>UA et CEDEAO: La stabilit\u00e9 dans le Sahel pr\u00e9occupe -<\/title>\n<meta name=\"robots\" content=\"index, follow, max-snippet:-1, max-image-preview:large, max-video-preview:-1\" \/>\n<link rel=\"canonical\" href=\"https:\/\/lepoint-actu.tg\/index.php\/2026\/03\/09\/ua-et-cedeao-la-stabilite-dans-le-sahel-preoccupe\/\" \/>\n<meta property=\"og:locale\" content=\"fr_FR\" \/>\n<meta property=\"og:type\" content=\"article\" \/>\n<meta property=\"og:title\" content=\"UA et CEDEAO: La stabilit\u00e9 dans le Sahel pr\u00e9occupe -\" \/>\n<meta property=\"og:description\" content=\"Asokoro, dans la capitale nig\u00e9riane Abuja, afin de consolider la coop\u00e9ration entre les institutions africaines face aux d\u00e9fis r\u00e9gionaux. Le\" \/>\n<meta property=\"og:url\" content=\"https:\/\/lepoint-actu.tg\/index.php\/2026\/03\/09\/ua-et-cedeao-la-stabilite-dans-le-sahel-preoccupe\/\" \/>\n<meta property=\"article:published_time\" content=\"2026-03-09T12:26:32+00:00\" \/>\n<meta property=\"article:modified_time\" content=\"2026-03-09T12:26:43+00:00\" \/>\n<meta property=\"og:image\" content=\"https:\/\/lepoint-actu.tg\/wp-content\/uploads\/2026\/03\/IMG-20260308-WA00332-768x387-1.jpg\" \/>\n\t<meta property=\"og:image:width\" content=\"768\" \/>\n\t<meta property=\"og:image:height\" content=\"387\" \/>\n\t<meta property=\"og:image:type\" content=\"image\/jpeg\" \/>\n<meta name=\"author\" content=\"La Redaction\" \/>\n<meta name=\"twitter:card\" content=\"summary_large_image\" \/>\n<meta name=\"twitter:label1\" content=\"\u00c9crit par\" \/>\n\t<meta name=\"twitter:data1\" content=\"La Redaction\" \/>\n\t<meta name=\"twitter:label2\" content=\"Dur\u00e9e de lecture estim\u00e9e\" \/>\n\t<meta name=\"twitter:data2\" content=\"2 minutes\" \/>\n<script type=\"application\/ld+json\" class=\"yoast-schema-graph\">{\"@context\":\"https:\/\/schema.org\",\"@graph\":[{\"@type\":\"WebPage\",\"@id\":\"https:\/\/lepoint-actu.tg\/index.php\/2026\/03\/09\/ua-et-cedeao-la-stabilite-dans-le-sahel-preoccupe\/\",\"url\":\"https:\/\/lepoint-actu.tg\/index.php\/2026\/03\/09\/ua-et-cedeao-la-stabilite-dans-le-sahel-preoccupe\/\",\"name\":\"UA et CEDEAO: La stabilit\u00e9 dans le Sahel pr\u00e9occupe -\",\"isPartOf\":{\"@id\":\"https:\/\/lepoint-actu.tg\/#website\"},\"primaryImageOfPage\":{\"@id\":\"https:\/\/lepoint-actu.tg\/index.php\/2026\/03\/09\/ua-et-cedeao-la-stabilite-dans-le-sahel-preoccupe\/#primaryimage\"},\"image\":{\"@id\":\"https:\/\/lepoint-actu.tg\/index.php\/2026\/03\/09\/ua-et-cedeao-la-stabilite-dans-le-sahel-preoccupe\/#primaryimage\"},\"thumbnailUrl\":\"https:\/\/lepoint-actu.tg\/wp-content\/uploads\/2026\/03\/IMG-20260308-WA00332-768x387-1.jpg\",\"datePublished\":\"2026-03-09T12:26:32+00:00\",\"dateModified\":\"2026-03-09T12:26:43+00:00\",\"author\":{\"@id\":\"https:\/\/lepoint-actu.tg\/#\/schema\/person\/e4026d66cbdc205cab83e169ab7eaca1\"},\"breadcrumb\":{\"@id\":\"https:\/\/lepoint-actu.tg\/index.php\/2026\/03\/09\/ua-et-cedeao-la-stabilite-dans-le-sahel-preoccupe\/#breadcrumb\"},\"inLanguage\":\"fr-FR\",\"potentialAction\":[{\"@type\":\"ReadAction\",\"target\":[\"https:\/\/lepoint-actu.tg\/index.php\/2026\/03\/09\/ua-et-cedeao-la-stabilite-dans-le-sahel-preoccupe\/\"]}]},{\"@type\":\"ImageObject\",\"inLanguage\":\"fr-FR\",\"@id\":\"https:\/\/lepoint-actu.tg\/index.php\/2026\/03\/09\/ua-et-cedeao-la-stabilite-dans-le-sahel-preoccupe\/#primaryimage\",\"url\":\"https:\/\/lepoint-actu.tg\/wp-content\/uploads\/2026\/03\/IMG-20260308-WA00332-768x387-1.jpg\",\"contentUrl\":\"https:\/\/lepoint-actu.tg\/wp-content\/uploads\/2026\/03\/IMG-20260308-WA00332-768x387-1.jpg\",\"width\":768,\"height\":387},{\"@type\":\"BreadcrumbList\",\"@id\":\"https:\/\/lepoint-actu.tg\/index.php\/2026\/03\/09\/ua-et-cedeao-la-stabilite-dans-le-sahel-preoccupe\/#breadcrumb\",\"itemListElement\":[{\"@type\":\"ListItem\",\"position\":1,\"name\":\"Accueil\",\"item\":\"https:\/\/lepoint-actu.tg\/\"},{\"@type\":\"ListItem\",\"position\":2,\"name\":\"UA et CEDEAO: La stabilit\u00e9 dans le Sahel pr\u00e9occupe\"}]},{\"@type\":\"WebSite\",\"@id\":\"https:\/\/lepoint-actu.tg\/#website\",\"url\":\"https:\/\/lepoint-actu.tg\/\",\"name\":\"\",\"description\":\"R\u00e9c\u00e9piss\u00e9 N\u00b00022\/HAAC\/12-2020\/pL\/P, lepointactu07@gmail.com\",\"potentialAction\":[{\"@type\":\"SearchAction\",\"target\":{\"@type\":\"EntryPoint\",\"urlTemplate\":\"https:\/\/lepoint-actu.tg\/?s={search_term_string}\"},\"query-input\":{\"@type\":\"PropertyValueSpecification\",\"valueRequired\":true,\"valueName\":\"search_term_string\"}}],\"inLanguage\":\"fr-FR\"},{\"@type\":\"Person\",\"@id\":\"https:\/\/lepoint-actu.tg\/#\/schema\/person\/e4026d66cbdc205cab83e169ab7eaca1\",\"name\":\"La Redaction\",\"image\":{\"@type\":\"ImageObject\",\"inLanguage\":\"fr-FR\",\"@id\":\"https:\/\/lepoint-actu.tg\/#\/schema\/person\/image\/\",\"url\":\"https:\/\/secure.gravatar.com\/avatar\/1682a0ff7e2c36efa51c5d262eea092000ec1ce420118e6261440956730308c2?s=96&d=mm&r=g\",\"contentUrl\":\"https:\/\/secure.gravatar.com\/avatar\/1682a0ff7e2c36efa51c5d262eea092000ec1ce420118e6261440956730308c2?s=96&d=mm&r=g\",\"caption\":\"La Redaction\"},\"url\":\"https:\/\/lepoint-actu.tg\/index.php\/author\/raymondsama\/\"}]}<\/script>\n<!-- \/ Yoast SEO plugin. -->","yoast_head_json":{"title":"UA et CEDEAO: La stabilit\u00e9 dans le Sahel pr\u00e9occupe -","robots":{"index":"index","follow":"follow","max-snippet":"max-snippet:-1","max-image-preview":"max-image-preview:large","max-video-preview":"max-video-preview:-1"},"canonical":"https:\/\/lepoint-actu.tg\/index.php\/2026\/03\/09\/ua-et-cedeao-la-stabilite-dans-le-sahel-preoccupe\/","og_locale":"fr_FR","og_type":"article","og_title":"UA et CEDEAO: La stabilit\u00e9 dans le Sahel pr\u00e9occupe -","og_description":"Asokoro, dans la capitale nig\u00e9riane Abuja, afin de consolider la coop\u00e9ration entre les institutions africaines face aux d\u00e9fis r\u00e9gionaux. Le","og_url":"https:\/\/lepoint-actu.tg\/index.php\/2026\/03\/09\/ua-et-cedeao-la-stabilite-dans-le-sahel-preoccupe\/","article_published_time":"2026-03-09T12:26:32+00:00","article_modified_time":"2026-03-09T12:26:43+00:00","og_image":[{"width":768,"height":387,"url":"https:\/\/lepoint-actu.tg\/wp-content\/uploads\/2026\/03\/IMG-20260308-WA00332-768x387-1.jpg","type":"image\/jpeg"}],"author":"La Redaction","twitter_card":"summary_large_image","twitter_misc":{"\u00c9crit par":"La Redaction","Dur\u00e9e de lecture estim\u00e9e":"2 minutes"},"schema":{"@context":"https:\/\/schema.org","@graph":[{"@type":"WebPage","@id":"https:\/\/lepoint-actu.tg\/index.php\/2026\/03\/09\/ua-et-cedeao-la-stabilite-dans-le-sahel-preoccupe\/","url":"https:\/\/lepoint-actu.tg\/index.php\/2026\/03\/09\/ua-et-cedeao-la-stabilite-dans-le-sahel-preoccupe\/","name":"UA et CEDEAO: La stabilit\u00e9 dans le Sahel pr\u00e9occupe -","isPartOf":{"@id":"https:\/\/lepoint-actu.tg\/#website"},"primaryImageOfPage":{"@id":"https:\/\/lepoint-actu.tg\/index.php\/2026\/03\/09\/ua-et-cedeao-la-stabilite-dans-le-sahel-preoccupe\/#primaryimage"},"image":{"@id":"https:\/\/lepoint-actu.tg\/index.php\/2026\/03\/09\/ua-et-cedeao-la-stabilite-dans-le-sahel-preoccupe\/#primaryimage"},"thumbnailUrl":"https:\/\/lepoint-actu.tg\/wp-content\/uploads\/2026\/03\/IMG-20260308-WA00332-768x387-1.jpg","datePublished":"2026-03-09T12:26:32+00:00","dateModified":"2026-03-09T12:26:43+00:00","author":{"@id":"https:\/\/lepoint-actu.tg\/#\/schema\/person\/e4026d66cbdc205cab83e169ab7eaca1"},"breadcrumb":{"@id":"https:\/\/lepoint-actu.tg\/index.php\/2026\/03\/09\/ua-et-cedeao-la-stabilite-dans-le-sahel-preoccupe\/#breadcrumb"},"inLanguage":"fr-FR","potentialAction":[{"@type":"ReadAction","target":["https:\/\/lepoint-actu.tg\/index.php\/2026\/03\/09\/ua-et-cedeao-la-stabilite-dans-le-sahel-preoccupe\/"]}]},{"@type":"ImageObject","inLanguage":"fr-FR","@id":"https:\/\/lepoint-actu.tg\/index.php\/2026\/03\/09\/ua-et-cedeao-la-stabilite-dans-le-sahel-preoccupe\/#primaryimage","url":"https:\/\/lepoint-actu.tg\/wp-content\/uploads\/2026\/03\/IMG-20260308-WA00332-768x387-1.jpg","contentUrl":"https:\/\/lepoint-actu.tg\/wp-content\/uploads\/2026\/03\/IMG-20260308-WA00332-768x387-1.jpg","width":768,"height":387},{"@type":"BreadcrumbList","@id":"https:\/\/lepoint-actu.tg\/index.php\/2026\/03\/09\/ua-et-cedeao-la-stabilite-dans-le-sahel-preoccupe\/#breadcrumb","itemListElement":[{"@type":"ListItem","position":1,"name":"Accueil","item":"https:\/\/lepoint-actu.tg\/"},{"@type":"ListItem","position":2,"name":"UA et CEDEAO: La stabilit\u00e9 dans le Sahel pr\u00e9occupe"}]},{"@type":"WebSite","@id":"https:\/\/lepoint-actu.tg\/#website","url":"https:\/\/lepoint-actu.tg\/","name":"","description":"R\u00e9c\u00e9piss\u00e9 N\u00b00022\/HAAC\/12-2020\/pL\/P, lepointactu07@gmail.com","potentialAction":[{"@type":"SearchAction","target":{"@type":"EntryPoint","urlTemplate":"https:\/\/lepoint-actu.tg\/?s={search_term_string}"},"query-input":{"@type":"PropertyValueSpecification","valueRequired":true,"valueName":"search_term_string"}}],"inLanguage":"fr-FR"},{"@type":"Person","@id":"https:\/\/lepoint-actu.tg\/#\/schema\/person\/e4026d66cbdc205cab83e169ab7eaca1","name":"La Redaction","image":{"@type":"ImageObject","inLanguage":"fr-FR","@id":"https:\/\/lepoint-actu.tg\/#\/schema\/person\/image\/","url":"https:\/\/secure.gravatar.com\/avatar\/1682a0ff7e2c36efa51c5d262eea092000ec1ce420118e6261440956730308c2?s=96&d=mm&r=g","contentUrl":"https:\/\/secure.gravatar.com\/avatar\/1682a0ff7e2c36efa51c5d262eea092000ec1ce420118e6261440956730308c2?s=96&d=mm&r=g","caption":"La Redaction"},"url":"https:\/\/lepoint-actu.tg\/index.php\/author\/raymondsama\/"}]}},"_links":{"self":[{"href":"https:\/\/lepoint-actu.tg\/index.php\/wp-json\/wp\/v2\/posts\/4755","targetHints":{"allow":["GET"]}}],"collection":[{"href":"https:\/\/lepoint-actu.tg\/index.php\/wp-json\/wp\/v2\/posts"}],"about":[{"href":"https:\/\/lepoint-actu.tg\/index.php\/wp-json\/wp\/v2\/types\/post"}],"author":[{"embeddable":true,"href":"https:\/\/lepoint-actu.tg\/index.php\/wp-json\/wp\/v2\/users\/2"}],"replies":[{"embeddable":true,"href":"https:\/\/lepoint-actu.tg\/index.php\/wp-json\/wp\/v2\/comments?post=4755"}],"version-history":[{"count":1,"href":"https:\/\/lepoint-actu.tg\/index.php\/wp-json\/wp\/v2\/posts\/4755\/revisions"}],"predecessor-version":[{"id":4757,"href":"https:\/\/lepoint-actu.tg\/index.php\/wp-json\/wp\/v2\/posts\/4755\/revisions\/4757"}],"wp:featuredmedia":[{"embeddable":true,"href":"https:\/\/lepoint-actu.tg\/index.php\/wp-json\/wp\/v2\/media\/4756"}],"wp:attachment":[{"href":"https:\/\/lepoint-actu.tg\/index.php\/wp-json\/wp\/v2\/media?parent=4755"}],"wp:term":[{"taxonomy":"category","embeddable":true,"href":"https:\/\/lepoint-actu.tg\/index.php\/wp-json\/wp\/v2\/categories?post=4755"},{"taxonomy":"post_tag","embeddable":true,"href":"https:\/\/lepoint-actu.tg\/index.php\/wp-json\/wp\/v2\/tags?post=4755"}],"curies":[{"name":"wp","href":"https:\/\/api.w.org\/{rel}","templated":true}]}}