{"id":4764,"date":"2026-03-05T13:00:39","date_gmt":"2026-03-05T13:00:39","guid":{"rendered":"https:\/\/lepoint-actu.tg\/?p=4764"},"modified":"2026-03-09T13:06:52","modified_gmt":"2026-03-09T13:06:52","slug":"togo-la-loi-cadre-sur-lenvironnement-actualisee","status":"publish","type":"post","link":"https:\/\/lepoint-actu.tg\/index.php\/2026\/03\/05\/togo-la-loi-cadre-sur-lenvironnement-actualisee\/","title":{"rendered":"Togo: La loi-cadre sur l&rsquo;environnement actualis\u00e9e"},"content":{"rendered":"\n<p><\/p>\n\n\n\n<p>L&rsquo;Assembl\u00e9e nationale togolaise a adopt\u00e9 en premi\u00e8re lecture, la loi modifiant et compl\u00e9tant la loi du 30 mai 2008 portant loi-cadre sur l\u2019environnement. Le texte a \u00e9t\u00e9 vot\u00e9 lors de la troisi\u00e8me s\u00e9ance pl\u00e9ni\u00e8re de la premi\u00e8re session extraordinaire de l\u2019ann\u00e9e, le jeudi 5 mars 2026.<\/p>\n\n\n\n<p>Cette r\u00e9forme, voulue par l\u2019ex\u00e9cutif, vise \u00e0 adapter le cadre l\u00e9gislatif national aux d\u00e9fis environnementaux actuels, dans un contexte marqu\u00e9 par les effets du changement climatique, l\u2019\u00e9rosion c\u00f4ti\u00e8re, la pression sur les ressources foresti\u00e8res et la d\u00e9gradation des sols.<\/p>\n\n\n\n<p>Selon Aklesso Atchol\u00e9, pr\u00e9sident du groupe parlementaire Union pour la R\u00e9publique (UNIR), l\u2019initiative r\u00e9pond \u00e0 l\u2019\u00e9volution des enjeux environnementaux et \u00e0 la n\u00e9cessit\u00e9 d\u2019aligner le dispositif national sur les engagements internationaux du pays.<\/p>\n\n\n\n<figure class=\"wp-block-image size-full\"><img loading=\"lazy\" decoding=\"async\" width=\"718\" height=\"456\" src=\"https:\/\/lepoint-actu.tg\/wp-content\/uploads\/2026\/03\/1001537974.jpg\" alt=\"\" class=\"wp-image-4766\" srcset=\"https:\/\/lepoint-actu.tg\/wp-content\/uploads\/2026\/03\/1001537974.jpg 718w, https:\/\/lepoint-actu.tg\/wp-content\/uploads\/2026\/03\/1001537974-300x191.jpg 300w\" sizes=\"auto, (max-width: 718px) 100vw, 718px\" \/><\/figure>\n\n\n\n<p>Le nouveau texte introduit plusieurs innovations dans la politique environnementale, notamment les notions d\u2019\u00e9conomie verte, d\u2019\u00e9conomie circulaire et de mobilit\u00e9 verte, ainsi que l\u2019introduction d\u2019une taxe carbone.<\/p>\n\n\n\n<figure class=\"wp-block-image\"><img decoding=\"async\" src=\"https:\/\/www.togofirst.com\/images\/2025\/764161424097226292-n.jpg\" alt=\"764161424097226292 n\"\/><\/figure>\n\n\n\n<p><em>\u00ab&nbsp;Le pr\u00e9sent texte consacre de nouveaux paradigmes et l\u2019id\u00e9e que nous devrions davantage prot\u00e9ger notre environnement et \u00eatre en disponibilit\u00e9 devant les enjeux climatiques&nbsp;\u00bb<\/em>, a d\u00e9clar\u00e9 devant les d\u00e9put\u00e9s Dodzi Kokoroko, ministre en charge de l\u2019Environnement.&nbsp;<em>\u00ab&nbsp;Il introduit de nouveaux mod\u00e8les \u00e9conomiques tels que l\u2019\u00e9conomie verte, la mobilit\u00e9 verte et l\u2019\u00e9conomie circulaire, et nous octroie un levier de mobilisation des ressources climatiques par la cons\u00e9cration de la taxe carbone et l\u2019op\u00e9rationnalisation du Fonds national de l\u2019environnement&nbsp;\u00bb<\/em>, a ajout\u00e9 le responsable.<\/p>\n\n\n\n<p>En attendant validation par le S\u00e9nat, pour le pays, cette \u00e9volution l\u00e9gislative s\u2019inscrit dans une dynamique plus large de renforcement des politiques climatiques. En 2023, le gouvernement avait rendu un d\u00e9cret encadrant les m\u00e9canismes de gestion du carbone afin de favoriser le stockage du carbone et de contribuer \u00e0 la r\u00e9duction des \u00e9missions de gaz \u00e0 effet de serre.<\/p>\n\n\n\n<p>Dans la m\u00eame veine, en 2024, les autorit\u00e9s ont initi\u00e9 l\u2019\u00e9laboration d\u2019une strat\u00e9gie nationale visant \u00e0 r\u00e9duire les \u00e9missions de gaz \u00e0 effet de serre d\u2019ici \u00e0 2030, dans le cadre des engagements pris par le pays au titre de l\u2019Accord de Paris.<\/p>\n\n\n\n<p>Notons du reste que du c\u00f4t\u00e9 de l\u2019Assembl\u00e9e, cette troisi\u00e8me s\u00e9ance pl\u00e9ni\u00e8re a \u00e9t\u00e9 \u00e9galement marqu\u00e9e par le vote d\u00e9finitif de la loi autorisant la prorogation de l&rsquo;\u00e9tat d&rsquo;urgence s\u00e9curitaire dans la r\u00e9gion des Savanes ainsi que de la loi modifiant le r\u00e9gime juridique et fiscal harmonis\u00e9 applicable au projet de gazoduc de l&rsquo;Afrique de l&rsquo;Ouest en R\u00e9publique togolaise.<\/p>\n\n\n\n<p><strong><em>J.T\u00e9t\u00e9<\/em><\/strong><\/p>\n\n\n\n<p>Nous Contacter pour tous besoins aux num\u00e9ros suivants (00228)90 21 30 91\/99149300\/98866570<\/p>\n","protected":false},"excerpt":{"rendered":"<p>L&rsquo;Assembl\u00e9e nationale togolaise a adopt\u00e9 en premi\u00e8re lecture, la loi modifiant et compl\u00e9tant la loi du 30 mai 2008 portant<\/p>\n","protected":false},"author":2,"featured_media":4765,"comment_status":"open","ping_status":"closed","sticky":false,"template":"","format":"standard","meta":{"footnotes":""},"categories":[6],"tags":[],"class_list":["post-4764","post","type-post","status-publish","format-standard","has-post-thumbnail","hentry","category-environnement"],"yoast_head":"<!-- This site is optimized with the Yoast SEO plugin v23.9 - https:\/\/yoast.com\/wordpress\/plugins\/seo\/ -->\n<title>Togo: La loi-cadre sur l&#039;environnement actualis\u00e9e -<\/title>\n<meta name=\"robots\" content=\"index, follow, max-snippet:-1, max-image-preview:large, max-video-preview:-1\" \/>\n<link rel=\"canonical\" href=\"https:\/\/lepoint-actu.tg\/index.php\/2026\/03\/05\/togo-la-loi-cadre-sur-lenvironnement-actualisee\/\" \/>\n<meta property=\"og:locale\" content=\"fr_FR\" \/>\n<meta property=\"og:type\" content=\"article\" \/>\n<meta property=\"og:title\" content=\"Togo: La loi-cadre sur l&#039;environnement actualis\u00e9e -\" \/>\n<meta property=\"og:description\" content=\"L&rsquo;Assembl\u00e9e nationale togolaise a adopt\u00e9 en premi\u00e8re lecture, la loi modifiant et compl\u00e9tant la loi du 30 mai 2008 portant\" \/>\n<meta property=\"og:url\" content=\"https:\/\/lepoint-actu.tg\/index.php\/2026\/03\/05\/togo-la-loi-cadre-sur-lenvironnement-actualisee\/\" \/>\n<meta property=\"article:published_time\" content=\"2026-03-05T13:00:39+00:00\" \/>\n<meta property=\"article:modified_time\" content=\"2026-03-09T13:06:52+00:00\" \/>\n<meta property=\"og:image\" content=\"https:\/\/lepoint-actu.tg\/wp-content\/uploads\/2026\/03\/Screenshot_20260309-125921.jpg\" \/>\n\t<meta property=\"og:image:width\" content=\"720\" \/>\n\t<meta property=\"og:image:height\" content=\"494\" \/>\n\t<meta property=\"og:image:type\" content=\"image\/jpeg\" \/>\n<meta name=\"author\" content=\"La Redaction\" \/>\n<meta name=\"twitter:card\" content=\"summary_large_image\" \/>\n<meta name=\"twitter:label1\" content=\"\u00c9crit par\" \/>\n\t<meta name=\"twitter:data1\" content=\"La Redaction\" \/>\n\t<meta name=\"twitter:label2\" content=\"Dur\u00e9e de lecture estim\u00e9e\" \/>\n\t<meta name=\"twitter:data2\" content=\"3 minutes\" \/>\n<script type=\"application\/ld+json\" class=\"yoast-schema-graph\">{\"@context\":\"https:\/\/schema.org\",\"@graph\":[{\"@type\":\"WebPage\",\"@id\":\"https:\/\/lepoint-actu.tg\/index.php\/2026\/03\/05\/togo-la-loi-cadre-sur-lenvironnement-actualisee\/\",\"url\":\"https:\/\/lepoint-actu.tg\/index.php\/2026\/03\/05\/togo-la-loi-cadre-sur-lenvironnement-actualisee\/\",\"name\":\"Togo: La loi-cadre sur l'environnement actualis\u00e9e -\",\"isPartOf\":{\"@id\":\"https:\/\/lepoint-actu.tg\/#website\"},\"primaryImageOfPage\":{\"@id\":\"https:\/\/lepoint-actu.tg\/index.php\/2026\/03\/05\/togo-la-loi-cadre-sur-lenvironnement-actualisee\/#primaryimage\"},\"image\":{\"@id\":\"https:\/\/lepoint-actu.tg\/index.php\/2026\/03\/05\/togo-la-loi-cadre-sur-lenvironnement-actualisee\/#primaryimage\"},\"thumbnailUrl\":\"https:\/\/lepoint-actu.tg\/wp-content\/uploads\/2026\/03\/Screenshot_20260309-125921.jpg\",\"datePublished\":\"2026-03-05T13:00:39+00:00\",\"dateModified\":\"2026-03-09T13:06:52+00:00\",\"author\":{\"@id\":\"https:\/\/lepoint-actu.tg\/#\/schema\/person\/e4026d66cbdc205cab83e169ab7eaca1\"},\"breadcrumb\":{\"@id\":\"https:\/\/lepoint-actu.tg\/index.php\/2026\/03\/05\/togo-la-loi-cadre-sur-lenvironnement-actualisee\/#breadcrumb\"},\"inLanguage\":\"fr-FR\",\"potentialAction\":[{\"@type\":\"ReadAction\",\"target\":[\"https:\/\/lepoint-actu.tg\/index.php\/2026\/03\/05\/togo-la-loi-cadre-sur-lenvironnement-actualisee\/\"]}]},{\"@type\":\"ImageObject\",\"inLanguage\":\"fr-FR\",\"@id\":\"https:\/\/lepoint-actu.tg\/index.php\/2026\/03\/05\/togo-la-loi-cadre-sur-lenvironnement-actualisee\/#primaryimage\",\"url\":\"https:\/\/lepoint-actu.tg\/wp-content\/uploads\/2026\/03\/Screenshot_20260309-125921.jpg\",\"contentUrl\":\"https:\/\/lepoint-actu.tg\/wp-content\/uploads\/2026\/03\/Screenshot_20260309-125921.jpg\",\"width\":720,\"height\":494},{\"@type\":\"BreadcrumbList\",\"@id\":\"https:\/\/lepoint-actu.tg\/index.php\/2026\/03\/05\/togo-la-loi-cadre-sur-lenvironnement-actualisee\/#breadcrumb\",\"itemListElement\":[{\"@type\":\"ListItem\",\"position\":1,\"name\":\"Accueil\",\"item\":\"https:\/\/lepoint-actu.tg\/\"},{\"@type\":\"ListItem\",\"position\":2,\"name\":\"Togo: La loi-cadre sur l&rsquo;environnement actualis\u00e9e\"}]},{\"@type\":\"WebSite\",\"@id\":\"https:\/\/lepoint-actu.tg\/#website\",\"url\":\"https:\/\/lepoint-actu.tg\/\",\"name\":\"\",\"description\":\"R\u00e9c\u00e9piss\u00e9 N\u00b00022\/HAAC\/12-2020\/pL\/P, lepointactu07@gmail.com\",\"potentialAction\":[{\"@type\":\"SearchAction\",\"target\":{\"@type\":\"EntryPoint\",\"urlTemplate\":\"https:\/\/lepoint-actu.tg\/?s={search_term_string}\"},\"query-input\":{\"@type\":\"PropertyValueSpecification\",\"valueRequired\":true,\"valueName\":\"search_term_string\"}}],\"inLanguage\":\"fr-FR\"},{\"@type\":\"Person\",\"@id\":\"https:\/\/lepoint-actu.tg\/#\/schema\/person\/e4026d66cbdc205cab83e169ab7eaca1\",\"name\":\"La Redaction\",\"image\":{\"@type\":\"ImageObject\",\"inLanguage\":\"fr-FR\",\"@id\":\"https:\/\/lepoint-actu.tg\/#\/schema\/person\/image\/\",\"url\":\"https:\/\/secure.gravatar.com\/avatar\/1682a0ff7e2c36efa51c5d262eea092000ec1ce420118e6261440956730308c2?s=96&d=mm&r=g\",\"contentUrl\":\"https:\/\/secure.gravatar.com\/avatar\/1682a0ff7e2c36efa51c5d262eea092000ec1ce420118e6261440956730308c2?s=96&d=mm&r=g\",\"caption\":\"La Redaction\"},\"url\":\"https:\/\/lepoint-actu.tg\/index.php\/author\/raymondsama\/\"}]}<\/script>\n<!-- \/ Yoast SEO plugin. -->","yoast_head_json":{"title":"Togo: La loi-cadre sur l'environnement actualis\u00e9e -","robots":{"index":"index","follow":"follow","max-snippet":"max-snippet:-1","max-image-preview":"max-image-preview:large","max-video-preview":"max-video-preview:-1"},"canonical":"https:\/\/lepoint-actu.tg\/index.php\/2026\/03\/05\/togo-la-loi-cadre-sur-lenvironnement-actualisee\/","og_locale":"fr_FR","og_type":"article","og_title":"Togo: La loi-cadre sur l'environnement actualis\u00e9e -","og_description":"L&rsquo;Assembl\u00e9e nationale togolaise a adopt\u00e9 en premi\u00e8re lecture, la loi modifiant et compl\u00e9tant la loi du 30 mai 2008 portant","og_url":"https:\/\/lepoint-actu.tg\/index.php\/2026\/03\/05\/togo-la-loi-cadre-sur-lenvironnement-actualisee\/","article_published_time":"2026-03-05T13:00:39+00:00","article_modified_time":"2026-03-09T13:06:52+00:00","og_image":[{"width":720,"height":494,"url":"https:\/\/lepoint-actu.tg\/wp-content\/uploads\/2026\/03\/Screenshot_20260309-125921.jpg","type":"image\/jpeg"}],"author":"La Redaction","twitter_card":"summary_large_image","twitter_misc":{"\u00c9crit par":"La Redaction","Dur\u00e9e de lecture estim\u00e9e":"3 minutes"},"schema":{"@context":"https:\/\/schema.org","@graph":[{"@type":"WebPage","@id":"https:\/\/lepoint-actu.tg\/index.php\/2026\/03\/05\/togo-la-loi-cadre-sur-lenvironnement-actualisee\/","url":"https:\/\/lepoint-actu.tg\/index.php\/2026\/03\/05\/togo-la-loi-cadre-sur-lenvironnement-actualisee\/","name":"Togo: La loi-cadre sur l'environnement actualis\u00e9e -","isPartOf":{"@id":"https:\/\/lepoint-actu.tg\/#website"},"primaryImageOfPage":{"@id":"https:\/\/lepoint-actu.tg\/index.php\/2026\/03\/05\/togo-la-loi-cadre-sur-lenvironnement-actualisee\/#primaryimage"},"image":{"@id":"https:\/\/lepoint-actu.tg\/index.php\/2026\/03\/05\/togo-la-loi-cadre-sur-lenvironnement-actualisee\/#primaryimage"},"thumbnailUrl":"https:\/\/lepoint-actu.tg\/wp-content\/uploads\/2026\/03\/Screenshot_20260309-125921.jpg","datePublished":"2026-03-05T13:00:39+00:00","dateModified":"2026-03-09T13:06:52+00:00","author":{"@id":"https:\/\/lepoint-actu.tg\/#\/schema\/person\/e4026d66cbdc205cab83e169ab7eaca1"},"breadcrumb":{"@id":"https:\/\/lepoint-actu.tg\/index.php\/2026\/03\/05\/togo-la-loi-cadre-sur-lenvironnement-actualisee\/#breadcrumb"},"inLanguage":"fr-FR","potentialAction":[{"@type":"ReadAction","target":["https:\/\/lepoint-actu.tg\/index.php\/2026\/03\/05\/togo-la-loi-cadre-sur-lenvironnement-actualisee\/"]}]},{"@type":"ImageObject","inLanguage":"fr-FR","@id":"https:\/\/lepoint-actu.tg\/index.php\/2026\/03\/05\/togo-la-loi-cadre-sur-lenvironnement-actualisee\/#primaryimage","url":"https:\/\/lepoint-actu.tg\/wp-content\/uploads\/2026\/03\/Screenshot_20260309-125921.jpg","contentUrl":"https:\/\/lepoint-actu.tg\/wp-content\/uploads\/2026\/03\/Screenshot_20260309-125921.jpg","width":720,"height":494},{"@type":"BreadcrumbList","@id":"https:\/\/lepoint-actu.tg\/index.php\/2026\/03\/05\/togo-la-loi-cadre-sur-lenvironnement-actualisee\/#breadcrumb","itemListElement":[{"@type":"ListItem","position":1,"name":"Accueil","item":"https:\/\/lepoint-actu.tg\/"},{"@type":"ListItem","position":2,"name":"Togo: La loi-cadre sur l&rsquo;environnement actualis\u00e9e"}]},{"@type":"WebSite","@id":"https:\/\/lepoint-actu.tg\/#website","url":"https:\/\/lepoint-actu.tg\/","name":"","description":"R\u00e9c\u00e9piss\u00e9 N\u00b00022\/HAAC\/12-2020\/pL\/P, lepointactu07@gmail.com","potentialAction":[{"@type":"SearchAction","target":{"@type":"EntryPoint","urlTemplate":"https:\/\/lepoint-actu.tg\/?s={search_term_string}"},"query-input":{"@type":"PropertyValueSpecification","valueRequired":true,"valueName":"search_term_string"}}],"inLanguage":"fr-FR"},{"@type":"Person","@id":"https:\/\/lepoint-actu.tg\/#\/schema\/person\/e4026d66cbdc205cab83e169ab7eaca1","name":"La Redaction","image":{"@type":"ImageObject","inLanguage":"fr-FR","@id":"https:\/\/lepoint-actu.tg\/#\/schema\/person\/image\/","url":"https:\/\/secure.gravatar.com\/avatar\/1682a0ff7e2c36efa51c5d262eea092000ec1ce420118e6261440956730308c2?s=96&d=mm&r=g","contentUrl":"https:\/\/secure.gravatar.com\/avatar\/1682a0ff7e2c36efa51c5d262eea092000ec1ce420118e6261440956730308c2?s=96&d=mm&r=g","caption":"La Redaction"},"url":"https:\/\/lepoint-actu.tg\/index.php\/author\/raymondsama\/"}]}},"_links":{"self":[{"href":"https:\/\/lepoint-actu.tg\/index.php\/wp-json\/wp\/v2\/posts\/4764","targetHints":{"allow":["GET"]}}],"collection":[{"href":"https:\/\/lepoint-actu.tg\/index.php\/wp-json\/wp\/v2\/posts"}],"about":[{"href":"https:\/\/lepoint-actu.tg\/index.php\/wp-json\/wp\/v2\/types\/post"}],"author":[{"embeddable":true,"href":"https:\/\/lepoint-actu.tg\/index.php\/wp-json\/wp\/v2\/users\/2"}],"replies":[{"embeddable":true,"href":"https:\/\/lepoint-actu.tg\/index.php\/wp-json\/wp\/v2\/comments?post=4764"}],"version-history":[{"count":1,"href":"https:\/\/lepoint-actu.tg\/index.php\/wp-json\/wp\/v2\/posts\/4764\/revisions"}],"predecessor-version":[{"id":4767,"href":"https:\/\/lepoint-actu.tg\/index.php\/wp-json\/wp\/v2\/posts\/4764\/revisions\/4767"}],"wp:featuredmedia":[{"embeddable":true,"href":"https:\/\/lepoint-actu.tg\/index.php\/wp-json\/wp\/v2\/media\/4765"}],"wp:attachment":[{"href":"https:\/\/lepoint-actu.tg\/index.php\/wp-json\/wp\/v2\/media?parent=4764"}],"wp:term":[{"taxonomy":"category","embeddable":true,"href":"https:\/\/lepoint-actu.tg\/index.php\/wp-json\/wp\/v2\/categories?post=4764"},{"taxonomy":"post_tag","embeddable":true,"href":"https:\/\/lepoint-actu.tg\/index.php\/wp-json\/wp\/v2\/tags?post=4764"}],"curies":[{"name":"wp","href":"https:\/\/api.w.org\/{rel}","templated":true}]}}