{"id":4774,"date":"2026-03-14T10:23:47","date_gmt":"2026-03-14T10:23:47","guid":{"rendered":"https:\/\/lepoint-actu.tg\/?p=4774"},"modified":"2026-03-14T10:23:49","modified_gmt":"2026-03-14T10:23:49","slug":"disparitions-signalees-au-togo-le-gouvernement-fait-le-point-et-ecarte-lhypothese-dun-reseau-denlevements","status":"publish","type":"post","link":"https:\/\/lepoint-actu.tg\/index.php\/2026\/03\/14\/disparitions-signalees-au-togo-le-gouvernement-fait-le-point-et-ecarte-lhypothese-dun-reseau-denlevements\/","title":{"rendered":"Disparitions signal\u00e9es au Togo : le gouvernement fait le point et \u00e9carte l\u2019hypoth\u00e8se d\u2019un r\u00e9seau d\u2019enl\u00e8vements"},"content":{"rendered":"\n<p><\/p>\n\n\n\n<p><\/p>\n\n\n\n<p>Ces derniers mois, plusieurs familles togolaises ont v\u00e9cu dans l\u2019inqui\u00e9tude face aux nombreux messages circulant sur les r\u00e9seaux sociaux faisant \u00e9tat d\u2019enl\u00e8vements et de disparitions d\u2019adolescents et de mineurs.<\/p>\n\n\n\n<p>Pour r\u00e9pondre \u00e0 cette mont\u00e9e de l\u2019angoisse dans l\u2019opinion publique, le gouvernement a mis en place une commission sp\u00e9ciale charg\u00e9e de faire toute la lumi\u00e8re sur ces signalements.<\/p>\n\n\n\n<p>Les conclusions provisoires de cette enqu\u00eate ont \u00e9t\u00e9 pr\u00e9sent\u00e9es ce vendredi 13 mars 2026 \u00e0 Lom\u00e9 lors d\u2019un point de presse anim\u00e9 par plusieurs membres du gouvernement, notamment les ministres charg\u00e9s de la communication, de la justice, de l\u2019administration territoriale et de la s\u00e9curit\u00e9.<\/p>\n\n\n\n<figure class=\"wp-block-image size-full\"><img loading=\"lazy\" decoding=\"async\" width=\"720\" height=\"414\" src=\"https:\/\/lepoint-actu.tg\/wp-content\/uploads\/2026\/03\/1001557855.jpg\" alt=\"\" class=\"wp-image-4775\" srcset=\"https:\/\/lepoint-actu.tg\/wp-content\/uploads\/2026\/03\/1001557855.jpg 720w, https:\/\/lepoint-actu.tg\/wp-content\/uploads\/2026\/03\/1001557855-300x173.jpg 300w\" sizes=\"auto, (max-width: 720px) 100vw, 720px\" \/><\/figure>\n\n\n\n<p>Les r\u00e9sultats ont \u00e9t\u00e9 d\u00e9taill\u00e9s par le ministre de la S\u00e9curit\u00e9 et de la Protection civile, le Colonel Calixte Madjoulba. Selon lui, sur les 102 cas de disparitions signal\u00e9s sur l\u2019ensemble du territoire national entre le 1er d\u00e9cembre 2025 et le 28 f\u00e9vrier 2026, la majorit\u00e9 a d\u00e9j\u00e0 \u00e9t\u00e9 \u00e9lucid\u00e9e.<\/p>\n\n\n\n<p>\u00ab Un mois apr\u00e8s le d\u00e9marrage des travaux de la commission sp\u00e9ciale, il nous a sembl\u00e9 important de pr\u00e9senter un point d\u2019\u00e9tape transparent et document\u00e9 sur l\u2019\u00e9volution de la situation \u00bb, a indiqu\u00e9 le ministre.<\/p>\n\n\n\n<p>Au terme des investigations, les donn\u00e9es consolid\u00e9es font \u00e9tat de 102 cas de disparitions jug\u00e9es pr\u00e9occupantes, dont un seul cas d\u2019enl\u00e8vement pr\u00e9sum\u00e9. \u00c0 ce jour, 86 personnes ont \u00e9t\u00e9 retrouv\u00e9es, soit 84,31 % des cas signal\u00e9s, tandis que 16 personnes restent encore activement recherch\u00e9es.<\/p>\n\n\n\n<p>Parmi les personnes retrouv\u00e9es figurent 63 mineurs, dont 25 gar\u00e7ons et 38 filles, ainsi que 23 adultes, compos\u00e9s de 13 hommes et 10 femmes. Les cas restant \u00e0 \u00e9lucider concernent 14 adultes (8 hommes et 6 femmes) ainsi que deux mineurs, un gar\u00e7on et une fille.<\/p>\n\n\n\n<p>L\u2019analyse g\u00e9ographique des signalements r\u00e9v\u00e8le par ailleurs une forte concentration dans le District autonome du Grand Lom\u00e9, qui totalise \u00e0 lui seul 88 cas. Cette situation s\u2019explique notamment par la forte densit\u00e9 de population dans cette zone urbaine.<\/p>\n\n\n\n<p>Les investigations men\u00e9es par la commission indiquent que la majorit\u00e9 des situations ne rel\u00e8vent pas d\u2019actes criminels organis\u00e9s. Les causes identifi\u00e9es sont principalement des fugues li\u00e9es \u00e0 des conflits familiaux, des d\u00e9parts volontaires, un manque d\u2019encadrement parental ou encore des situations de vuln\u00e9rabilit\u00e9 sociale.<\/p>\n\n\n\n<p>\u00c0 ce stade, les autorit\u00e9s affirment qu\u2019aucun \u00e9l\u00e9ment ne permet d\u2019\u00e9tablir l\u2019existence d\u2019un r\u00e9seau d\u2019enl\u00e8vements de personnes au Togo.<\/p>\n\n\n\n<p>Parall\u00e8lement aux investigations, les forces de s\u00e9curit\u00e9 ont renforc\u00e9 les patrouilles et la surveillance dans certaines zones sensibles, tout en intensifiant la collaboration avec les autorit\u00e9s locales afin de pr\u00e9venir tout risque.<\/p>\n\n\n\n<p>Le gouvernement invite \u00e9galement la population \u00e0 signaler toute situation suspecte aux services de police ou de gendarmerie, ou \u00e0 contacter gratuitement le num\u00e9ro vert 1014, accessible 24 heures sur 24 et 7 jours sur 7.<\/p>\n\n\n\n<p>Les autorit\u00e9s appellent enfin les citoyens \u00e0 faire preuve de vigilance et \u00e0 v\u00e9rifier les informations relay\u00e9es sur les r\u00e9seaux sociaux avant de les partager, r\u00e9affirmant la d\u00e9termination du gouvernement \u00e0 garantir la s\u00e9curit\u00e9 des personnes et des biens sur toute l\u2019\u00e9tendue du territoire national.<\/p>\n\n\n\n<p><\/p>\n\n\n\n<p><strong><em>Nous contacter pour tous besoins aux num\u00e9ros suivants (00228)90213091\/99149300\/98866570<\/em><\/strong><\/p>\n","protected":false},"excerpt":{"rendered":"<p>Ces derniers mois, plusieurs familles togolaises ont v\u00e9cu dans l\u2019inqui\u00e9tude face aux nombreux messages circulant sur les r\u00e9seaux sociaux faisant<\/p>\n","protected":false},"author":2,"featured_media":4772,"comment_status":"open","ping_status":"closed","sticky":false,"template":"","format":"standard","meta":{"footnotes":""},"categories":[1],"tags":[],"class_list":["post-4774","post","type-post","status-publish","format-standard","has-post-thumbnail","hentry","category-societe"],"yoast_head":"<!-- This site is optimized with the Yoast SEO plugin v23.9 - https:\/\/yoast.com\/wordpress\/plugins\/seo\/ -->\n<title>Disparitions signal\u00e9es au Togo : le gouvernement fait le point et \u00e9carte l\u2019hypoth\u00e8se d\u2019un r\u00e9seau d\u2019enl\u00e8vements -<\/title>\n<meta name=\"robots\" content=\"index, follow, max-snippet:-1, max-image-preview:large, max-video-preview:-1\" \/>\n<link rel=\"canonical\" href=\"https:\/\/lepoint-actu.tg\/index.php\/2026\/03\/14\/disparitions-signalees-au-togo-le-gouvernement-fait-le-point-et-ecarte-lhypothese-dun-reseau-denlevements\/\" \/>\n<meta property=\"og:locale\" content=\"fr_FR\" \/>\n<meta property=\"og:type\" content=\"article\" \/>\n<meta property=\"og:title\" content=\"Disparitions signal\u00e9es au Togo : le gouvernement fait le point et \u00e9carte l\u2019hypoth\u00e8se d\u2019un r\u00e9seau d\u2019enl\u00e8vements -\" \/>\n<meta property=\"og:description\" content=\"Ces derniers mois, plusieurs familles togolaises ont v\u00e9cu dans l\u2019inqui\u00e9tude face aux nombreux messages circulant sur les r\u00e9seaux sociaux faisant\" \/>\n<meta property=\"og:url\" content=\"https:\/\/lepoint-actu.tg\/index.php\/2026\/03\/14\/disparitions-signalees-au-togo-le-gouvernement-fait-le-point-et-ecarte-lhypothese-dun-reseau-denlevements\/\" \/>\n<meta property=\"article:published_time\" content=\"2026-03-14T10:23:47+00:00\" \/>\n<meta property=\"article:modified_time\" content=\"2026-03-14T10:23:49+00:00\" \/>\n<meta property=\"og:image\" content=\"https:\/\/lepoint-actu.tg\/wp-content\/uploads\/2026\/03\/Screenshot_20260314-093031.jpg\" \/>\n\t<meta property=\"og:image:width\" content=\"713\" \/>\n\t<meta property=\"og:image:height\" content=\"410\" \/>\n\t<meta property=\"og:image:type\" content=\"image\/jpeg\" \/>\n<meta name=\"author\" content=\"La Redaction\" \/>\n<meta name=\"twitter:card\" content=\"summary_large_image\" \/>\n<meta name=\"twitter:label1\" content=\"\u00c9crit par\" \/>\n\t<meta name=\"twitter:data1\" content=\"La Redaction\" \/>\n\t<meta name=\"twitter:label2\" content=\"Dur\u00e9e de lecture estim\u00e9e\" \/>\n\t<meta name=\"twitter:data2\" content=\"3 minutes\" \/>\n<script type=\"application\/ld+json\" class=\"yoast-schema-graph\">{\"@context\":\"https:\/\/schema.org\",\"@graph\":[{\"@type\":\"WebPage\",\"@id\":\"https:\/\/lepoint-actu.tg\/index.php\/2026\/03\/14\/disparitions-signalees-au-togo-le-gouvernement-fait-le-point-et-ecarte-lhypothese-dun-reseau-denlevements\/\",\"url\":\"https:\/\/lepoint-actu.tg\/index.php\/2026\/03\/14\/disparitions-signalees-au-togo-le-gouvernement-fait-le-point-et-ecarte-lhypothese-dun-reseau-denlevements\/\",\"name\":\"Disparitions signal\u00e9es au Togo : le gouvernement fait le point et \u00e9carte l\u2019hypoth\u00e8se d\u2019un r\u00e9seau d\u2019enl\u00e8vements -\",\"isPartOf\":{\"@id\":\"https:\/\/lepoint-actu.tg\/#website\"},\"primaryImageOfPage\":{\"@id\":\"https:\/\/lepoint-actu.tg\/index.php\/2026\/03\/14\/disparitions-signalees-au-togo-le-gouvernement-fait-le-point-et-ecarte-lhypothese-dun-reseau-denlevements\/#primaryimage\"},\"image\":{\"@id\":\"https:\/\/lepoint-actu.tg\/index.php\/2026\/03\/14\/disparitions-signalees-au-togo-le-gouvernement-fait-le-point-et-ecarte-lhypothese-dun-reseau-denlevements\/#primaryimage\"},\"thumbnailUrl\":\"https:\/\/lepoint-actu.tg\/wp-content\/uploads\/2026\/03\/Screenshot_20260314-093031.jpg\",\"datePublished\":\"2026-03-14T10:23:47+00:00\",\"dateModified\":\"2026-03-14T10:23:49+00:00\",\"author\":{\"@id\":\"https:\/\/lepoint-actu.tg\/#\/schema\/person\/e4026d66cbdc205cab83e169ab7eaca1\"},\"breadcrumb\":{\"@id\":\"https:\/\/lepoint-actu.tg\/index.php\/2026\/03\/14\/disparitions-signalees-au-togo-le-gouvernement-fait-le-point-et-ecarte-lhypothese-dun-reseau-denlevements\/#breadcrumb\"},\"inLanguage\":\"fr-FR\",\"potentialAction\":[{\"@type\":\"ReadAction\",\"target\":[\"https:\/\/lepoint-actu.tg\/index.php\/2026\/03\/14\/disparitions-signalees-au-togo-le-gouvernement-fait-le-point-et-ecarte-lhypothese-dun-reseau-denlevements\/\"]}]},{\"@type\":\"ImageObject\",\"inLanguage\":\"fr-FR\",\"@id\":\"https:\/\/lepoint-actu.tg\/index.php\/2026\/03\/14\/disparitions-signalees-au-togo-le-gouvernement-fait-le-point-et-ecarte-lhypothese-dun-reseau-denlevements\/#primaryimage\",\"url\":\"https:\/\/lepoint-actu.tg\/wp-content\/uploads\/2026\/03\/Screenshot_20260314-093031.jpg\",\"contentUrl\":\"https:\/\/lepoint-actu.tg\/wp-content\/uploads\/2026\/03\/Screenshot_20260314-093031.jpg\",\"width\":713,\"height\":410},{\"@type\":\"BreadcrumbList\",\"@id\":\"https:\/\/lepoint-actu.tg\/index.php\/2026\/03\/14\/disparitions-signalees-au-togo-le-gouvernement-fait-le-point-et-ecarte-lhypothese-dun-reseau-denlevements\/#breadcrumb\",\"itemListElement\":[{\"@type\":\"ListItem\",\"position\":1,\"name\":\"Accueil\",\"item\":\"https:\/\/lepoint-actu.tg\/\"},{\"@type\":\"ListItem\",\"position\":2,\"name\":\"Disparitions signal\u00e9es au Togo : le gouvernement fait le point et \u00e9carte l\u2019hypoth\u00e8se d\u2019un r\u00e9seau d\u2019enl\u00e8vements\"}]},{\"@type\":\"WebSite\",\"@id\":\"https:\/\/lepoint-actu.tg\/#website\",\"url\":\"https:\/\/lepoint-actu.tg\/\",\"name\":\"\",\"description\":\"R\u00e9c\u00e9piss\u00e9 N\u00b00022\/HAAC\/12-2020\/pL\/P, lepointactu07@gmail.com\",\"potentialAction\":[{\"@type\":\"SearchAction\",\"target\":{\"@type\":\"EntryPoint\",\"urlTemplate\":\"https:\/\/lepoint-actu.tg\/?s={search_term_string}\"},\"query-input\":{\"@type\":\"PropertyValueSpecification\",\"valueRequired\":true,\"valueName\":\"search_term_string\"}}],\"inLanguage\":\"fr-FR\"},{\"@type\":\"Person\",\"@id\":\"https:\/\/lepoint-actu.tg\/#\/schema\/person\/e4026d66cbdc205cab83e169ab7eaca1\",\"name\":\"La Redaction\",\"image\":{\"@type\":\"ImageObject\",\"inLanguage\":\"fr-FR\",\"@id\":\"https:\/\/lepoint-actu.tg\/#\/schema\/person\/image\/\",\"url\":\"https:\/\/secure.gravatar.com\/avatar\/1682a0ff7e2c36efa51c5d262eea092000ec1ce420118e6261440956730308c2?s=96&d=mm&r=g\",\"contentUrl\":\"https:\/\/secure.gravatar.com\/avatar\/1682a0ff7e2c36efa51c5d262eea092000ec1ce420118e6261440956730308c2?s=96&d=mm&r=g\",\"caption\":\"La Redaction\"},\"url\":\"https:\/\/lepoint-actu.tg\/index.php\/author\/raymondsama\/\"}]}<\/script>\n<!-- \/ Yoast SEO plugin. -->","yoast_head_json":{"title":"Disparitions signal\u00e9es au Togo : le gouvernement fait le point et \u00e9carte l\u2019hypoth\u00e8se d\u2019un r\u00e9seau d\u2019enl\u00e8vements -","robots":{"index":"index","follow":"follow","max-snippet":"max-snippet:-1","max-image-preview":"max-image-preview:large","max-video-preview":"max-video-preview:-1"},"canonical":"https:\/\/lepoint-actu.tg\/index.php\/2026\/03\/14\/disparitions-signalees-au-togo-le-gouvernement-fait-le-point-et-ecarte-lhypothese-dun-reseau-denlevements\/","og_locale":"fr_FR","og_type":"article","og_title":"Disparitions signal\u00e9es au Togo : le gouvernement fait le point et \u00e9carte l\u2019hypoth\u00e8se d\u2019un r\u00e9seau d\u2019enl\u00e8vements -","og_description":"Ces derniers mois, plusieurs familles togolaises ont v\u00e9cu dans l\u2019inqui\u00e9tude face aux nombreux messages circulant sur les r\u00e9seaux sociaux faisant","og_url":"https:\/\/lepoint-actu.tg\/index.php\/2026\/03\/14\/disparitions-signalees-au-togo-le-gouvernement-fait-le-point-et-ecarte-lhypothese-dun-reseau-denlevements\/","article_published_time":"2026-03-14T10:23:47+00:00","article_modified_time":"2026-03-14T10:23:49+00:00","og_image":[{"width":713,"height":410,"url":"https:\/\/lepoint-actu.tg\/wp-content\/uploads\/2026\/03\/Screenshot_20260314-093031.jpg","type":"image\/jpeg"}],"author":"La Redaction","twitter_card":"summary_large_image","twitter_misc":{"\u00c9crit par":"La Redaction","Dur\u00e9e de lecture estim\u00e9e":"3 minutes"},"schema":{"@context":"https:\/\/schema.org","@graph":[{"@type":"WebPage","@id":"https:\/\/lepoint-actu.tg\/index.php\/2026\/03\/14\/disparitions-signalees-au-togo-le-gouvernement-fait-le-point-et-ecarte-lhypothese-dun-reseau-denlevements\/","url":"https:\/\/lepoint-actu.tg\/index.php\/2026\/03\/14\/disparitions-signalees-au-togo-le-gouvernement-fait-le-point-et-ecarte-lhypothese-dun-reseau-denlevements\/","name":"Disparitions signal\u00e9es au Togo : le gouvernement fait le point et \u00e9carte l\u2019hypoth\u00e8se d\u2019un r\u00e9seau d\u2019enl\u00e8vements -","isPartOf":{"@id":"https:\/\/lepoint-actu.tg\/#website"},"primaryImageOfPage":{"@id":"https:\/\/lepoint-actu.tg\/index.php\/2026\/03\/14\/disparitions-signalees-au-togo-le-gouvernement-fait-le-point-et-ecarte-lhypothese-dun-reseau-denlevements\/#primaryimage"},"image":{"@id":"https:\/\/lepoint-actu.tg\/index.php\/2026\/03\/14\/disparitions-signalees-au-togo-le-gouvernement-fait-le-point-et-ecarte-lhypothese-dun-reseau-denlevements\/#primaryimage"},"thumbnailUrl":"https:\/\/lepoint-actu.tg\/wp-content\/uploads\/2026\/03\/Screenshot_20260314-093031.jpg","datePublished":"2026-03-14T10:23:47+00:00","dateModified":"2026-03-14T10:23:49+00:00","author":{"@id":"https:\/\/lepoint-actu.tg\/#\/schema\/person\/e4026d66cbdc205cab83e169ab7eaca1"},"breadcrumb":{"@id":"https:\/\/lepoint-actu.tg\/index.php\/2026\/03\/14\/disparitions-signalees-au-togo-le-gouvernement-fait-le-point-et-ecarte-lhypothese-dun-reseau-denlevements\/#breadcrumb"},"inLanguage":"fr-FR","potentialAction":[{"@type":"ReadAction","target":["https:\/\/lepoint-actu.tg\/index.php\/2026\/03\/14\/disparitions-signalees-au-togo-le-gouvernement-fait-le-point-et-ecarte-lhypothese-dun-reseau-denlevements\/"]}]},{"@type":"ImageObject","inLanguage":"fr-FR","@id":"https:\/\/lepoint-actu.tg\/index.php\/2026\/03\/14\/disparitions-signalees-au-togo-le-gouvernement-fait-le-point-et-ecarte-lhypothese-dun-reseau-denlevements\/#primaryimage","url":"https:\/\/lepoint-actu.tg\/wp-content\/uploads\/2026\/03\/Screenshot_20260314-093031.jpg","contentUrl":"https:\/\/lepoint-actu.tg\/wp-content\/uploads\/2026\/03\/Screenshot_20260314-093031.jpg","width":713,"height":410},{"@type":"BreadcrumbList","@id":"https:\/\/lepoint-actu.tg\/index.php\/2026\/03\/14\/disparitions-signalees-au-togo-le-gouvernement-fait-le-point-et-ecarte-lhypothese-dun-reseau-denlevements\/#breadcrumb","itemListElement":[{"@type":"ListItem","position":1,"name":"Accueil","item":"https:\/\/lepoint-actu.tg\/"},{"@type":"ListItem","position":2,"name":"Disparitions signal\u00e9es au Togo : le gouvernement fait le point et \u00e9carte l\u2019hypoth\u00e8se d\u2019un r\u00e9seau d\u2019enl\u00e8vements"}]},{"@type":"WebSite","@id":"https:\/\/lepoint-actu.tg\/#website","url":"https:\/\/lepoint-actu.tg\/","name":"","description":"R\u00e9c\u00e9piss\u00e9 N\u00b00022\/HAAC\/12-2020\/pL\/P, lepointactu07@gmail.com","potentialAction":[{"@type":"SearchAction","target":{"@type":"EntryPoint","urlTemplate":"https:\/\/lepoint-actu.tg\/?s={search_term_string}"},"query-input":{"@type":"PropertyValueSpecification","valueRequired":true,"valueName":"search_term_string"}}],"inLanguage":"fr-FR"},{"@type":"Person","@id":"https:\/\/lepoint-actu.tg\/#\/schema\/person\/e4026d66cbdc205cab83e169ab7eaca1","name":"La Redaction","image":{"@type":"ImageObject","inLanguage":"fr-FR","@id":"https:\/\/lepoint-actu.tg\/#\/schema\/person\/image\/","url":"https:\/\/secure.gravatar.com\/avatar\/1682a0ff7e2c36efa51c5d262eea092000ec1ce420118e6261440956730308c2?s=96&d=mm&r=g","contentUrl":"https:\/\/secure.gravatar.com\/avatar\/1682a0ff7e2c36efa51c5d262eea092000ec1ce420118e6261440956730308c2?s=96&d=mm&r=g","caption":"La Redaction"},"url":"https:\/\/lepoint-actu.tg\/index.php\/author\/raymondsama\/"}]}},"_links":{"self":[{"href":"https:\/\/lepoint-actu.tg\/index.php\/wp-json\/wp\/v2\/posts\/4774","targetHints":{"allow":["GET"]}}],"collection":[{"href":"https:\/\/lepoint-actu.tg\/index.php\/wp-json\/wp\/v2\/posts"}],"about":[{"href":"https:\/\/lepoint-actu.tg\/index.php\/wp-json\/wp\/v2\/types\/post"}],"author":[{"embeddable":true,"href":"https:\/\/lepoint-actu.tg\/index.php\/wp-json\/wp\/v2\/users\/2"}],"replies":[{"embeddable":true,"href":"https:\/\/lepoint-actu.tg\/index.php\/wp-json\/wp\/v2\/comments?post=4774"}],"version-history":[{"count":1,"href":"https:\/\/lepoint-actu.tg\/index.php\/wp-json\/wp\/v2\/posts\/4774\/revisions"}],"predecessor-version":[{"id":4776,"href":"https:\/\/lepoint-actu.tg\/index.php\/wp-json\/wp\/v2\/posts\/4774\/revisions\/4776"}],"wp:featuredmedia":[{"embeddable":true,"href":"https:\/\/lepoint-actu.tg\/index.php\/wp-json\/wp\/v2\/media\/4772"}],"wp:attachment":[{"href":"https:\/\/lepoint-actu.tg\/index.php\/wp-json\/wp\/v2\/media?parent=4774"}],"wp:term":[{"taxonomy":"category","embeddable":true,"href":"https:\/\/lepoint-actu.tg\/index.php\/wp-json\/wp\/v2\/categories?post=4774"},{"taxonomy":"post_tag","embeddable":true,"href":"https:\/\/lepoint-actu.tg\/index.php\/wp-json\/wp\/v2\/tags?post=4774"}],"curies":[{"name":"wp","href":"https:\/\/api.w.org\/{rel}","templated":true}]}}