{"id":530,"date":"2022-09-27T14:19:08","date_gmt":"2022-09-27T14:19:08","guid":{"rendered":"https:\/\/lepoint-actu.tg\/?p=530"},"modified":"2022-09-27T14:19:10","modified_gmt":"2022-09-27T14:19:10","slug":"education-faure-gnassingbe-prone-un-enseignement-de-qualite","status":"publish","type":"post","link":"https:\/\/lepoint-actu.tg\/index.php\/2022\/09\/27\/education-faure-gnassingbe-prone-un-enseignement-de-qualite\/","title":{"rendered":"Education: Faure Gnassingb\u00e9 pr\u00f4ne un enseignement de qualit\u00e9"},"content":{"rendered":"\n<p><\/p>\n\n\n\n<p>La rentr\u00e9e scolaire 2022-2023 d\u00e9marr\u00e9e hier lundi 26 septembre est le fruit d&rsquo;un travail bien fait et l&rsquo;\u00e9ducation dans son ensemble fait l&rsquo;objet d&rsquo;une attention particuli\u00e8re des plus hautes autorit\u00e9s du pays.<\/p>\n\n\n\n<p>En effet, tr\u00e8s attach\u00e9 \u00e0 une am\u00e9lioration des capacit\u00e9s et des conditions d\u2019accueil des apprenants, Faure Gnassingb\u00e9, conformement au P9 de la feuille de route gouvernementale a autoris\u00e9 d\u00e8s d\u00e9cembre 2021, les travaux de la construction et de la r\u00e9habilitation de 30 000 salles de classe d\u2019ici 2025 dans les sept (07) r\u00e9gions \u00e9ducatives du pays r\u00e9parties en trois (03) paliers. Le coup de pioche de 130 salles de classe, 19 bureaux et 19 magasins avait \u00e9t\u00e9 donn\u00e9 \u00e0 Goubi par le Ministre Dodzi Kokoroko dans la pr\u00e9fecture de Tchamba. Tel que pr\u00e9vu aussi, la qualit\u00e9 de l\u2019enseignement est \u00e9galement au c\u0153ur des priorit\u00e9s de Faure Gnassingb\u00e9 pour cette rentr\u00e9e scolaire. \u00abNous poursuivons les r\u00e9formes dans le secteur \u00e9ducatif pour offrir un enseignement de qualit\u00e9 \u00e0 la jeunesse togolaise et la pr\u00e9parer \u00e0 \u00eatre pour notre pays, une rel\u00e8ve citoyenne, comp\u00e9tente et performante\u00bb, a assur\u00e9 ce lundi dans un message, Faure GNASSINGB\u00c9.<\/p>\n\n\n\n<p>Il a \u00e9t\u00e9, \u00e0 cet effet, proc\u00e9d\u00e9 d\u00e8s mai 2022 au concours de recrutement de 510 enseignants pour le pr\u00e9scolaire, 1780 pour le primaire, 361 pour le 1er cycle du secondaire et 349 au 2\u00e8me cycle secondaire. A terme, 3500 enseignants sont recrut\u00e9s, portant \u00e0 38 867 enseignants mobilis\u00e9s. Toujours pour une rentr\u00e9e inclusive, une dynamique de concertation, une volont\u00e9 de dialogue est ouverte par le gouvernement avec les partenaires sociaux par rapport aux pr\u00e9occupations des travailleurs et de l\u2019ensemble de la population.<\/p>\n\n\n\n<p>Bonne rentr\u00e9e scolaire .<\/p>\n","protected":false},"excerpt":{"rendered":"<p>La rentr\u00e9e scolaire 2022-2023 d\u00e9marr\u00e9e hier lundi 26 septembre est le fruit d&rsquo;un travail bien fait et l&rsquo;\u00e9ducation dans son<\/p>\n","protected":false},"author":2,"featured_media":348,"comment_status":"open","ping_status":"closed","sticky":false,"template":"","format":"standard","meta":{"footnotes":""},"categories":[1],"tags":[],"class_list":["post-530","post","type-post","status-publish","format-standard","has-post-thumbnail","hentry","category-societe"],"yoast_head":"<!-- This site is optimized with the Yoast SEO plugin v23.9 - https:\/\/yoast.com\/wordpress\/plugins\/seo\/ -->\n<title>Education: Faure Gnassingb\u00e9 pr\u00f4ne un enseignement de qualit\u00e9 -<\/title>\n<meta name=\"robots\" content=\"index, follow, max-snippet:-1, max-image-preview:large, max-video-preview:-1\" \/>\n<link rel=\"canonical\" href=\"https:\/\/lepoint-actu.tg\/index.php\/2022\/09\/27\/education-faure-gnassingbe-prone-un-enseignement-de-qualite\/\" \/>\n<meta property=\"og:locale\" content=\"fr_FR\" \/>\n<meta property=\"og:type\" content=\"article\" \/>\n<meta property=\"og:title\" content=\"Education: Faure Gnassingb\u00e9 pr\u00f4ne un enseignement de qualit\u00e9 -\" \/>\n<meta property=\"og:description\" content=\"La rentr\u00e9e scolaire 2022-2023 d\u00e9marr\u00e9e hier lundi 26 septembre est le fruit d&rsquo;un travail bien fait et l&rsquo;\u00e9ducation dans son\" \/>\n<meta property=\"og:url\" content=\"https:\/\/lepoint-actu.tg\/index.php\/2022\/09\/27\/education-faure-gnassingbe-prone-un-enseignement-de-qualite\/\" \/>\n<meta property=\"article:published_time\" content=\"2022-09-27T14:19:08+00:00\" \/>\n<meta property=\"article:modified_time\" content=\"2022-09-27T14:19:10+00:00\" \/>\n<meta property=\"og:image\" content=\"https:\/\/lepoint-actu.tg\/wp-content\/uploads\/2022\/08\/ca4a91cb889af0398deae0645caeb95c_XL.jpg\" \/>\n\t<meta property=\"og:image:width\" content=\"1170\" \/>\n\t<meta property=\"og:image:height\" content=\"936\" \/>\n\t<meta property=\"og:image:type\" content=\"image\/jpeg\" \/>\n<meta name=\"author\" content=\"La Redaction\" \/>\n<meta name=\"twitter:card\" content=\"summary_large_image\" \/>\n<meta name=\"twitter:label1\" content=\"\u00c9crit par\" \/>\n\t<meta name=\"twitter:data1\" content=\"La Redaction\" \/>\n\t<meta name=\"twitter:label2\" content=\"Dur\u00e9e de lecture estim\u00e9e\" \/>\n\t<meta name=\"twitter:data2\" content=\"2 minutes\" \/>\n<script type=\"application\/ld+json\" class=\"yoast-schema-graph\">{\"@context\":\"https:\/\/schema.org\",\"@graph\":[{\"@type\":\"WebPage\",\"@id\":\"https:\/\/lepoint-actu.tg\/index.php\/2022\/09\/27\/education-faure-gnassingbe-prone-un-enseignement-de-qualite\/\",\"url\":\"https:\/\/lepoint-actu.tg\/index.php\/2022\/09\/27\/education-faure-gnassingbe-prone-un-enseignement-de-qualite\/\",\"name\":\"Education: Faure Gnassingb\u00e9 pr\u00f4ne un enseignement de qualit\u00e9 -\",\"isPartOf\":{\"@id\":\"https:\/\/lepoint-actu.tg\/#website\"},\"primaryImageOfPage\":{\"@id\":\"https:\/\/lepoint-actu.tg\/index.php\/2022\/09\/27\/education-faure-gnassingbe-prone-un-enseignement-de-qualite\/#primaryimage\"},\"image\":{\"@id\":\"https:\/\/lepoint-actu.tg\/index.php\/2022\/09\/27\/education-faure-gnassingbe-prone-un-enseignement-de-qualite\/#primaryimage\"},\"thumbnailUrl\":\"https:\/\/lepoint-actu.tg\/wp-content\/uploads\/2022\/08\/ca4a91cb889af0398deae0645caeb95c_XL.jpg\",\"datePublished\":\"2022-09-27T14:19:08+00:00\",\"dateModified\":\"2022-09-27T14:19:10+00:00\",\"author\":{\"@id\":\"https:\/\/lepoint-actu.tg\/#\/schema\/person\/e4026d66cbdc205cab83e169ab7eaca1\"},\"breadcrumb\":{\"@id\":\"https:\/\/lepoint-actu.tg\/index.php\/2022\/09\/27\/education-faure-gnassingbe-prone-un-enseignement-de-qualite\/#breadcrumb\"},\"inLanguage\":\"fr-FR\",\"potentialAction\":[{\"@type\":\"ReadAction\",\"target\":[\"https:\/\/lepoint-actu.tg\/index.php\/2022\/09\/27\/education-faure-gnassingbe-prone-un-enseignement-de-qualite\/\"]}]},{\"@type\":\"ImageObject\",\"inLanguage\":\"fr-FR\",\"@id\":\"https:\/\/lepoint-actu.tg\/index.php\/2022\/09\/27\/education-faure-gnassingbe-prone-un-enseignement-de-qualite\/#primaryimage\",\"url\":\"https:\/\/lepoint-actu.tg\/wp-content\/uploads\/2022\/08\/ca4a91cb889af0398deae0645caeb95c_XL.jpg\",\"contentUrl\":\"https:\/\/lepoint-actu.tg\/wp-content\/uploads\/2022\/08\/ca4a91cb889af0398deae0645caeb95c_XL.jpg\",\"width\":1170,\"height\":936},{\"@type\":\"BreadcrumbList\",\"@id\":\"https:\/\/lepoint-actu.tg\/index.php\/2022\/09\/27\/education-faure-gnassingbe-prone-un-enseignement-de-qualite\/#breadcrumb\",\"itemListElement\":[{\"@type\":\"ListItem\",\"position\":1,\"name\":\"Accueil\",\"item\":\"https:\/\/lepoint-actu.tg\/\"},{\"@type\":\"ListItem\",\"position\":2,\"name\":\"Education: Faure Gnassingb\u00e9 pr\u00f4ne un enseignement de qualit\u00e9\"}]},{\"@type\":\"WebSite\",\"@id\":\"https:\/\/lepoint-actu.tg\/#website\",\"url\":\"https:\/\/lepoint-actu.tg\/\",\"name\":\"\",\"description\":\"R\u00e9c\u00e9piss\u00e9 N\u00b00022\/HAAC\/12-2020\/pL\/P, lepointactu07@gmail.com\",\"potentialAction\":[{\"@type\":\"SearchAction\",\"target\":{\"@type\":\"EntryPoint\",\"urlTemplate\":\"https:\/\/lepoint-actu.tg\/?s={search_term_string}\"},\"query-input\":{\"@type\":\"PropertyValueSpecification\",\"valueRequired\":true,\"valueName\":\"search_term_string\"}}],\"inLanguage\":\"fr-FR\"},{\"@type\":\"Person\",\"@id\":\"https:\/\/lepoint-actu.tg\/#\/schema\/person\/e4026d66cbdc205cab83e169ab7eaca1\",\"name\":\"La Redaction\",\"image\":{\"@type\":\"ImageObject\",\"inLanguage\":\"fr-FR\",\"@id\":\"https:\/\/lepoint-actu.tg\/#\/schema\/person\/image\/\",\"url\":\"https:\/\/secure.gravatar.com\/avatar\/1682a0ff7e2c36efa51c5d262eea092000ec1ce420118e6261440956730308c2?s=96&d=mm&r=g\",\"contentUrl\":\"https:\/\/secure.gravatar.com\/avatar\/1682a0ff7e2c36efa51c5d262eea092000ec1ce420118e6261440956730308c2?s=96&d=mm&r=g\",\"caption\":\"La Redaction\"},\"url\":\"https:\/\/lepoint-actu.tg\/index.php\/author\/raymondsama\/\"}]}<\/script>\n<!-- \/ Yoast SEO plugin. -->","yoast_head_json":{"title":"Education: Faure Gnassingb\u00e9 pr\u00f4ne un enseignement de qualit\u00e9 -","robots":{"index":"index","follow":"follow","max-snippet":"max-snippet:-1","max-image-preview":"max-image-preview:large","max-video-preview":"max-video-preview:-1"},"canonical":"https:\/\/lepoint-actu.tg\/index.php\/2022\/09\/27\/education-faure-gnassingbe-prone-un-enseignement-de-qualite\/","og_locale":"fr_FR","og_type":"article","og_title":"Education: Faure Gnassingb\u00e9 pr\u00f4ne un enseignement de qualit\u00e9 -","og_description":"La rentr\u00e9e scolaire 2022-2023 d\u00e9marr\u00e9e hier lundi 26 septembre est le fruit d&rsquo;un travail bien fait et l&rsquo;\u00e9ducation dans son","og_url":"https:\/\/lepoint-actu.tg\/index.php\/2022\/09\/27\/education-faure-gnassingbe-prone-un-enseignement-de-qualite\/","article_published_time":"2022-09-27T14:19:08+00:00","article_modified_time":"2022-09-27T14:19:10+00:00","og_image":[{"width":1170,"height":936,"url":"https:\/\/lepoint-actu.tg\/wp-content\/uploads\/2022\/08\/ca4a91cb889af0398deae0645caeb95c_XL.jpg","type":"image\/jpeg"}],"author":"La Redaction","twitter_card":"summary_large_image","twitter_misc":{"\u00c9crit par":"La Redaction","Dur\u00e9e de lecture estim\u00e9e":"2 minutes"},"schema":{"@context":"https:\/\/schema.org","@graph":[{"@type":"WebPage","@id":"https:\/\/lepoint-actu.tg\/index.php\/2022\/09\/27\/education-faure-gnassingbe-prone-un-enseignement-de-qualite\/","url":"https:\/\/lepoint-actu.tg\/index.php\/2022\/09\/27\/education-faure-gnassingbe-prone-un-enseignement-de-qualite\/","name":"Education: Faure Gnassingb\u00e9 pr\u00f4ne un enseignement de qualit\u00e9 -","isPartOf":{"@id":"https:\/\/lepoint-actu.tg\/#website"},"primaryImageOfPage":{"@id":"https:\/\/lepoint-actu.tg\/index.php\/2022\/09\/27\/education-faure-gnassingbe-prone-un-enseignement-de-qualite\/#primaryimage"},"image":{"@id":"https:\/\/lepoint-actu.tg\/index.php\/2022\/09\/27\/education-faure-gnassingbe-prone-un-enseignement-de-qualite\/#primaryimage"},"thumbnailUrl":"https:\/\/lepoint-actu.tg\/wp-content\/uploads\/2022\/08\/ca4a91cb889af0398deae0645caeb95c_XL.jpg","datePublished":"2022-09-27T14:19:08+00:00","dateModified":"2022-09-27T14:19:10+00:00","author":{"@id":"https:\/\/lepoint-actu.tg\/#\/schema\/person\/e4026d66cbdc205cab83e169ab7eaca1"},"breadcrumb":{"@id":"https:\/\/lepoint-actu.tg\/index.php\/2022\/09\/27\/education-faure-gnassingbe-prone-un-enseignement-de-qualite\/#breadcrumb"},"inLanguage":"fr-FR","potentialAction":[{"@type":"ReadAction","target":["https:\/\/lepoint-actu.tg\/index.php\/2022\/09\/27\/education-faure-gnassingbe-prone-un-enseignement-de-qualite\/"]}]},{"@type":"ImageObject","inLanguage":"fr-FR","@id":"https:\/\/lepoint-actu.tg\/index.php\/2022\/09\/27\/education-faure-gnassingbe-prone-un-enseignement-de-qualite\/#primaryimage","url":"https:\/\/lepoint-actu.tg\/wp-content\/uploads\/2022\/08\/ca4a91cb889af0398deae0645caeb95c_XL.jpg","contentUrl":"https:\/\/lepoint-actu.tg\/wp-content\/uploads\/2022\/08\/ca4a91cb889af0398deae0645caeb95c_XL.jpg","width":1170,"height":936},{"@type":"BreadcrumbList","@id":"https:\/\/lepoint-actu.tg\/index.php\/2022\/09\/27\/education-faure-gnassingbe-prone-un-enseignement-de-qualite\/#breadcrumb","itemListElement":[{"@type":"ListItem","position":1,"name":"Accueil","item":"https:\/\/lepoint-actu.tg\/"},{"@type":"ListItem","position":2,"name":"Education: Faure Gnassingb\u00e9 pr\u00f4ne un enseignement de qualit\u00e9"}]},{"@type":"WebSite","@id":"https:\/\/lepoint-actu.tg\/#website","url":"https:\/\/lepoint-actu.tg\/","name":"","description":"R\u00e9c\u00e9piss\u00e9 N\u00b00022\/HAAC\/12-2020\/pL\/P, lepointactu07@gmail.com","potentialAction":[{"@type":"SearchAction","target":{"@type":"EntryPoint","urlTemplate":"https:\/\/lepoint-actu.tg\/?s={search_term_string}"},"query-input":{"@type":"PropertyValueSpecification","valueRequired":true,"valueName":"search_term_string"}}],"inLanguage":"fr-FR"},{"@type":"Person","@id":"https:\/\/lepoint-actu.tg\/#\/schema\/person\/e4026d66cbdc205cab83e169ab7eaca1","name":"La Redaction","image":{"@type":"ImageObject","inLanguage":"fr-FR","@id":"https:\/\/lepoint-actu.tg\/#\/schema\/person\/image\/","url":"https:\/\/secure.gravatar.com\/avatar\/1682a0ff7e2c36efa51c5d262eea092000ec1ce420118e6261440956730308c2?s=96&d=mm&r=g","contentUrl":"https:\/\/secure.gravatar.com\/avatar\/1682a0ff7e2c36efa51c5d262eea092000ec1ce420118e6261440956730308c2?s=96&d=mm&r=g","caption":"La Redaction"},"url":"https:\/\/lepoint-actu.tg\/index.php\/author\/raymondsama\/"}]}},"_links":{"self":[{"href":"https:\/\/lepoint-actu.tg\/index.php\/wp-json\/wp\/v2\/posts\/530","targetHints":{"allow":["GET"]}}],"collection":[{"href":"https:\/\/lepoint-actu.tg\/index.php\/wp-json\/wp\/v2\/posts"}],"about":[{"href":"https:\/\/lepoint-actu.tg\/index.php\/wp-json\/wp\/v2\/types\/post"}],"author":[{"embeddable":true,"href":"https:\/\/lepoint-actu.tg\/index.php\/wp-json\/wp\/v2\/users\/2"}],"replies":[{"embeddable":true,"href":"https:\/\/lepoint-actu.tg\/index.php\/wp-json\/wp\/v2\/comments?post=530"}],"version-history":[{"count":1,"href":"https:\/\/lepoint-actu.tg\/index.php\/wp-json\/wp\/v2\/posts\/530\/revisions"}],"predecessor-version":[{"id":531,"href":"https:\/\/lepoint-actu.tg\/index.php\/wp-json\/wp\/v2\/posts\/530\/revisions\/531"}],"wp:featuredmedia":[{"embeddable":true,"href":"https:\/\/lepoint-actu.tg\/index.php\/wp-json\/wp\/v2\/media\/348"}],"wp:attachment":[{"href":"https:\/\/lepoint-actu.tg\/index.php\/wp-json\/wp\/v2\/media?parent=530"}],"wp:term":[{"taxonomy":"category","embeddable":true,"href":"https:\/\/lepoint-actu.tg\/index.php\/wp-json\/wp\/v2\/categories?post=530"},{"taxonomy":"post_tag","embeddable":true,"href":"https:\/\/lepoint-actu.tg\/index.php\/wp-json\/wp\/v2\/tags?post=530"}],"curies":[{"name":"wp","href":"https:\/\/api.w.org\/{rel}","templated":true}]}}