{"id":549,"date":"2022-06-30T07:14:00","date_gmt":"2022-06-30T07:14:00","guid":{"rendered":"https:\/\/lepoint-actu.tg\/?p=549"},"modified":"2022-09-30T00:34:04","modified_gmt":"2022-09-30T00:34:04","slug":"golfe-1-le-marche-de-be-bientot-rehabilite","status":"publish","type":"post","link":"https:\/\/lepoint-actu.tg\/index.php\/2022\/06\/30\/golfe-1-le-marche-de-be-bientot-rehabilite\/","title":{"rendered":"Golfe 1 : Le march\u00e9 de B\u00e8 bient\u00f4t r\u00e9habilit\u00e9"},"content":{"rendered":"\n<p><\/p>\n\n\n\n<p>Peau neuve ! Le march\u00e9 du quartier populaire de B\u00e8 en plein c\u0153ur de Lom\u00e9, au Togo, l&rsquo;aura d&rsquo;ici peu. Les travaux de r\u00e9habilitation dudit march\u00e9, situ\u00e9 dans le ressort territorial de la commune de Golfe 1 ont d\u00e9marr\u00e9 depuis quelques mois de mani\u00e8re ambitieuse.<\/p>\n\n\n\n<p>Les travaux vont consister en la reconstruction de vingt-trois (23) boutiques, d\u2019une zone sp\u00e9cifique de boucherie et de stockage de marchandises ainsi qu\u2019en la r\u00e9habilitation du bloc administratif du march\u00e9. Le chantier prendra \u00e9galement en compte, la construction d\u2019adductions d\u2019eau et de blocs d\u2019assainissements sur le site commercial.<\/p>\n\n\n\n<p>Selon le maire Joseph Gomado, la r\u00e9habilitation du march\u00e9, est une des priorit\u00e9s de l\u2019axe 1 du Plan de D\u00e9veloppement Communal (PDC) de la commune Golfe 1 qui vise \u00e0 \u00ab promouvoir un d\u00e9veloppement \u00e9conomique local profitable aux couches les plus vuln\u00e9rables via la construction, la r\u00e9habilitation et la r\u00e9novation des march\u00e9s de la commune \u00bb.<\/p>\n\n\n\n<p>Les travaux vont co\u00fbter 75 millions FCFA \u00e0 cette municipalit\u00e9, selon les informations recueillies par Togo first.<\/p>\n\n\n\n<p>Notons que pour cette r\u00e9novation, la commune du Golfe 1, avait lanc\u00e9 jusqu\u2019au 11 ao\u00fbt 2021, un avis d\u2019appel d\u2019offres ouvert (AAOO). Dans le cadre de la mise en \u0153uvre de son PDC, elle a r\u00e9cemment ouvert \u00e0 Klobat\u00e9m\u00e8, un chantier d\u2019une mini-adduction d\u2019eau potable \u00e0 80 millions FCFA.<\/p>\n\n\n\n<p>Selon les recoupements, avec une superficie de 56 Km2, la commune est compos\u00e9e de 36 quartiers et compte pr\u00e8s de 400 000 habitants. Golfe 1 est l\u2019une des communes les plus vastes du Grand-Lom\u00e9 selon les informations.<\/p>\n","protected":false},"excerpt":{"rendered":"<p>Peau neuve ! Le march\u00e9 du quartier populaire de B\u00e8 en plein c\u0153ur de Lom\u00e9, au Togo, l&rsquo;aura d&rsquo;ici peu.<\/p>\n","protected":false},"author":2,"featured_media":550,"comment_status":"open","ping_status":"closed","sticky":false,"template":"","format":"standard","meta":{"footnotes":""},"categories":[4],"tags":[],"class_list":["post-549","post","type-post","status-publish","format-standard","has-post-thumbnail","hentry","category-economie"],"yoast_head":"<!-- This site is optimized with the Yoast SEO plugin v23.9 - https:\/\/yoast.com\/wordpress\/plugins\/seo\/ -->\n<title>Golfe 1 : Le march\u00e9 de B\u00e8 bient\u00f4t r\u00e9habilit\u00e9 -<\/title>\n<meta name=\"robots\" content=\"index, follow, max-snippet:-1, max-image-preview:large, max-video-preview:-1\" \/>\n<link rel=\"canonical\" href=\"https:\/\/lepoint-actu.tg\/index.php\/2022\/06\/30\/golfe-1-le-marche-de-be-bientot-rehabilite\/\" \/>\n<meta property=\"og:locale\" content=\"fr_FR\" \/>\n<meta property=\"og:type\" content=\"article\" \/>\n<meta property=\"og:title\" content=\"Golfe 1 : Le march\u00e9 de B\u00e8 bient\u00f4t r\u00e9habilit\u00e9 -\" \/>\n<meta property=\"og:description\" content=\"Peau neuve ! Le march\u00e9 du quartier populaire de B\u00e8 en plein c\u0153ur de Lom\u00e9, au Togo, l&rsquo;aura d&rsquo;ici peu.\" \/>\n<meta property=\"og:url\" content=\"https:\/\/lepoint-actu.tg\/index.php\/2022\/06\/30\/golfe-1-le-marche-de-be-bientot-rehabilite\/\" \/>\n<meta property=\"article:published_time\" content=\"2022-06-30T07:14:00+00:00\" \/>\n<meta property=\"article:modified_time\" content=\"2022-09-30T00:34:04+00:00\" \/>\n<meta property=\"og:image\" content=\"https:\/\/lepoint-actu.tg\/wp-content\/uploads\/2022\/09\/c108be7ffe505bcd404a5bd9bad8cfd3_L.jpg\" \/>\n\t<meta property=\"og:image:width\" content=\"600\" \/>\n\t<meta property=\"og:image:height\" content=\"345\" \/>\n\t<meta property=\"og:image:type\" content=\"image\/jpeg\" \/>\n<meta name=\"author\" content=\"La Redaction\" \/>\n<meta name=\"twitter:card\" content=\"summary_large_image\" \/>\n<meta name=\"twitter:label1\" content=\"\u00c9crit par\" \/>\n\t<meta name=\"twitter:data1\" content=\"La Redaction\" \/>\n\t<meta name=\"twitter:label2\" content=\"Dur\u00e9e de lecture estim\u00e9e\" \/>\n\t<meta name=\"twitter:data2\" content=\"2 minutes\" \/>\n<script type=\"application\/ld+json\" class=\"yoast-schema-graph\">{\"@context\":\"https:\/\/schema.org\",\"@graph\":[{\"@type\":\"WebPage\",\"@id\":\"https:\/\/lepoint-actu.tg\/index.php\/2022\/06\/30\/golfe-1-le-marche-de-be-bientot-rehabilite\/\",\"url\":\"https:\/\/lepoint-actu.tg\/index.php\/2022\/06\/30\/golfe-1-le-marche-de-be-bientot-rehabilite\/\",\"name\":\"Golfe 1 : Le march\u00e9 de B\u00e8 bient\u00f4t r\u00e9habilit\u00e9 -\",\"isPartOf\":{\"@id\":\"https:\/\/lepoint-actu.tg\/#website\"},\"primaryImageOfPage\":{\"@id\":\"https:\/\/lepoint-actu.tg\/index.php\/2022\/06\/30\/golfe-1-le-marche-de-be-bientot-rehabilite\/#primaryimage\"},\"image\":{\"@id\":\"https:\/\/lepoint-actu.tg\/index.php\/2022\/06\/30\/golfe-1-le-marche-de-be-bientot-rehabilite\/#primaryimage\"},\"thumbnailUrl\":\"https:\/\/lepoint-actu.tg\/wp-content\/uploads\/2022\/09\/c108be7ffe505bcd404a5bd9bad8cfd3_L.jpg\",\"datePublished\":\"2022-06-30T07:14:00+00:00\",\"dateModified\":\"2022-09-30T00:34:04+00:00\",\"author\":{\"@id\":\"https:\/\/lepoint-actu.tg\/#\/schema\/person\/e4026d66cbdc205cab83e169ab7eaca1\"},\"breadcrumb\":{\"@id\":\"https:\/\/lepoint-actu.tg\/index.php\/2022\/06\/30\/golfe-1-le-marche-de-be-bientot-rehabilite\/#breadcrumb\"},\"inLanguage\":\"fr-FR\",\"potentialAction\":[{\"@type\":\"ReadAction\",\"target\":[\"https:\/\/lepoint-actu.tg\/index.php\/2022\/06\/30\/golfe-1-le-marche-de-be-bientot-rehabilite\/\"]}]},{\"@type\":\"ImageObject\",\"inLanguage\":\"fr-FR\",\"@id\":\"https:\/\/lepoint-actu.tg\/index.php\/2022\/06\/30\/golfe-1-le-marche-de-be-bientot-rehabilite\/#primaryimage\",\"url\":\"https:\/\/lepoint-actu.tg\/wp-content\/uploads\/2022\/09\/c108be7ffe505bcd404a5bd9bad8cfd3_L.jpg\",\"contentUrl\":\"https:\/\/lepoint-actu.tg\/wp-content\/uploads\/2022\/09\/c108be7ffe505bcd404a5bd9bad8cfd3_L.jpg\",\"width\":600,\"height\":345},{\"@type\":\"BreadcrumbList\",\"@id\":\"https:\/\/lepoint-actu.tg\/index.php\/2022\/06\/30\/golfe-1-le-marche-de-be-bientot-rehabilite\/#breadcrumb\",\"itemListElement\":[{\"@type\":\"ListItem\",\"position\":1,\"name\":\"Accueil\",\"item\":\"https:\/\/lepoint-actu.tg\/\"},{\"@type\":\"ListItem\",\"position\":2,\"name\":\"Golfe 1 : Le march\u00e9 de B\u00e8 bient\u00f4t r\u00e9habilit\u00e9\"}]},{\"@type\":\"WebSite\",\"@id\":\"https:\/\/lepoint-actu.tg\/#website\",\"url\":\"https:\/\/lepoint-actu.tg\/\",\"name\":\"\",\"description\":\"R\u00e9c\u00e9piss\u00e9 N\u00b00022\/HAAC\/12-2020\/pL\/P, lepointactu07@gmail.com\",\"potentialAction\":[{\"@type\":\"SearchAction\",\"target\":{\"@type\":\"EntryPoint\",\"urlTemplate\":\"https:\/\/lepoint-actu.tg\/?s={search_term_string}\"},\"query-input\":{\"@type\":\"PropertyValueSpecification\",\"valueRequired\":true,\"valueName\":\"search_term_string\"}}],\"inLanguage\":\"fr-FR\"},{\"@type\":\"Person\",\"@id\":\"https:\/\/lepoint-actu.tg\/#\/schema\/person\/e4026d66cbdc205cab83e169ab7eaca1\",\"name\":\"La Redaction\",\"image\":{\"@type\":\"ImageObject\",\"inLanguage\":\"fr-FR\",\"@id\":\"https:\/\/lepoint-actu.tg\/#\/schema\/person\/image\/\",\"url\":\"https:\/\/secure.gravatar.com\/avatar\/1682a0ff7e2c36efa51c5d262eea092000ec1ce420118e6261440956730308c2?s=96&d=mm&r=g\",\"contentUrl\":\"https:\/\/secure.gravatar.com\/avatar\/1682a0ff7e2c36efa51c5d262eea092000ec1ce420118e6261440956730308c2?s=96&d=mm&r=g\",\"caption\":\"La Redaction\"},\"url\":\"https:\/\/lepoint-actu.tg\/index.php\/author\/raymondsama\/\"}]}<\/script>\n<!-- \/ Yoast SEO plugin. -->","yoast_head_json":{"title":"Golfe 1 : Le march\u00e9 de B\u00e8 bient\u00f4t r\u00e9habilit\u00e9 -","robots":{"index":"index","follow":"follow","max-snippet":"max-snippet:-1","max-image-preview":"max-image-preview:large","max-video-preview":"max-video-preview:-1"},"canonical":"https:\/\/lepoint-actu.tg\/index.php\/2022\/06\/30\/golfe-1-le-marche-de-be-bientot-rehabilite\/","og_locale":"fr_FR","og_type":"article","og_title":"Golfe 1 : Le march\u00e9 de B\u00e8 bient\u00f4t r\u00e9habilit\u00e9 -","og_description":"Peau neuve ! Le march\u00e9 du quartier populaire de B\u00e8 en plein c\u0153ur de Lom\u00e9, au Togo, l&rsquo;aura d&rsquo;ici peu.","og_url":"https:\/\/lepoint-actu.tg\/index.php\/2022\/06\/30\/golfe-1-le-marche-de-be-bientot-rehabilite\/","article_published_time":"2022-06-30T07:14:00+00:00","article_modified_time":"2022-09-30T00:34:04+00:00","og_image":[{"width":600,"height":345,"url":"https:\/\/lepoint-actu.tg\/wp-content\/uploads\/2022\/09\/c108be7ffe505bcd404a5bd9bad8cfd3_L.jpg","type":"image\/jpeg"}],"author":"La Redaction","twitter_card":"summary_large_image","twitter_misc":{"\u00c9crit par":"La Redaction","Dur\u00e9e de lecture estim\u00e9e":"2 minutes"},"schema":{"@context":"https:\/\/schema.org","@graph":[{"@type":"WebPage","@id":"https:\/\/lepoint-actu.tg\/index.php\/2022\/06\/30\/golfe-1-le-marche-de-be-bientot-rehabilite\/","url":"https:\/\/lepoint-actu.tg\/index.php\/2022\/06\/30\/golfe-1-le-marche-de-be-bientot-rehabilite\/","name":"Golfe 1 : Le march\u00e9 de B\u00e8 bient\u00f4t r\u00e9habilit\u00e9 -","isPartOf":{"@id":"https:\/\/lepoint-actu.tg\/#website"},"primaryImageOfPage":{"@id":"https:\/\/lepoint-actu.tg\/index.php\/2022\/06\/30\/golfe-1-le-marche-de-be-bientot-rehabilite\/#primaryimage"},"image":{"@id":"https:\/\/lepoint-actu.tg\/index.php\/2022\/06\/30\/golfe-1-le-marche-de-be-bientot-rehabilite\/#primaryimage"},"thumbnailUrl":"https:\/\/lepoint-actu.tg\/wp-content\/uploads\/2022\/09\/c108be7ffe505bcd404a5bd9bad8cfd3_L.jpg","datePublished":"2022-06-30T07:14:00+00:00","dateModified":"2022-09-30T00:34:04+00:00","author":{"@id":"https:\/\/lepoint-actu.tg\/#\/schema\/person\/e4026d66cbdc205cab83e169ab7eaca1"},"breadcrumb":{"@id":"https:\/\/lepoint-actu.tg\/index.php\/2022\/06\/30\/golfe-1-le-marche-de-be-bientot-rehabilite\/#breadcrumb"},"inLanguage":"fr-FR","potentialAction":[{"@type":"ReadAction","target":["https:\/\/lepoint-actu.tg\/index.php\/2022\/06\/30\/golfe-1-le-marche-de-be-bientot-rehabilite\/"]}]},{"@type":"ImageObject","inLanguage":"fr-FR","@id":"https:\/\/lepoint-actu.tg\/index.php\/2022\/06\/30\/golfe-1-le-marche-de-be-bientot-rehabilite\/#primaryimage","url":"https:\/\/lepoint-actu.tg\/wp-content\/uploads\/2022\/09\/c108be7ffe505bcd404a5bd9bad8cfd3_L.jpg","contentUrl":"https:\/\/lepoint-actu.tg\/wp-content\/uploads\/2022\/09\/c108be7ffe505bcd404a5bd9bad8cfd3_L.jpg","width":600,"height":345},{"@type":"BreadcrumbList","@id":"https:\/\/lepoint-actu.tg\/index.php\/2022\/06\/30\/golfe-1-le-marche-de-be-bientot-rehabilite\/#breadcrumb","itemListElement":[{"@type":"ListItem","position":1,"name":"Accueil","item":"https:\/\/lepoint-actu.tg\/"},{"@type":"ListItem","position":2,"name":"Golfe 1 : Le march\u00e9 de B\u00e8 bient\u00f4t r\u00e9habilit\u00e9"}]},{"@type":"WebSite","@id":"https:\/\/lepoint-actu.tg\/#website","url":"https:\/\/lepoint-actu.tg\/","name":"","description":"R\u00e9c\u00e9piss\u00e9 N\u00b00022\/HAAC\/12-2020\/pL\/P, lepointactu07@gmail.com","potentialAction":[{"@type":"SearchAction","target":{"@type":"EntryPoint","urlTemplate":"https:\/\/lepoint-actu.tg\/?s={search_term_string}"},"query-input":{"@type":"PropertyValueSpecification","valueRequired":true,"valueName":"search_term_string"}}],"inLanguage":"fr-FR"},{"@type":"Person","@id":"https:\/\/lepoint-actu.tg\/#\/schema\/person\/e4026d66cbdc205cab83e169ab7eaca1","name":"La Redaction","image":{"@type":"ImageObject","inLanguage":"fr-FR","@id":"https:\/\/lepoint-actu.tg\/#\/schema\/person\/image\/","url":"https:\/\/secure.gravatar.com\/avatar\/1682a0ff7e2c36efa51c5d262eea092000ec1ce420118e6261440956730308c2?s=96&d=mm&r=g","contentUrl":"https:\/\/secure.gravatar.com\/avatar\/1682a0ff7e2c36efa51c5d262eea092000ec1ce420118e6261440956730308c2?s=96&d=mm&r=g","caption":"La Redaction"},"url":"https:\/\/lepoint-actu.tg\/index.php\/author\/raymondsama\/"}]}},"_links":{"self":[{"href":"https:\/\/lepoint-actu.tg\/index.php\/wp-json\/wp\/v2\/posts\/549","targetHints":{"allow":["GET"]}}],"collection":[{"href":"https:\/\/lepoint-actu.tg\/index.php\/wp-json\/wp\/v2\/posts"}],"about":[{"href":"https:\/\/lepoint-actu.tg\/index.php\/wp-json\/wp\/v2\/types\/post"}],"author":[{"embeddable":true,"href":"https:\/\/lepoint-actu.tg\/index.php\/wp-json\/wp\/v2\/users\/2"}],"replies":[{"embeddable":true,"href":"https:\/\/lepoint-actu.tg\/index.php\/wp-json\/wp\/v2\/comments?post=549"}],"version-history":[{"count":2,"href":"https:\/\/lepoint-actu.tg\/index.php\/wp-json\/wp\/v2\/posts\/549\/revisions"}],"predecessor-version":[{"id":571,"href":"https:\/\/lepoint-actu.tg\/index.php\/wp-json\/wp\/v2\/posts\/549\/revisions\/571"}],"wp:featuredmedia":[{"embeddable":true,"href":"https:\/\/lepoint-actu.tg\/index.php\/wp-json\/wp\/v2\/media\/550"}],"wp:attachment":[{"href":"https:\/\/lepoint-actu.tg\/index.php\/wp-json\/wp\/v2\/media?parent=549"}],"wp:term":[{"taxonomy":"category","embeddable":true,"href":"https:\/\/lepoint-actu.tg\/index.php\/wp-json\/wp\/v2\/categories?post=549"},{"taxonomy":"post_tag","embeddable":true,"href":"https:\/\/lepoint-actu.tg\/index.php\/wp-json\/wp\/v2\/tags?post=549"}],"curies":[{"name":"wp","href":"https:\/\/api.w.org\/{rel}","templated":true}]}}