{"id":557,"date":"2021-11-28T07:57:00","date_gmt":"2021-11-28T07:57:00","guid":{"rendered":"https:\/\/lepoint-actu.tg\/?p=557"},"modified":"2022-09-29T08:04:38","modified_gmt":"2022-09-29T08:04:38","slug":"557","status":"publish","type":"post","link":"https:\/\/lepoint-actu.tg\/index.php\/2021\/11\/28\/557\/","title":{"rendered":"Golfe 1\/Le \u00abCaf\u00e9 du Maire\u00bb : Cette donne de M.Gomado tr\u00e8s significative"},"content":{"rendered":"\n<p><\/p>\n\n\n\n<p>Le maire de la commune du Golfe 1, Joseph Koamy Gomado a lanc\u00e9 samedi \u00e0 Lom\u00e9 la premi\u00e8re \u00e9dition du \u00ab Caf\u00e9 du Maire \u00bb. Il s&rsquo;agit d&rsquo;un concept d\u00e9velopp\u00e9 par ladite commune pour permettre une relation de proximit\u00e9 entre les diff\u00e9rents acteurs de d\u00e9veloppement de la localit\u00e9. Les parties prenantes sont les CDQ et les Chefs traditionnels constituant le socle du d\u00e9veloppement. C\u2019\u00e9tait une occasion pour le maire d\u2019outiller les participants sur les actions permettant d\u2019influencer positivement le processus de d\u00e9veloppement local. L&rsquo; initiative est donc tr\u00e8s riche et louable.<\/p>\n\n\n\n<p>Beaucoup d&rsquo;enseignement, le renforcement de capacit\u00e9 sur la coh\u00e9sion sociale, le civisme, la question du plan de d\u00e9veloppement communal, des f\u00e9licitations et une istinctions \u00e9taient au rendez-vous.<br>\u00ab Au cours de ce caf\u00e9 du maire nous avons attir\u00e9 l\u2019attention des parties prenantes sur diff\u00e9rents points. Notamment la coh\u00e9sion sociale, le devoir de tout citoyen qui cadre avec le civisme, le respect de l\u2019autorit\u00e9. Nous avons fait appel aux CDQ afin de ne m\u00e9nager aucun effort pour promouvoir la reconnaissance de l\u2019autorit\u00e9 traditionnelle. Parce qu\u2019ils sont appel\u00e9s \u00e0 rencontrer souvent les populations pour des sensibilisations \u00bb, a expliqu\u00e9 le maire Gomado.<\/p>\n\n\n\n<p>Les responsables locaux ont adress\u00e9, \u00e0 l&rsquo;occasion, des dol\u00e9ances \u00e0 l\u2019endroit des autorit\u00e9s communales. Il s&rsquo;agit notamment la d\u00e9nomination du territoire, des b\u00e2timents scolaires, de l\u2019am\u00e9nagement des voies, des questions d\u2019inondation et des aspects de la bonne gouvernance.<\/p>\n\n\n\n<p><strong>Togbui Mawuko Aklassou Adelan IV sp\u00e9cialement honor\u00e9<\/strong><div><b><br><\/b>Lors de ce programme, une distinction a \u00e9t\u00e9 donn\u00e9e \u00e0 Togbui Mawuko Aklassou Adelan IV, Chef canton de B\u00e8, pour son travail au profit du d\u00e9veloppement de la commune de Golfe 1.<\/div><\/p>\n\n\n\n<p>\u00ab C\u2019est une grande surprise pour moi et en m\u00eame temps une satisfaction. Si l\u2019autorit\u00e9 communale a vu que nous avons fait une bonne collaboration et un bon travail d\u2019ensemble et voulu me faire un signe de reconnaissance c\u2019est avec plaisir que je le re\u00e7ois. En m\u00eame temps c\u2019est devoir de plus parce que \u00e7a nous pousse encore \u00e0 faire davantage \u00bb, a soulign\u00e9 Togbui Adelan IV pour qui il est de \u00abson devoir d\u2019\u0153uvrer pour le d\u00e9veloppement de la commune Golfe 1\u00bb.<\/p>\n\n\n\n<p>Un leadership du maire Gomado qui rassemble, \u00e9duque, forme, innove qui doit \u00eatre encourager et p\u00e9renniser.<\/p>\n\n\n\n<p><\/p>\n\n\n\n<p><strong><em>Valentine Bia<\/em><\/strong><\/p>\n","protected":false},"excerpt":{"rendered":"<p>Le maire de la commune du Golfe 1, Joseph Koamy Gomado a lanc\u00e9 samedi \u00e0 Lom\u00e9 la premi\u00e8re \u00e9dition du<\/p>\n","protected":false},"author":2,"featured_media":558,"comment_status":"open","ping_status":"closed","sticky":false,"template":"","format":"standard","meta":{"footnotes":""},"categories":[4],"tags":[],"class_list":["post-557","post","type-post","status-publish","format-standard","has-post-thumbnail","hentry","category-economie"],"yoast_head":"<!-- This site is optimized with the Yoast SEO plugin v23.9 - https:\/\/yoast.com\/wordpress\/plugins\/seo\/ -->\n<title>Golfe 1\/Le \u00abCaf\u00e9 du Maire\u00bb : Cette donne de M.Gomado tr\u00e8s significative -<\/title>\n<meta name=\"robots\" content=\"index, follow, max-snippet:-1, max-image-preview:large, max-video-preview:-1\" \/>\n<link rel=\"canonical\" href=\"https:\/\/lepoint-actu.tg\/index.php\/2021\/11\/28\/557\/\" \/>\n<meta property=\"og:locale\" content=\"fr_FR\" \/>\n<meta property=\"og:type\" content=\"article\" \/>\n<meta property=\"og:title\" content=\"Golfe 1\/Le \u00abCaf\u00e9 du Maire\u00bb : Cette donne de M.Gomado tr\u00e8s significative -\" \/>\n<meta property=\"og:description\" content=\"Le maire de la commune du Golfe 1, Joseph Koamy Gomado a lanc\u00e9 samedi \u00e0 Lom\u00e9 la premi\u00e8re \u00e9dition du\" \/>\n<meta property=\"og:url\" content=\"https:\/\/lepoint-actu.tg\/index.php\/2021\/11\/28\/557\/\" \/>\n<meta property=\"article:published_time\" content=\"2021-11-28T07:57:00+00:00\" \/>\n<meta property=\"article:modified_time\" content=\"2022-09-29T08:04:38+00:00\" \/>\n<meta property=\"og:image\" content=\"https:\/\/lepoint-actu.tg\/wp-content\/uploads\/2022\/09\/GomadoCafe.jpg\" \/>\n\t<meta property=\"og:image:width\" content=\"1200\" \/>\n\t<meta property=\"og:image:height\" content=\"900\" \/>\n\t<meta property=\"og:image:type\" content=\"image\/jpeg\" \/>\n<meta name=\"author\" content=\"La Redaction\" \/>\n<meta name=\"twitter:card\" content=\"summary_large_image\" \/>\n<meta name=\"twitter:label1\" content=\"\u00c9crit par\" \/>\n\t<meta name=\"twitter:data1\" content=\"La Redaction\" \/>\n\t<meta name=\"twitter:label2\" content=\"Dur\u00e9e de lecture estim\u00e9e\" \/>\n\t<meta name=\"twitter:data2\" content=\"2 minutes\" \/>\n<script type=\"application\/ld+json\" class=\"yoast-schema-graph\">{\"@context\":\"https:\/\/schema.org\",\"@graph\":[{\"@type\":\"WebPage\",\"@id\":\"https:\/\/lepoint-actu.tg\/index.php\/2021\/11\/28\/557\/\",\"url\":\"https:\/\/lepoint-actu.tg\/index.php\/2021\/11\/28\/557\/\",\"name\":\"Golfe 1\/Le \u00abCaf\u00e9 du Maire\u00bb : Cette donne de M.Gomado tr\u00e8s significative -\",\"isPartOf\":{\"@id\":\"https:\/\/lepoint-actu.tg\/#website\"},\"primaryImageOfPage\":{\"@id\":\"https:\/\/lepoint-actu.tg\/index.php\/2021\/11\/28\/557\/#primaryimage\"},\"image\":{\"@id\":\"https:\/\/lepoint-actu.tg\/index.php\/2021\/11\/28\/557\/#primaryimage\"},\"thumbnailUrl\":\"https:\/\/lepoint-actu.tg\/wp-content\/uploads\/2022\/09\/GomadoCafe.jpg\",\"datePublished\":\"2021-11-28T07:57:00+00:00\",\"dateModified\":\"2022-09-29T08:04:38+00:00\",\"author\":{\"@id\":\"https:\/\/lepoint-actu.tg\/#\/schema\/person\/e4026d66cbdc205cab83e169ab7eaca1\"},\"breadcrumb\":{\"@id\":\"https:\/\/lepoint-actu.tg\/index.php\/2021\/11\/28\/557\/#breadcrumb\"},\"inLanguage\":\"fr-FR\",\"potentialAction\":[{\"@type\":\"ReadAction\",\"target\":[\"https:\/\/lepoint-actu.tg\/index.php\/2021\/11\/28\/557\/\"]}]},{\"@type\":\"ImageObject\",\"inLanguage\":\"fr-FR\",\"@id\":\"https:\/\/lepoint-actu.tg\/index.php\/2021\/11\/28\/557\/#primaryimage\",\"url\":\"https:\/\/lepoint-actu.tg\/wp-content\/uploads\/2022\/09\/GomadoCafe.jpg\",\"contentUrl\":\"https:\/\/lepoint-actu.tg\/wp-content\/uploads\/2022\/09\/GomadoCafe.jpg\",\"width\":1200,\"height\":900},{\"@type\":\"BreadcrumbList\",\"@id\":\"https:\/\/lepoint-actu.tg\/index.php\/2021\/11\/28\/557\/#breadcrumb\",\"itemListElement\":[{\"@type\":\"ListItem\",\"position\":1,\"name\":\"Accueil\",\"item\":\"https:\/\/lepoint-actu.tg\/\"},{\"@type\":\"ListItem\",\"position\":2,\"name\":\"Golfe 1\/Le \u00abCaf\u00e9 du Maire\u00bb : Cette donne de M.Gomado tr\u00e8s significative\"}]},{\"@type\":\"WebSite\",\"@id\":\"https:\/\/lepoint-actu.tg\/#website\",\"url\":\"https:\/\/lepoint-actu.tg\/\",\"name\":\"\",\"description\":\"R\u00e9c\u00e9piss\u00e9 N\u00b00022\/HAAC\/12-2020\/pL\/P, lepointactu07@gmail.com\",\"potentialAction\":[{\"@type\":\"SearchAction\",\"target\":{\"@type\":\"EntryPoint\",\"urlTemplate\":\"https:\/\/lepoint-actu.tg\/?s={search_term_string}\"},\"query-input\":{\"@type\":\"PropertyValueSpecification\",\"valueRequired\":true,\"valueName\":\"search_term_string\"}}],\"inLanguage\":\"fr-FR\"},{\"@type\":\"Person\",\"@id\":\"https:\/\/lepoint-actu.tg\/#\/schema\/person\/e4026d66cbdc205cab83e169ab7eaca1\",\"name\":\"La Redaction\",\"image\":{\"@type\":\"ImageObject\",\"inLanguage\":\"fr-FR\",\"@id\":\"https:\/\/lepoint-actu.tg\/#\/schema\/person\/image\/\",\"url\":\"https:\/\/secure.gravatar.com\/avatar\/1682a0ff7e2c36efa51c5d262eea092000ec1ce420118e6261440956730308c2?s=96&d=mm&r=g\",\"contentUrl\":\"https:\/\/secure.gravatar.com\/avatar\/1682a0ff7e2c36efa51c5d262eea092000ec1ce420118e6261440956730308c2?s=96&d=mm&r=g\",\"caption\":\"La Redaction\"},\"url\":\"https:\/\/lepoint-actu.tg\/index.php\/author\/raymondsama\/\"}]}<\/script>\n<!-- \/ Yoast SEO plugin. -->","yoast_head_json":{"title":"Golfe 1\/Le \u00abCaf\u00e9 du Maire\u00bb : Cette donne de M.Gomado tr\u00e8s significative -","robots":{"index":"index","follow":"follow","max-snippet":"max-snippet:-1","max-image-preview":"max-image-preview:large","max-video-preview":"max-video-preview:-1"},"canonical":"https:\/\/lepoint-actu.tg\/index.php\/2021\/11\/28\/557\/","og_locale":"fr_FR","og_type":"article","og_title":"Golfe 1\/Le \u00abCaf\u00e9 du Maire\u00bb : Cette donne de M.Gomado tr\u00e8s significative -","og_description":"Le maire de la commune du Golfe 1, Joseph Koamy Gomado a lanc\u00e9 samedi \u00e0 Lom\u00e9 la premi\u00e8re \u00e9dition du","og_url":"https:\/\/lepoint-actu.tg\/index.php\/2021\/11\/28\/557\/","article_published_time":"2021-11-28T07:57:00+00:00","article_modified_time":"2022-09-29T08:04:38+00:00","og_image":[{"width":1200,"height":900,"url":"https:\/\/lepoint-actu.tg\/wp-content\/uploads\/2022\/09\/GomadoCafe.jpg","type":"image\/jpeg"}],"author":"La Redaction","twitter_card":"summary_large_image","twitter_misc":{"\u00c9crit par":"La Redaction","Dur\u00e9e de lecture estim\u00e9e":"2 minutes"},"schema":{"@context":"https:\/\/schema.org","@graph":[{"@type":"WebPage","@id":"https:\/\/lepoint-actu.tg\/index.php\/2021\/11\/28\/557\/","url":"https:\/\/lepoint-actu.tg\/index.php\/2021\/11\/28\/557\/","name":"Golfe 1\/Le \u00abCaf\u00e9 du Maire\u00bb : Cette donne de M.Gomado tr\u00e8s significative -","isPartOf":{"@id":"https:\/\/lepoint-actu.tg\/#website"},"primaryImageOfPage":{"@id":"https:\/\/lepoint-actu.tg\/index.php\/2021\/11\/28\/557\/#primaryimage"},"image":{"@id":"https:\/\/lepoint-actu.tg\/index.php\/2021\/11\/28\/557\/#primaryimage"},"thumbnailUrl":"https:\/\/lepoint-actu.tg\/wp-content\/uploads\/2022\/09\/GomadoCafe.jpg","datePublished":"2021-11-28T07:57:00+00:00","dateModified":"2022-09-29T08:04:38+00:00","author":{"@id":"https:\/\/lepoint-actu.tg\/#\/schema\/person\/e4026d66cbdc205cab83e169ab7eaca1"},"breadcrumb":{"@id":"https:\/\/lepoint-actu.tg\/index.php\/2021\/11\/28\/557\/#breadcrumb"},"inLanguage":"fr-FR","potentialAction":[{"@type":"ReadAction","target":["https:\/\/lepoint-actu.tg\/index.php\/2021\/11\/28\/557\/"]}]},{"@type":"ImageObject","inLanguage":"fr-FR","@id":"https:\/\/lepoint-actu.tg\/index.php\/2021\/11\/28\/557\/#primaryimage","url":"https:\/\/lepoint-actu.tg\/wp-content\/uploads\/2022\/09\/GomadoCafe.jpg","contentUrl":"https:\/\/lepoint-actu.tg\/wp-content\/uploads\/2022\/09\/GomadoCafe.jpg","width":1200,"height":900},{"@type":"BreadcrumbList","@id":"https:\/\/lepoint-actu.tg\/index.php\/2021\/11\/28\/557\/#breadcrumb","itemListElement":[{"@type":"ListItem","position":1,"name":"Accueil","item":"https:\/\/lepoint-actu.tg\/"},{"@type":"ListItem","position":2,"name":"Golfe 1\/Le \u00abCaf\u00e9 du Maire\u00bb : Cette donne de M.Gomado tr\u00e8s significative"}]},{"@type":"WebSite","@id":"https:\/\/lepoint-actu.tg\/#website","url":"https:\/\/lepoint-actu.tg\/","name":"","description":"R\u00e9c\u00e9piss\u00e9 N\u00b00022\/HAAC\/12-2020\/pL\/P, lepointactu07@gmail.com","potentialAction":[{"@type":"SearchAction","target":{"@type":"EntryPoint","urlTemplate":"https:\/\/lepoint-actu.tg\/?s={search_term_string}"},"query-input":{"@type":"PropertyValueSpecification","valueRequired":true,"valueName":"search_term_string"}}],"inLanguage":"fr-FR"},{"@type":"Person","@id":"https:\/\/lepoint-actu.tg\/#\/schema\/person\/e4026d66cbdc205cab83e169ab7eaca1","name":"La Redaction","image":{"@type":"ImageObject","inLanguage":"fr-FR","@id":"https:\/\/lepoint-actu.tg\/#\/schema\/person\/image\/","url":"https:\/\/secure.gravatar.com\/avatar\/1682a0ff7e2c36efa51c5d262eea092000ec1ce420118e6261440956730308c2?s=96&d=mm&r=g","contentUrl":"https:\/\/secure.gravatar.com\/avatar\/1682a0ff7e2c36efa51c5d262eea092000ec1ce420118e6261440956730308c2?s=96&d=mm&r=g","caption":"La Redaction"},"url":"https:\/\/lepoint-actu.tg\/index.php\/author\/raymondsama\/"}]}},"_links":{"self":[{"href":"https:\/\/lepoint-actu.tg\/index.php\/wp-json\/wp\/v2\/posts\/557","targetHints":{"allow":["GET"]}}],"collection":[{"href":"https:\/\/lepoint-actu.tg\/index.php\/wp-json\/wp\/v2\/posts"}],"about":[{"href":"https:\/\/lepoint-actu.tg\/index.php\/wp-json\/wp\/v2\/types\/post"}],"author":[{"embeddable":true,"href":"https:\/\/lepoint-actu.tg\/index.php\/wp-json\/wp\/v2\/users\/2"}],"replies":[{"embeddable":true,"href":"https:\/\/lepoint-actu.tg\/index.php\/wp-json\/wp\/v2\/comments?post=557"}],"version-history":[{"count":3,"href":"https:\/\/lepoint-actu.tg\/index.php\/wp-json\/wp\/v2\/posts\/557\/revisions"}],"predecessor-version":[{"id":563,"href":"https:\/\/lepoint-actu.tg\/index.php\/wp-json\/wp\/v2\/posts\/557\/revisions\/563"}],"wp:featuredmedia":[{"embeddable":true,"href":"https:\/\/lepoint-actu.tg\/index.php\/wp-json\/wp\/v2\/media\/558"}],"wp:attachment":[{"href":"https:\/\/lepoint-actu.tg\/index.php\/wp-json\/wp\/v2\/media?parent=557"}],"wp:term":[{"taxonomy":"category","embeddable":true,"href":"https:\/\/lepoint-actu.tg\/index.php\/wp-json\/wp\/v2\/categories?post=557"},{"taxonomy":"post_tag","embeddable":true,"href":"https:\/\/lepoint-actu.tg\/index.php\/wp-json\/wp\/v2\/tags?post=557"}],"curies":[{"name":"wp","href":"https:\/\/api.w.org\/{rel}","templated":true}]}}