{"id":575,"date":"2022-09-29T11:25:00","date_gmt":"2022-09-29T11:25:00","guid":{"rendered":"https:\/\/lepoint-actu.tg\/?p=575"},"modified":"2022-09-30T11:50:58","modified_gmt":"2022-09-30T11:50:58","slug":"diplomatie-fin-de-visite-du-president-faure-gnassingbe-au-japon","status":"publish","type":"post","link":"https:\/\/lepoint-actu.tg\/index.php\/2022\/09\/29\/diplomatie-fin-de-visite-du-president-faure-gnassingbe-au-japon\/","title":{"rendered":"Diplomatie : Fin de visite du Pr\u00e9sident Faure Gnassingb\u00e9 au Japon"},"content":{"rendered":"\n<p><\/p>\n\n\n\n<p>Le Pr\u00e9sident de la R\u00e9publique, Chef de l\u2019\u00c9tat togolais, Faure Gnassingb\u00e9, a achev\u00e9 mercredi 28 septembre 2022 une visite officielle de 48 heures au Japon, selon des sources officielles.<\/p>\n\n\n\n<p>Le Pr\u00e9sident a eu une s\u00e9ance de travail avec le Premier ministre, Fumio Kishida, Chef de l&rsquo;ex\u00e9cutif japonais.<\/p>\n\n\n\n<p>Occasion pour les deux dirigeants de r\u00e9affirmer leur engagement \u00e0 renforcer les liens de coop\u00e9ration entre Lom\u00e9 et Tokyo.<\/p>\n\n\n\n<p>\u00ab C\u2019est avec beaucoup d\u2019int\u00e9r\u00eat que j\u2019ai \u00e9chang\u00e9 avec le Premier ministre, Fumio Kishida \u00e0 Tokyo ce 28 septembre 2022. Le Togo et le Japon sont r\u00e9solus \u00e0 poursuivre le renforcement de la coop\u00e9ration, notamment dans les domaines diplomatique, \u00e9conomique et strat\u00e9gique \u00bb, a indiqu\u00e9 le Chef de l\u2019\u00c9tat sur son compte Twitter.<\/p>\n\n\n\n<p>Le s\u00e9jour du Pr\u00e9sident togolais en terre japonaise a \u00e9galement \u00e9t\u00e9 marqu\u00e9 par une rencontre en t\u00eate-\u00e0-t\u00eate avec l\u2019Empereur Naruhito.<\/p>\n\n\n\n<p>\u00ab J\u2019ai \u00e9t\u00e9 heureux de rencontrer l\u2019empereur Naruhito au Palais imp\u00e9rial de Tokyo ce 28 septembre 2022. Les excellentes relations de coop\u00e9ration entre nos deux pays se concr\u00e9tisent dans plusieurs domaines et contribuent \u00e0 renforcer l\u2019amiti\u00e9 entre nos peuples \u00bb, a \u00e9crit le Pr\u00e9sident Togolais sur son compte Twitter.<br>Il faut rappeler au passage que le chef de l\u2019\u00c9tat a en outre, assist\u00e9, le 27 septembre 2022, aux obs\u00e8ques du Premier ministre Shinzo Abe d\u00e9c\u00e9d\u00e9 en juillet 2022.<\/p>\n\n\n\n<p>Le Togo et le Japon entretiennent d\u2019excellentes relations, marqu\u00e9es par plusieurs accords et conventions dans les domaines diplomatique, strat\u00e9gique et \u00e9conomique.<\/p>\n\n\n\n<p><strong><em>Jules Y.T\u00e9t\u00e9<\/em><\/strong><\/p>\n","protected":false},"excerpt":{"rendered":"<p>Le Pr\u00e9sident de la R\u00e9publique, Chef de l\u2019\u00c9tat togolais, Faure Gnassingb\u00e9, a achev\u00e9 mercredi 28 septembre 2022 une visite officielle<\/p>\n","protected":false},"author":2,"featured_media":576,"comment_status":"open","ping_status":"closed","sticky":false,"template":"","format":"standard","meta":{"footnotes":""},"categories":[5],"tags":[],"class_list":["post-575","post","type-post","status-publish","format-standard","has-post-thumbnail","hentry","category-diplomatie"],"yoast_head":"<!-- This site is optimized with the Yoast SEO plugin v23.9 - https:\/\/yoast.com\/wordpress\/plugins\/seo\/ -->\n<title>Diplomatie : Fin de visite du Pr\u00e9sident Faure Gnassingb\u00e9 au Japon -<\/title>\n<meta name=\"robots\" content=\"index, follow, max-snippet:-1, max-image-preview:large, max-video-preview:-1\" \/>\n<link rel=\"canonical\" href=\"https:\/\/lepoint-actu.tg\/index.php\/2022\/09\/29\/diplomatie-fin-de-visite-du-president-faure-gnassingbe-au-japon\/\" \/>\n<meta property=\"og:locale\" content=\"fr_FR\" \/>\n<meta property=\"og:type\" content=\"article\" \/>\n<meta property=\"og:title\" content=\"Diplomatie : Fin de visite du Pr\u00e9sident Faure Gnassingb\u00e9 au Japon -\" \/>\n<meta property=\"og:description\" content=\"Le Pr\u00e9sident de la R\u00e9publique, Chef de l\u2019\u00c9tat togolais, Faure Gnassingb\u00e9, a achev\u00e9 mercredi 28 septembre 2022 une visite officielle\" \/>\n<meta property=\"og:url\" content=\"https:\/\/lepoint-actu.tg\/index.php\/2022\/09\/29\/diplomatie-fin-de-visite-du-president-faure-gnassingbe-au-japon\/\" \/>\n<meta property=\"article:published_time\" content=\"2022-09-29T11:25:00+00:00\" \/>\n<meta property=\"article:modified_time\" content=\"2022-09-30T11:50:58+00:00\" \/>\n<meta property=\"og:image\" content=\"https:\/\/lepoint-actu.tg\/wp-content\/uploads\/2022\/09\/IMG-20220929-WA0151.jpg\" \/>\n\t<meta property=\"og:image:width\" content=\"886\" \/>\n\t<meta property=\"og:image:height\" content=\"709\" \/>\n\t<meta property=\"og:image:type\" content=\"image\/jpeg\" \/>\n<meta name=\"author\" content=\"La Redaction\" \/>\n<meta name=\"twitter:card\" content=\"summary_large_image\" \/>\n<meta name=\"twitter:label1\" content=\"\u00c9crit par\" \/>\n\t<meta name=\"twitter:data1\" content=\"La Redaction\" \/>\n\t<meta name=\"twitter:label2\" content=\"Dur\u00e9e de lecture estim\u00e9e\" \/>\n\t<meta name=\"twitter:data2\" content=\"2 minutes\" \/>\n<script type=\"application\/ld+json\" class=\"yoast-schema-graph\">{\"@context\":\"https:\/\/schema.org\",\"@graph\":[{\"@type\":\"WebPage\",\"@id\":\"https:\/\/lepoint-actu.tg\/index.php\/2022\/09\/29\/diplomatie-fin-de-visite-du-president-faure-gnassingbe-au-japon\/\",\"url\":\"https:\/\/lepoint-actu.tg\/index.php\/2022\/09\/29\/diplomatie-fin-de-visite-du-president-faure-gnassingbe-au-japon\/\",\"name\":\"Diplomatie : Fin de visite du Pr\u00e9sident Faure Gnassingb\u00e9 au Japon -\",\"isPartOf\":{\"@id\":\"https:\/\/lepoint-actu.tg\/#website\"},\"primaryImageOfPage\":{\"@id\":\"https:\/\/lepoint-actu.tg\/index.php\/2022\/09\/29\/diplomatie-fin-de-visite-du-president-faure-gnassingbe-au-japon\/#primaryimage\"},\"image\":{\"@id\":\"https:\/\/lepoint-actu.tg\/index.php\/2022\/09\/29\/diplomatie-fin-de-visite-du-president-faure-gnassingbe-au-japon\/#primaryimage\"},\"thumbnailUrl\":\"https:\/\/lepoint-actu.tg\/wp-content\/uploads\/2022\/09\/IMG-20220929-WA0151.jpg\",\"datePublished\":\"2022-09-29T11:25:00+00:00\",\"dateModified\":\"2022-09-30T11:50:58+00:00\",\"author\":{\"@id\":\"https:\/\/lepoint-actu.tg\/#\/schema\/person\/e4026d66cbdc205cab83e169ab7eaca1\"},\"breadcrumb\":{\"@id\":\"https:\/\/lepoint-actu.tg\/index.php\/2022\/09\/29\/diplomatie-fin-de-visite-du-president-faure-gnassingbe-au-japon\/#breadcrumb\"},\"inLanguage\":\"fr-FR\",\"potentialAction\":[{\"@type\":\"ReadAction\",\"target\":[\"https:\/\/lepoint-actu.tg\/index.php\/2022\/09\/29\/diplomatie-fin-de-visite-du-president-faure-gnassingbe-au-japon\/\"]}]},{\"@type\":\"ImageObject\",\"inLanguage\":\"fr-FR\",\"@id\":\"https:\/\/lepoint-actu.tg\/index.php\/2022\/09\/29\/diplomatie-fin-de-visite-du-president-faure-gnassingbe-au-japon\/#primaryimage\",\"url\":\"https:\/\/lepoint-actu.tg\/wp-content\/uploads\/2022\/09\/IMG-20220929-WA0151.jpg\",\"contentUrl\":\"https:\/\/lepoint-actu.tg\/wp-content\/uploads\/2022\/09\/IMG-20220929-WA0151.jpg\",\"width\":886,\"height\":709},{\"@type\":\"BreadcrumbList\",\"@id\":\"https:\/\/lepoint-actu.tg\/index.php\/2022\/09\/29\/diplomatie-fin-de-visite-du-president-faure-gnassingbe-au-japon\/#breadcrumb\",\"itemListElement\":[{\"@type\":\"ListItem\",\"position\":1,\"name\":\"Accueil\",\"item\":\"https:\/\/lepoint-actu.tg\/\"},{\"@type\":\"ListItem\",\"position\":2,\"name\":\"Diplomatie : Fin de visite du Pr\u00e9sident Faure Gnassingb\u00e9 au Japon\"}]},{\"@type\":\"WebSite\",\"@id\":\"https:\/\/lepoint-actu.tg\/#website\",\"url\":\"https:\/\/lepoint-actu.tg\/\",\"name\":\"\",\"description\":\"R\u00e9c\u00e9piss\u00e9 N\u00b00022\/HAAC\/12-2020\/pL\/P, lepointactu07@gmail.com\",\"potentialAction\":[{\"@type\":\"SearchAction\",\"target\":{\"@type\":\"EntryPoint\",\"urlTemplate\":\"https:\/\/lepoint-actu.tg\/?s={search_term_string}\"},\"query-input\":{\"@type\":\"PropertyValueSpecification\",\"valueRequired\":true,\"valueName\":\"search_term_string\"}}],\"inLanguage\":\"fr-FR\"},{\"@type\":\"Person\",\"@id\":\"https:\/\/lepoint-actu.tg\/#\/schema\/person\/e4026d66cbdc205cab83e169ab7eaca1\",\"name\":\"La Redaction\",\"image\":{\"@type\":\"ImageObject\",\"inLanguage\":\"fr-FR\",\"@id\":\"https:\/\/lepoint-actu.tg\/#\/schema\/person\/image\/\",\"url\":\"https:\/\/secure.gravatar.com\/avatar\/1682a0ff7e2c36efa51c5d262eea092000ec1ce420118e6261440956730308c2?s=96&d=mm&r=g\",\"contentUrl\":\"https:\/\/secure.gravatar.com\/avatar\/1682a0ff7e2c36efa51c5d262eea092000ec1ce420118e6261440956730308c2?s=96&d=mm&r=g\",\"caption\":\"La Redaction\"},\"url\":\"https:\/\/lepoint-actu.tg\/index.php\/author\/raymondsama\/\"}]}<\/script>\n<!-- \/ Yoast SEO plugin. -->","yoast_head_json":{"title":"Diplomatie : Fin de visite du Pr\u00e9sident Faure Gnassingb\u00e9 au Japon -","robots":{"index":"index","follow":"follow","max-snippet":"max-snippet:-1","max-image-preview":"max-image-preview:large","max-video-preview":"max-video-preview:-1"},"canonical":"https:\/\/lepoint-actu.tg\/index.php\/2022\/09\/29\/diplomatie-fin-de-visite-du-president-faure-gnassingbe-au-japon\/","og_locale":"fr_FR","og_type":"article","og_title":"Diplomatie : Fin de visite du Pr\u00e9sident Faure Gnassingb\u00e9 au Japon -","og_description":"Le Pr\u00e9sident de la R\u00e9publique, Chef de l\u2019\u00c9tat togolais, Faure Gnassingb\u00e9, a achev\u00e9 mercredi 28 septembre 2022 une visite officielle","og_url":"https:\/\/lepoint-actu.tg\/index.php\/2022\/09\/29\/diplomatie-fin-de-visite-du-president-faure-gnassingbe-au-japon\/","article_published_time":"2022-09-29T11:25:00+00:00","article_modified_time":"2022-09-30T11:50:58+00:00","og_image":[{"width":886,"height":709,"url":"https:\/\/lepoint-actu.tg\/wp-content\/uploads\/2022\/09\/IMG-20220929-WA0151.jpg","type":"image\/jpeg"}],"author":"La Redaction","twitter_card":"summary_large_image","twitter_misc":{"\u00c9crit par":"La Redaction","Dur\u00e9e de lecture estim\u00e9e":"2 minutes"},"schema":{"@context":"https:\/\/schema.org","@graph":[{"@type":"WebPage","@id":"https:\/\/lepoint-actu.tg\/index.php\/2022\/09\/29\/diplomatie-fin-de-visite-du-president-faure-gnassingbe-au-japon\/","url":"https:\/\/lepoint-actu.tg\/index.php\/2022\/09\/29\/diplomatie-fin-de-visite-du-president-faure-gnassingbe-au-japon\/","name":"Diplomatie : Fin de visite du Pr\u00e9sident Faure Gnassingb\u00e9 au Japon -","isPartOf":{"@id":"https:\/\/lepoint-actu.tg\/#website"},"primaryImageOfPage":{"@id":"https:\/\/lepoint-actu.tg\/index.php\/2022\/09\/29\/diplomatie-fin-de-visite-du-president-faure-gnassingbe-au-japon\/#primaryimage"},"image":{"@id":"https:\/\/lepoint-actu.tg\/index.php\/2022\/09\/29\/diplomatie-fin-de-visite-du-president-faure-gnassingbe-au-japon\/#primaryimage"},"thumbnailUrl":"https:\/\/lepoint-actu.tg\/wp-content\/uploads\/2022\/09\/IMG-20220929-WA0151.jpg","datePublished":"2022-09-29T11:25:00+00:00","dateModified":"2022-09-30T11:50:58+00:00","author":{"@id":"https:\/\/lepoint-actu.tg\/#\/schema\/person\/e4026d66cbdc205cab83e169ab7eaca1"},"breadcrumb":{"@id":"https:\/\/lepoint-actu.tg\/index.php\/2022\/09\/29\/diplomatie-fin-de-visite-du-president-faure-gnassingbe-au-japon\/#breadcrumb"},"inLanguage":"fr-FR","potentialAction":[{"@type":"ReadAction","target":["https:\/\/lepoint-actu.tg\/index.php\/2022\/09\/29\/diplomatie-fin-de-visite-du-president-faure-gnassingbe-au-japon\/"]}]},{"@type":"ImageObject","inLanguage":"fr-FR","@id":"https:\/\/lepoint-actu.tg\/index.php\/2022\/09\/29\/diplomatie-fin-de-visite-du-president-faure-gnassingbe-au-japon\/#primaryimage","url":"https:\/\/lepoint-actu.tg\/wp-content\/uploads\/2022\/09\/IMG-20220929-WA0151.jpg","contentUrl":"https:\/\/lepoint-actu.tg\/wp-content\/uploads\/2022\/09\/IMG-20220929-WA0151.jpg","width":886,"height":709},{"@type":"BreadcrumbList","@id":"https:\/\/lepoint-actu.tg\/index.php\/2022\/09\/29\/diplomatie-fin-de-visite-du-president-faure-gnassingbe-au-japon\/#breadcrumb","itemListElement":[{"@type":"ListItem","position":1,"name":"Accueil","item":"https:\/\/lepoint-actu.tg\/"},{"@type":"ListItem","position":2,"name":"Diplomatie : Fin de visite du Pr\u00e9sident Faure Gnassingb\u00e9 au Japon"}]},{"@type":"WebSite","@id":"https:\/\/lepoint-actu.tg\/#website","url":"https:\/\/lepoint-actu.tg\/","name":"","description":"R\u00e9c\u00e9piss\u00e9 N\u00b00022\/HAAC\/12-2020\/pL\/P, lepointactu07@gmail.com","potentialAction":[{"@type":"SearchAction","target":{"@type":"EntryPoint","urlTemplate":"https:\/\/lepoint-actu.tg\/?s={search_term_string}"},"query-input":{"@type":"PropertyValueSpecification","valueRequired":true,"valueName":"search_term_string"}}],"inLanguage":"fr-FR"},{"@type":"Person","@id":"https:\/\/lepoint-actu.tg\/#\/schema\/person\/e4026d66cbdc205cab83e169ab7eaca1","name":"La Redaction","image":{"@type":"ImageObject","inLanguage":"fr-FR","@id":"https:\/\/lepoint-actu.tg\/#\/schema\/person\/image\/","url":"https:\/\/secure.gravatar.com\/avatar\/1682a0ff7e2c36efa51c5d262eea092000ec1ce420118e6261440956730308c2?s=96&d=mm&r=g","contentUrl":"https:\/\/secure.gravatar.com\/avatar\/1682a0ff7e2c36efa51c5d262eea092000ec1ce420118e6261440956730308c2?s=96&d=mm&r=g","caption":"La Redaction"},"url":"https:\/\/lepoint-actu.tg\/index.php\/author\/raymondsama\/"}]}},"_links":{"self":[{"href":"https:\/\/lepoint-actu.tg\/index.php\/wp-json\/wp\/v2\/posts\/575","targetHints":{"allow":["GET"]}}],"collection":[{"href":"https:\/\/lepoint-actu.tg\/index.php\/wp-json\/wp\/v2\/posts"}],"about":[{"href":"https:\/\/lepoint-actu.tg\/index.php\/wp-json\/wp\/v2\/types\/post"}],"author":[{"embeddable":true,"href":"https:\/\/lepoint-actu.tg\/index.php\/wp-json\/wp\/v2\/users\/2"}],"replies":[{"embeddable":true,"href":"https:\/\/lepoint-actu.tg\/index.php\/wp-json\/wp\/v2\/comments?post=575"}],"version-history":[{"count":1,"href":"https:\/\/lepoint-actu.tg\/index.php\/wp-json\/wp\/v2\/posts\/575\/revisions"}],"predecessor-version":[{"id":577,"href":"https:\/\/lepoint-actu.tg\/index.php\/wp-json\/wp\/v2\/posts\/575\/revisions\/577"}],"wp:featuredmedia":[{"embeddable":true,"href":"https:\/\/lepoint-actu.tg\/index.php\/wp-json\/wp\/v2\/media\/576"}],"wp:attachment":[{"href":"https:\/\/lepoint-actu.tg\/index.php\/wp-json\/wp\/v2\/media?parent=575"}],"wp:term":[{"taxonomy":"category","embeddable":true,"href":"https:\/\/lepoint-actu.tg\/index.php\/wp-json\/wp\/v2\/categories?post=575"},{"taxonomy":"post_tag","embeddable":true,"href":"https:\/\/lepoint-actu.tg\/index.php\/wp-json\/wp\/v2\/tags?post=575"}],"curies":[{"name":"wp","href":"https:\/\/api.w.org\/{rel}","templated":true}]}}