{"id":616,"date":"2022-10-04T01:56:13","date_gmt":"2022-10-04T01:56:13","guid":{"rendered":"https:\/\/lepoint-actu.tg\/?p=616"},"modified":"2022-10-04T01:56:15","modified_gmt":"2022-10-04T01:56:15","slug":"lexamen-du-budget-2023-du-parlement-de-la-cedeao-au-coeur-de-sa-2e-session-extraordinaire-ce-lundi-a-lome","status":"publish","type":"post","link":"https:\/\/lepoint-actu.tg\/index.php\/2022\/10\/04\/lexamen-du-budget-2023-du-parlement-de-la-cedeao-au-coeur-de-sa-2e-session-extraordinaire-ce-lundi-a-lome\/","title":{"rendered":"L\u2019examen du budget 2023 du parlement de la CEDEAO au c\u0153ur de sa 2\u00e8 session extraordinaire ce lundi \u00e0 Lom\u00e9"},"content":{"rendered":"\n<p><\/p>\n\n\n\n<p>Examiner et \u00e0 adopter l\u2019avant-projet du budget 2023 du parlement de la Communaut\u00e9 \u00e9conomique des Etats de l\u2019Afrique de l\u2019Ouest (CEDEAO), adopter le rapport de la premi\u00e8re session ordinaire de l\u2019ann\u00e9e 2022 dudit parlement et ceux des commissions permanentes. C\u2019est en substance, ce \u00e0 quoi sont consacr\u00e9s les travaux de la deuxi\u00e8me session extraordinaire au titre de l\u2019ann\u00e9e 2022 du parlement communautaire\u00a0; travaux ouverts, ce lundi 03 octobre 2022, dans la capitale togolaise par la pr\u00e9sidente de l\u2019Assembl\u00e9e nationale du Togo, Yawa Djigbodi Ts\u00e9gan ( milieu photo table d&rsquo;honneur) en pr\u00e9sence du pr\u00e9sident du parlement de cette communautaire, Mohamed Sidie Tunis.<\/p>\n\n\n\n<p>A l\u2019ouverture des travaux de cette session, la pr\u00e9sidente de l\u2019assembl\u00e9e nationale du Togo, Mme Yawa Djibodi a indiqu\u00e9 que le parlement de la CEDEAO fait honneur \u00e0 son pays en organisant \u00e0 Lom\u00e9 cette session extraordinaire qui est \u00ab&nbsp;hautement importante pour la poursuite du processus d\u2019int\u00e9gration de notre espace (espace CEDEAO&nbsp;: ndlr) sous r\u00e9gional&nbsp;\u00bb. Dans cet \u00e9lan, elle a salu\u00e9 le Pr\u00e9sident de la R\u00e9publique togolaise, Faure Gnassingb\u00e9 pour avoir accept\u00e9 la tenue de cette session \u00e0 Lom\u00e9 et le pr\u00e9sident du parlement de la CEDEAO, Mohamed Sidie Tunis pour son engagement \u00e0 maintenir \u00ab&nbsp;une dynamique au sein de l\u2019institution communautaire.<\/p>\n\n\n\n<p>\u00ab&nbsp;Notre espace communautaire reste confront\u00e9 \u00e0 la persistance des d\u00e9fis tels que l\u2019acc\u00e8s aux services de base et l\u2019emploi d\u00e9cent, les enjeux s\u00e9curitaires, la faiblesse des syst\u00e8mes sanitaires et la vuln\u00e9rabilit\u00e9 des \u00e9conomies&nbsp;\u00bb, reconnait Mme Ts\u00e9gan qui invite les Etats \u00e0 s\u2019armer davantage de courage et pr\u00e9conise \u00e0 ces derniers de \u00ab&nbsp;rechercher ensemble les voies et moyens pour ramener la paix partout o\u00f9 elle est menac\u00e9e&nbsp;\u00bb afin de cr\u00e9er les conditions \u00ab&nbsp;d\u2019une coh\u00e9sion sociale propice \u00e0 la modernisation&nbsp;\u00bb de l\u2019 espace CEDEAO.<\/p>\n\n\n\n<p>Dans cette perspective, mart\u00e8le-t-elle, \u00ab&nbsp;pareilles assises doivent nous conduire \u00e0 revisiter les outils cl\u00e9s de gestion de notre institution communautaire, \u00e0 mener de profondes r\u00e9flexions et adapt\u00e9es \u00e0 notre environnement&nbsp;\u00bb. Et d\u2019ajouter, il faut \u00ab&nbsp;travailler d\u2019arrache-pied \u00e0 la mutualisation de nos \u00e9nergies, \u00e0 \u0153uvrer davantage et de mani\u00e8re plus efficace aux pr\u00e9occupations d\u2019int\u00e9r\u00eat commun qui sont la cl\u00e9 de l\u2019avenir et du destin d\u2019une CEDEAO contemporaine&nbsp;\u00bb.<\/p>\n\n\n\n<p>Pour le Pr\u00e9sident du parlement de la CEDEAO, Mohamed Sidie Tunis, \u00ab&nbsp;l\u2019objectif principal de l\u2019organisation de r\u00e9unions de commissions hors du si\u00e8ge du parlement \u00e9tait de rendre publiques les activit\u00e9s du parlement et de cr\u00e9er un moyen permettant aux d\u00e9put\u00e9s d\u2019interagir directement avec la population&nbsp;\u00bb. Il a ainsi rappel\u00e9 les objectifs assign\u00e9s \u00e0 l\u2019organisation ouest africaine \u00e0 sa cr\u00e9ation par les p\u00e8res fondateurs. Abordant la question du budget 2023 de l\u2019institution, Sidie Mohamed a attir\u00e9 l\u2019attention des d\u00e9put\u00e9s communautaires sur \u00ab&nbsp;l\u2019importance et les enjeux de cet exercice&nbsp;\u00bb qui est l\u2019examen et l\u2019adoption du budget du parlement qui doit permettre \u00e0 l\u2019institution de fonctionner et de financer ses activit\u00e9s.<\/p>\n\n\n\n<p>La crise que vit actuellement le monde du fait de la guerre en Ukraine qui constitue \u00ab&nbsp;non seulement une menace r\u00e9elle pour la paix et la s\u00e9curit\u00e9 internationales, mais aussi un risque \u00e9vident de crise \u00e9conomique mondiale sans pr\u00e9c\u00e9dent&nbsp;\u00bb fait l\u2019objet d\u2019une attention particuli\u00e8re de M. Tunis qui a, par ailleurs, condamn\u00e9 le coup d\u2019Etat militaire intervenu au Burkina Faso il y a quelques jours.<\/p>\n\n\n\n<p>La deuxi\u00e8me vice-pr\u00e9sidente du parlement la CEDEAO, Ibrahima M\u00e9mounatou a, pour sa part, souhaiter la bienvenue aux participants \u00e0 cette 2\u00e8me session du parlement de la CEDEAO tout en indiquant que cette session est une occasion pour promouvoir la coop\u00e9ration et l\u2019int\u00e9gration des peuples de la sous-r\u00e9gion.<\/p>\n\n\n\n<p>Selon les informations, les travaux de cette session se d\u00e9rouleront sur plusieurs jours pour prendre fin vendredi le 07 octobre prochain.<br>Pour rappel, le parlement de la CEDEAO est compos\u00e9 de 115 d\u00e9put\u00e9s issus des assembl\u00e9es nationales des 15 pays membres de l\u2019institution.<\/p>\n","protected":false},"excerpt":{"rendered":"<p>Examiner et \u00e0 adopter l\u2019avant-projet du budget 2023 du parlement de la Communaut\u00e9 \u00e9conomique des Etats de l\u2019Afrique de l\u2019Ouest<\/p>\n","protected":false},"author":2,"featured_media":617,"comment_status":"open","ping_status":"closed","sticky":false,"template":"","format":"standard","meta":{"footnotes":""},"categories":[3],"tags":[],"class_list":["post-616","post","type-post","status-publish","format-standard","has-post-thumbnail","hentry","category-politique"],"yoast_head":"<!-- This site is optimized with the Yoast SEO plugin v23.9 - https:\/\/yoast.com\/wordpress\/plugins\/seo\/ -->\n<title>L\u2019examen du budget 2023 du parlement de la CEDEAO au c\u0153ur de sa 2\u00e8 session extraordinaire ce lundi \u00e0 Lom\u00e9 -<\/title>\n<meta name=\"robots\" content=\"index, follow, max-snippet:-1, max-image-preview:large, max-video-preview:-1\" \/>\n<link rel=\"canonical\" href=\"https:\/\/lepoint-actu.tg\/index.php\/2022\/10\/04\/lexamen-du-budget-2023-du-parlement-de-la-cedeao-au-coeur-de-sa-2e-session-extraordinaire-ce-lundi-a-lome\/\" \/>\n<meta property=\"og:locale\" content=\"fr_FR\" \/>\n<meta property=\"og:type\" content=\"article\" \/>\n<meta property=\"og:title\" content=\"L\u2019examen du budget 2023 du parlement de la CEDEAO au c\u0153ur de sa 2\u00e8 session extraordinaire ce lundi \u00e0 Lom\u00e9 -\" \/>\n<meta property=\"og:description\" content=\"Examiner et \u00e0 adopter l\u2019avant-projet du budget 2023 du parlement de la Communaut\u00e9 \u00e9conomique des Etats de l\u2019Afrique de l\u2019Ouest\" \/>\n<meta property=\"og:url\" content=\"https:\/\/lepoint-actu.tg\/index.php\/2022\/10\/04\/lexamen-du-budget-2023-du-parlement-de-la-cedeao-au-coeur-de-sa-2e-session-extraordinaire-ce-lundi-a-lome\/\" \/>\n<meta property=\"article:published_time\" content=\"2022-10-04T01:56:13+00:00\" \/>\n<meta property=\"article:modified_time\" content=\"2022-10-04T01:56:15+00:00\" \/>\n<meta property=\"og:image\" content=\"https:\/\/lepoint-actu.tg\/wp-content\/uploads\/2022\/10\/img_20221003_104136_444-scaled.jpg\" \/>\n\t<meta property=\"og:image:width\" content=\"2560\" \/>\n\t<meta property=\"og:image:height\" content=\"1920\" \/>\n\t<meta property=\"og:image:type\" content=\"image\/jpeg\" \/>\n<meta name=\"author\" content=\"La Redaction\" \/>\n<meta name=\"twitter:card\" content=\"summary_large_image\" \/>\n<meta name=\"twitter:label1\" content=\"\u00c9crit par\" \/>\n\t<meta name=\"twitter:data1\" content=\"La Redaction\" \/>\n\t<meta name=\"twitter:label2\" content=\"Dur\u00e9e de lecture estim\u00e9e\" \/>\n\t<meta name=\"twitter:data2\" content=\"4 minutes\" \/>\n<script type=\"application\/ld+json\" class=\"yoast-schema-graph\">{\"@context\":\"https:\/\/schema.org\",\"@graph\":[{\"@type\":\"WebPage\",\"@id\":\"https:\/\/lepoint-actu.tg\/index.php\/2022\/10\/04\/lexamen-du-budget-2023-du-parlement-de-la-cedeao-au-coeur-de-sa-2e-session-extraordinaire-ce-lundi-a-lome\/\",\"url\":\"https:\/\/lepoint-actu.tg\/index.php\/2022\/10\/04\/lexamen-du-budget-2023-du-parlement-de-la-cedeao-au-coeur-de-sa-2e-session-extraordinaire-ce-lundi-a-lome\/\",\"name\":\"L\u2019examen du budget 2023 du parlement de la CEDEAO au c\u0153ur de sa 2\u00e8 session extraordinaire ce lundi \u00e0 Lom\u00e9 -\",\"isPartOf\":{\"@id\":\"https:\/\/lepoint-actu.tg\/#website\"},\"primaryImageOfPage\":{\"@id\":\"https:\/\/lepoint-actu.tg\/index.php\/2022\/10\/04\/lexamen-du-budget-2023-du-parlement-de-la-cedeao-au-coeur-de-sa-2e-session-extraordinaire-ce-lundi-a-lome\/#primaryimage\"},\"image\":{\"@id\":\"https:\/\/lepoint-actu.tg\/index.php\/2022\/10\/04\/lexamen-du-budget-2023-du-parlement-de-la-cedeao-au-coeur-de-sa-2e-session-extraordinaire-ce-lundi-a-lome\/#primaryimage\"},\"thumbnailUrl\":\"https:\/\/lepoint-actu.tg\/wp-content\/uploads\/2022\/10\/img_20221003_104136_444-scaled.jpg\",\"datePublished\":\"2022-10-04T01:56:13+00:00\",\"dateModified\":\"2022-10-04T01:56:15+00:00\",\"author\":{\"@id\":\"https:\/\/lepoint-actu.tg\/#\/schema\/person\/e4026d66cbdc205cab83e169ab7eaca1\"},\"breadcrumb\":{\"@id\":\"https:\/\/lepoint-actu.tg\/index.php\/2022\/10\/04\/lexamen-du-budget-2023-du-parlement-de-la-cedeao-au-coeur-de-sa-2e-session-extraordinaire-ce-lundi-a-lome\/#breadcrumb\"},\"inLanguage\":\"fr-FR\",\"potentialAction\":[{\"@type\":\"ReadAction\",\"target\":[\"https:\/\/lepoint-actu.tg\/index.php\/2022\/10\/04\/lexamen-du-budget-2023-du-parlement-de-la-cedeao-au-coeur-de-sa-2e-session-extraordinaire-ce-lundi-a-lome\/\"]}]},{\"@type\":\"ImageObject\",\"inLanguage\":\"fr-FR\",\"@id\":\"https:\/\/lepoint-actu.tg\/index.php\/2022\/10\/04\/lexamen-du-budget-2023-du-parlement-de-la-cedeao-au-coeur-de-sa-2e-session-extraordinaire-ce-lundi-a-lome\/#primaryimage\",\"url\":\"https:\/\/lepoint-actu.tg\/wp-content\/uploads\/2022\/10\/img_20221003_104136_444-scaled.jpg\",\"contentUrl\":\"https:\/\/lepoint-actu.tg\/wp-content\/uploads\/2022\/10\/img_20221003_104136_444-scaled.jpg\",\"width\":2560,\"height\":1920},{\"@type\":\"BreadcrumbList\",\"@id\":\"https:\/\/lepoint-actu.tg\/index.php\/2022\/10\/04\/lexamen-du-budget-2023-du-parlement-de-la-cedeao-au-coeur-de-sa-2e-session-extraordinaire-ce-lundi-a-lome\/#breadcrumb\",\"itemListElement\":[{\"@type\":\"ListItem\",\"position\":1,\"name\":\"Accueil\",\"item\":\"https:\/\/lepoint-actu.tg\/\"},{\"@type\":\"ListItem\",\"position\":2,\"name\":\"L\u2019examen du budget 2023 du parlement de la CEDEAO au c\u0153ur de sa 2\u00e8 session extraordinaire ce lundi \u00e0 Lom\u00e9\"}]},{\"@type\":\"WebSite\",\"@id\":\"https:\/\/lepoint-actu.tg\/#website\",\"url\":\"https:\/\/lepoint-actu.tg\/\",\"name\":\"\",\"description\":\"R\u00e9c\u00e9piss\u00e9 N\u00b00022\/HAAC\/12-2020\/pL\/P, lepointactu07@gmail.com\",\"potentialAction\":[{\"@type\":\"SearchAction\",\"target\":{\"@type\":\"EntryPoint\",\"urlTemplate\":\"https:\/\/lepoint-actu.tg\/?s={search_term_string}\"},\"query-input\":{\"@type\":\"PropertyValueSpecification\",\"valueRequired\":true,\"valueName\":\"search_term_string\"}}],\"inLanguage\":\"fr-FR\"},{\"@type\":\"Person\",\"@id\":\"https:\/\/lepoint-actu.tg\/#\/schema\/person\/e4026d66cbdc205cab83e169ab7eaca1\",\"name\":\"La Redaction\",\"image\":{\"@type\":\"ImageObject\",\"inLanguage\":\"fr-FR\",\"@id\":\"https:\/\/lepoint-actu.tg\/#\/schema\/person\/image\/\",\"url\":\"https:\/\/secure.gravatar.com\/avatar\/1682a0ff7e2c36efa51c5d262eea092000ec1ce420118e6261440956730308c2?s=96&d=mm&r=g\",\"contentUrl\":\"https:\/\/secure.gravatar.com\/avatar\/1682a0ff7e2c36efa51c5d262eea092000ec1ce420118e6261440956730308c2?s=96&d=mm&r=g\",\"caption\":\"La Redaction\"},\"url\":\"https:\/\/lepoint-actu.tg\/index.php\/author\/raymondsama\/\"}]}<\/script>\n<!-- \/ Yoast SEO plugin. -->","yoast_head_json":{"title":"L\u2019examen du budget 2023 du parlement de la CEDEAO au c\u0153ur de sa 2\u00e8 session extraordinaire ce lundi \u00e0 Lom\u00e9 -","robots":{"index":"index","follow":"follow","max-snippet":"max-snippet:-1","max-image-preview":"max-image-preview:large","max-video-preview":"max-video-preview:-1"},"canonical":"https:\/\/lepoint-actu.tg\/index.php\/2022\/10\/04\/lexamen-du-budget-2023-du-parlement-de-la-cedeao-au-coeur-de-sa-2e-session-extraordinaire-ce-lundi-a-lome\/","og_locale":"fr_FR","og_type":"article","og_title":"L\u2019examen du budget 2023 du parlement de la CEDEAO au c\u0153ur de sa 2\u00e8 session extraordinaire ce lundi \u00e0 Lom\u00e9 -","og_description":"Examiner et \u00e0 adopter l\u2019avant-projet du budget 2023 du parlement de la Communaut\u00e9 \u00e9conomique des Etats de l\u2019Afrique de l\u2019Ouest","og_url":"https:\/\/lepoint-actu.tg\/index.php\/2022\/10\/04\/lexamen-du-budget-2023-du-parlement-de-la-cedeao-au-coeur-de-sa-2e-session-extraordinaire-ce-lundi-a-lome\/","article_published_time":"2022-10-04T01:56:13+00:00","article_modified_time":"2022-10-04T01:56:15+00:00","og_image":[{"width":2560,"height":1920,"url":"https:\/\/lepoint-actu.tg\/wp-content\/uploads\/2022\/10\/img_20221003_104136_444-scaled.jpg","type":"image\/jpeg"}],"author":"La Redaction","twitter_card":"summary_large_image","twitter_misc":{"\u00c9crit par":"La Redaction","Dur\u00e9e de lecture estim\u00e9e":"4 minutes"},"schema":{"@context":"https:\/\/schema.org","@graph":[{"@type":"WebPage","@id":"https:\/\/lepoint-actu.tg\/index.php\/2022\/10\/04\/lexamen-du-budget-2023-du-parlement-de-la-cedeao-au-coeur-de-sa-2e-session-extraordinaire-ce-lundi-a-lome\/","url":"https:\/\/lepoint-actu.tg\/index.php\/2022\/10\/04\/lexamen-du-budget-2023-du-parlement-de-la-cedeao-au-coeur-de-sa-2e-session-extraordinaire-ce-lundi-a-lome\/","name":"L\u2019examen du budget 2023 du parlement de la CEDEAO au c\u0153ur de sa 2\u00e8 session extraordinaire ce lundi \u00e0 Lom\u00e9 -","isPartOf":{"@id":"https:\/\/lepoint-actu.tg\/#website"},"primaryImageOfPage":{"@id":"https:\/\/lepoint-actu.tg\/index.php\/2022\/10\/04\/lexamen-du-budget-2023-du-parlement-de-la-cedeao-au-coeur-de-sa-2e-session-extraordinaire-ce-lundi-a-lome\/#primaryimage"},"image":{"@id":"https:\/\/lepoint-actu.tg\/index.php\/2022\/10\/04\/lexamen-du-budget-2023-du-parlement-de-la-cedeao-au-coeur-de-sa-2e-session-extraordinaire-ce-lundi-a-lome\/#primaryimage"},"thumbnailUrl":"https:\/\/lepoint-actu.tg\/wp-content\/uploads\/2022\/10\/img_20221003_104136_444-scaled.jpg","datePublished":"2022-10-04T01:56:13+00:00","dateModified":"2022-10-04T01:56:15+00:00","author":{"@id":"https:\/\/lepoint-actu.tg\/#\/schema\/person\/e4026d66cbdc205cab83e169ab7eaca1"},"breadcrumb":{"@id":"https:\/\/lepoint-actu.tg\/index.php\/2022\/10\/04\/lexamen-du-budget-2023-du-parlement-de-la-cedeao-au-coeur-de-sa-2e-session-extraordinaire-ce-lundi-a-lome\/#breadcrumb"},"inLanguage":"fr-FR","potentialAction":[{"@type":"ReadAction","target":["https:\/\/lepoint-actu.tg\/index.php\/2022\/10\/04\/lexamen-du-budget-2023-du-parlement-de-la-cedeao-au-coeur-de-sa-2e-session-extraordinaire-ce-lundi-a-lome\/"]}]},{"@type":"ImageObject","inLanguage":"fr-FR","@id":"https:\/\/lepoint-actu.tg\/index.php\/2022\/10\/04\/lexamen-du-budget-2023-du-parlement-de-la-cedeao-au-coeur-de-sa-2e-session-extraordinaire-ce-lundi-a-lome\/#primaryimage","url":"https:\/\/lepoint-actu.tg\/wp-content\/uploads\/2022\/10\/img_20221003_104136_444-scaled.jpg","contentUrl":"https:\/\/lepoint-actu.tg\/wp-content\/uploads\/2022\/10\/img_20221003_104136_444-scaled.jpg","width":2560,"height":1920},{"@type":"BreadcrumbList","@id":"https:\/\/lepoint-actu.tg\/index.php\/2022\/10\/04\/lexamen-du-budget-2023-du-parlement-de-la-cedeao-au-coeur-de-sa-2e-session-extraordinaire-ce-lundi-a-lome\/#breadcrumb","itemListElement":[{"@type":"ListItem","position":1,"name":"Accueil","item":"https:\/\/lepoint-actu.tg\/"},{"@type":"ListItem","position":2,"name":"L\u2019examen du budget 2023 du parlement de la CEDEAO au c\u0153ur de sa 2\u00e8 session extraordinaire ce lundi \u00e0 Lom\u00e9"}]},{"@type":"WebSite","@id":"https:\/\/lepoint-actu.tg\/#website","url":"https:\/\/lepoint-actu.tg\/","name":"","description":"R\u00e9c\u00e9piss\u00e9 N\u00b00022\/HAAC\/12-2020\/pL\/P, lepointactu07@gmail.com","potentialAction":[{"@type":"SearchAction","target":{"@type":"EntryPoint","urlTemplate":"https:\/\/lepoint-actu.tg\/?s={search_term_string}"},"query-input":{"@type":"PropertyValueSpecification","valueRequired":true,"valueName":"search_term_string"}}],"inLanguage":"fr-FR"},{"@type":"Person","@id":"https:\/\/lepoint-actu.tg\/#\/schema\/person\/e4026d66cbdc205cab83e169ab7eaca1","name":"La Redaction","image":{"@type":"ImageObject","inLanguage":"fr-FR","@id":"https:\/\/lepoint-actu.tg\/#\/schema\/person\/image\/","url":"https:\/\/secure.gravatar.com\/avatar\/1682a0ff7e2c36efa51c5d262eea092000ec1ce420118e6261440956730308c2?s=96&d=mm&r=g","contentUrl":"https:\/\/secure.gravatar.com\/avatar\/1682a0ff7e2c36efa51c5d262eea092000ec1ce420118e6261440956730308c2?s=96&d=mm&r=g","caption":"La Redaction"},"url":"https:\/\/lepoint-actu.tg\/index.php\/author\/raymondsama\/"}]}},"_links":{"self":[{"href":"https:\/\/lepoint-actu.tg\/index.php\/wp-json\/wp\/v2\/posts\/616","targetHints":{"allow":["GET"]}}],"collection":[{"href":"https:\/\/lepoint-actu.tg\/index.php\/wp-json\/wp\/v2\/posts"}],"about":[{"href":"https:\/\/lepoint-actu.tg\/index.php\/wp-json\/wp\/v2\/types\/post"}],"author":[{"embeddable":true,"href":"https:\/\/lepoint-actu.tg\/index.php\/wp-json\/wp\/v2\/users\/2"}],"replies":[{"embeddable":true,"href":"https:\/\/lepoint-actu.tg\/index.php\/wp-json\/wp\/v2\/comments?post=616"}],"version-history":[{"count":1,"href":"https:\/\/lepoint-actu.tg\/index.php\/wp-json\/wp\/v2\/posts\/616\/revisions"}],"predecessor-version":[{"id":618,"href":"https:\/\/lepoint-actu.tg\/index.php\/wp-json\/wp\/v2\/posts\/616\/revisions\/618"}],"wp:featuredmedia":[{"embeddable":true,"href":"https:\/\/lepoint-actu.tg\/index.php\/wp-json\/wp\/v2\/media\/617"}],"wp:attachment":[{"href":"https:\/\/lepoint-actu.tg\/index.php\/wp-json\/wp\/v2\/media?parent=616"}],"wp:term":[{"taxonomy":"category","embeddable":true,"href":"https:\/\/lepoint-actu.tg\/index.php\/wp-json\/wp\/v2\/categories?post=616"},{"taxonomy":"post_tag","embeddable":true,"href":"https:\/\/lepoint-actu.tg\/index.php\/wp-json\/wp\/v2\/tags?post=616"}],"curies":[{"name":"wp","href":"https:\/\/api.w.org\/{rel}","templated":true}]}}