{"id":636,"date":"2022-10-05T17:21:51","date_gmt":"2022-10-05T17:21:51","guid":{"rendered":"https:\/\/lepoint-actu.tg\/?p=636"},"modified":"2022-10-05T17:21:53","modified_gmt":"2022-10-05T17:21:53","slug":"plusieurs-sujets-a-lordre-du-jour-au-congres-africain-des-juristes-daffaires-ouvert-a-lome","status":"publish","type":"post","link":"https:\/\/lepoint-actu.tg\/index.php\/2022\/10\/05\/plusieurs-sujets-a-lordre-du-jour-au-congres-africain-des-juristes-daffaires-ouvert-a-lome\/","title":{"rendered":"Plusieurs sujets \u00e0 l&rsquo;ordre du jour au Congr\u00e8s Africain des Juristes d\u2019Affaires ouvert \u00e0 Lom\u00e9"},"content":{"rendered":"\n<p><\/p>\n\n\n\n<p>Le Congr\u00e8s Africain des Juristes d&rsquo;Affaires (COJA 2022), tient sa 14\u00e8me \u00e9dition \u00e0 Lom\u00e9 (TOGO), du 5 au 7 octobre. Ax\u00e9s sur le th\u00e8me central des \u00ab Enjeux juridiques et professionnels de la digitalisation de l&rsquo;\u00e9conomie et des activit\u00e9s administratives en Afrique \u00bb, les travaux de cette grandes ont \u00e9t\u00e9 ouverts ce matin.<\/p>\n\n\n\n<p>Selon les informations, ce congr\u00e8s est l&rsquo;occasion in\u00e9dite de croiser des regards d&rsquo;experts et de participants sur une litanie de sujets. Ces sujets sont, entre autres : les contrats de commerce \u00e9lectronique et la question de la signature \u00e9lectronique ; la tenue virtuelle des r\u00e9unions formelles, le t\u00e9l\u00e9travail et la d\u00e9mat\u00e9rialisation des Valeurs Mobili\u00e8res ; la digitalisation et la num\u00e9risation des documents et des proc\u00e9dures administratifs ; l&rsquo;\u00e9mergence de la finance virtuelle (Mobile Banking, cryptomonnaie, cryptoactifs, etc.) ;<br>la protection des Donn\u00e9es personnelles et la lutte contre l&rsquo;ins\u00e9curit\u00e9 informatique ; le management des cabinets juridiques et des d\u00e9partements juridiques \u00e0 l&rsquo;heure de la digitalisation.<\/p>\n\n\n\n<p>Dans ses propos introductifs , le pr\u00e9sident du Centre Africain pour le Droit et le developpement ( CADEV) ,Dr Sadjo Ousmanou fait savoir qu&rsquo;une telle rencontre est l&rsquo;occasion pour les diff\u00e9rents experts d&rsquo;\u00e9changer sur diverses th\u00e9matiques du d\u00e9veloppement.<br>Une position enti\u00e8rement partag\u00e9e par Me Mamadou Konat\u00e9, pr\u00e9sident d&rsquo;honneur de COJA , qui \u00e0 l&rsquo;ouverture du congr\u00e8s invite les panelistes aux d\u00e9bats constructifs .<\/p>\n\n\n\n<p>Selon les informations, ce congr\u00e8s r\u00e9unit 80 participants venus de diff\u00e9rents pays.<\/p>\n\n\n\n<p>Le COJA est organis\u00e9 par le Centre Africain pour le Droit et le D\u00e9veloppement, bas\u00e9 au Cameroun \u00e0 Yaound\u00e9, qui a \u00e0 sa t\u00eate le Dr Sadjo Ousmanou.<\/p>\n\n\n\n<p><strong>Le COJA, une manifestation qui fait date et qui mobilise<\/strong> <\/p>\n\n\n\n<figure class=\"wp-block-image size-large is-resized\"><img loading=\"lazy\" decoding=\"async\" src=\"https:\/\/lepoint-actu.tg\/wp-content\/uploads\/2022\/10\/IMG_20221005_111647_961-768x1024.jpg\" alt=\"\" class=\"wp-image-638\" width=\"429\" height=\"572\" srcset=\"https:\/\/lepoint-actu.tg\/wp-content\/uploads\/2022\/10\/IMG_20221005_111647_961-768x1024.jpg 768w, https:\/\/lepoint-actu.tg\/wp-content\/uploads\/2022\/10\/IMG_20221005_111647_961-225x300.jpg 225w, https:\/\/lepoint-actu.tg\/wp-content\/uploads\/2022\/10\/IMG_20221005_111647_961-1152x1536.jpg 1152w, https:\/\/lepoint-actu.tg\/wp-content\/uploads\/2022\/10\/IMG_20221005_111647_961-1536x2048.jpg 1536w, https:\/\/lepoint-actu.tg\/wp-content\/uploads\/2022\/10\/IMG_20221005_111647_961-scaled.jpg 1920w\" sizes=\"auto, (max-width: 429px) 100vw, 429px\" \/><figcaption><em>\u00c0 l&rsquo;entr\u00e9e de la salle du congr\u00e8s \u00e0 l&rsquo;h\u00f4tel 2 F\u00e9vrier \u00e0 Lom\u00e9<\/em><\/figcaption><\/figure>\n\n\n\n<p><div><div><div><div><div><b><br><\/b>Le COJA a \u00e9t\u00e9 fond\u00e9 en 2008. Il a b\u00e9n\u00e9fici\u00e9 \u00e0 ses premi\u00e8res heures du pr\u00e9cieux appui de l\u2019Organisation Internationale de la Francophonie et, toujours, de la contribution technique de nombreux experts africains et europ\u00e9ens, soucieux d\u2019apporter du leur \u00e0 une manifestation devenue, au fil du temps, le plus grand rendez-vous annuel des juristes de l\u2019espace OHADA. Pour honorer ces fid\u00e8les accompagnants, le CADEV a mis un point d\u2019honneur \u00e0 organiser une \u00e9dition du COJA chaque ann\u00e9e depuis 2008, sans discontinuer.<\/div><\/div><\/div><\/div><\/div><\/p>\n\n\n\n<p><strong><em>Raymond SAMA <\/em><\/strong><\/p>\n","protected":false},"excerpt":{"rendered":"<p>Le Congr\u00e8s Africain des Juristes d&rsquo;Affaires (COJA 2022), tient sa 14\u00e8me \u00e9dition \u00e0 Lom\u00e9 (TOGO), du 5 au 7 octobre.<\/p>\n","protected":false},"author":2,"featured_media":637,"comment_status":"open","ping_status":"closed","sticky":false,"template":"","format":"standard","meta":{"footnotes":""},"categories":[4],"tags":[],"class_list":["post-636","post","type-post","status-publish","format-standard","has-post-thumbnail","hentry","category-economie"],"yoast_head":"<!-- This site is optimized with the Yoast SEO plugin v23.9 - https:\/\/yoast.com\/wordpress\/plugins\/seo\/ -->\n<title>Plusieurs sujets \u00e0 l&#039;ordre du jour au Congr\u00e8s Africain des Juristes d\u2019Affaires ouvert \u00e0 Lom\u00e9 -<\/title>\n<meta name=\"robots\" content=\"index, follow, max-snippet:-1, max-image-preview:large, max-video-preview:-1\" \/>\n<link rel=\"canonical\" href=\"https:\/\/lepoint-actu.tg\/index.php\/2022\/10\/05\/plusieurs-sujets-a-lordre-du-jour-au-congres-africain-des-juristes-daffaires-ouvert-a-lome\/\" \/>\n<meta property=\"og:locale\" content=\"fr_FR\" \/>\n<meta property=\"og:type\" content=\"article\" \/>\n<meta property=\"og:title\" content=\"Plusieurs sujets \u00e0 l&#039;ordre du jour au Congr\u00e8s Africain des Juristes d\u2019Affaires ouvert \u00e0 Lom\u00e9 -\" \/>\n<meta property=\"og:description\" content=\"Le Congr\u00e8s Africain des Juristes d&rsquo;Affaires (COJA 2022), tient sa 14\u00e8me \u00e9dition \u00e0 Lom\u00e9 (TOGO), du 5 au 7 octobre.\" \/>\n<meta property=\"og:url\" content=\"https:\/\/lepoint-actu.tg\/index.php\/2022\/10\/05\/plusieurs-sujets-a-lordre-du-jour-au-congres-africain-des-juristes-daffaires-ouvert-a-lome\/\" \/>\n<meta property=\"article:published_time\" content=\"2022-10-05T17:21:51+00:00\" \/>\n<meta property=\"article:modified_time\" content=\"2022-10-05T17:21:53+00:00\" \/>\n<meta property=\"og:image\" content=\"https:\/\/lepoint-actu.tg\/wp-content\/uploads\/2022\/10\/IMG-20221005-WA0091.jpg\" \/>\n\t<meta property=\"og:image:width\" content=\"1280\" \/>\n\t<meta property=\"og:image:height\" content=\"960\" \/>\n\t<meta property=\"og:image:type\" content=\"image\/jpeg\" \/>\n<meta name=\"author\" content=\"La Redaction\" \/>\n<meta name=\"twitter:card\" content=\"summary_large_image\" \/>\n<meta name=\"twitter:label1\" content=\"\u00c9crit par\" \/>\n\t<meta name=\"twitter:data1\" content=\"La Redaction\" \/>\n\t<meta name=\"twitter:label2\" content=\"Dur\u00e9e de lecture estim\u00e9e\" \/>\n\t<meta name=\"twitter:data2\" content=\"3 minutes\" \/>\n<script type=\"application\/ld+json\" class=\"yoast-schema-graph\">{\"@context\":\"https:\/\/schema.org\",\"@graph\":[{\"@type\":\"WebPage\",\"@id\":\"https:\/\/lepoint-actu.tg\/index.php\/2022\/10\/05\/plusieurs-sujets-a-lordre-du-jour-au-congres-africain-des-juristes-daffaires-ouvert-a-lome\/\",\"url\":\"https:\/\/lepoint-actu.tg\/index.php\/2022\/10\/05\/plusieurs-sujets-a-lordre-du-jour-au-congres-africain-des-juristes-daffaires-ouvert-a-lome\/\",\"name\":\"Plusieurs sujets \u00e0 l'ordre du jour au Congr\u00e8s Africain des Juristes d\u2019Affaires ouvert \u00e0 Lom\u00e9 -\",\"isPartOf\":{\"@id\":\"https:\/\/lepoint-actu.tg\/#website\"},\"primaryImageOfPage\":{\"@id\":\"https:\/\/lepoint-actu.tg\/index.php\/2022\/10\/05\/plusieurs-sujets-a-lordre-du-jour-au-congres-africain-des-juristes-daffaires-ouvert-a-lome\/#primaryimage\"},\"image\":{\"@id\":\"https:\/\/lepoint-actu.tg\/index.php\/2022\/10\/05\/plusieurs-sujets-a-lordre-du-jour-au-congres-africain-des-juristes-daffaires-ouvert-a-lome\/#primaryimage\"},\"thumbnailUrl\":\"https:\/\/lepoint-actu.tg\/wp-content\/uploads\/2022\/10\/IMG-20221005-WA0091.jpg\",\"datePublished\":\"2022-10-05T17:21:51+00:00\",\"dateModified\":\"2022-10-05T17:21:53+00:00\",\"author\":{\"@id\":\"https:\/\/lepoint-actu.tg\/#\/schema\/person\/e4026d66cbdc205cab83e169ab7eaca1\"},\"breadcrumb\":{\"@id\":\"https:\/\/lepoint-actu.tg\/index.php\/2022\/10\/05\/plusieurs-sujets-a-lordre-du-jour-au-congres-africain-des-juristes-daffaires-ouvert-a-lome\/#breadcrumb\"},\"inLanguage\":\"fr-FR\",\"potentialAction\":[{\"@type\":\"ReadAction\",\"target\":[\"https:\/\/lepoint-actu.tg\/index.php\/2022\/10\/05\/plusieurs-sujets-a-lordre-du-jour-au-congres-africain-des-juristes-daffaires-ouvert-a-lome\/\"]}]},{\"@type\":\"ImageObject\",\"inLanguage\":\"fr-FR\",\"@id\":\"https:\/\/lepoint-actu.tg\/index.php\/2022\/10\/05\/plusieurs-sujets-a-lordre-du-jour-au-congres-africain-des-juristes-daffaires-ouvert-a-lome\/#primaryimage\",\"url\":\"https:\/\/lepoint-actu.tg\/wp-content\/uploads\/2022\/10\/IMG-20221005-WA0091.jpg\",\"contentUrl\":\"https:\/\/lepoint-actu.tg\/wp-content\/uploads\/2022\/10\/IMG-20221005-WA0091.jpg\",\"width\":1280,\"height\":960},{\"@type\":\"BreadcrumbList\",\"@id\":\"https:\/\/lepoint-actu.tg\/index.php\/2022\/10\/05\/plusieurs-sujets-a-lordre-du-jour-au-congres-africain-des-juristes-daffaires-ouvert-a-lome\/#breadcrumb\",\"itemListElement\":[{\"@type\":\"ListItem\",\"position\":1,\"name\":\"Accueil\",\"item\":\"https:\/\/lepoint-actu.tg\/\"},{\"@type\":\"ListItem\",\"position\":2,\"name\":\"Plusieurs sujets \u00e0 l&rsquo;ordre du jour au Congr\u00e8s Africain des Juristes d\u2019Affaires ouvert \u00e0 Lom\u00e9\"}]},{\"@type\":\"WebSite\",\"@id\":\"https:\/\/lepoint-actu.tg\/#website\",\"url\":\"https:\/\/lepoint-actu.tg\/\",\"name\":\"\",\"description\":\"R\u00e9c\u00e9piss\u00e9 N\u00b00022\/HAAC\/12-2020\/pL\/P, lepointactu07@gmail.com\",\"potentialAction\":[{\"@type\":\"SearchAction\",\"target\":{\"@type\":\"EntryPoint\",\"urlTemplate\":\"https:\/\/lepoint-actu.tg\/?s={search_term_string}\"},\"query-input\":{\"@type\":\"PropertyValueSpecification\",\"valueRequired\":true,\"valueName\":\"search_term_string\"}}],\"inLanguage\":\"fr-FR\"},{\"@type\":\"Person\",\"@id\":\"https:\/\/lepoint-actu.tg\/#\/schema\/person\/e4026d66cbdc205cab83e169ab7eaca1\",\"name\":\"La Redaction\",\"image\":{\"@type\":\"ImageObject\",\"inLanguage\":\"fr-FR\",\"@id\":\"https:\/\/lepoint-actu.tg\/#\/schema\/person\/image\/\",\"url\":\"https:\/\/secure.gravatar.com\/avatar\/1682a0ff7e2c36efa51c5d262eea092000ec1ce420118e6261440956730308c2?s=96&d=mm&r=g\",\"contentUrl\":\"https:\/\/secure.gravatar.com\/avatar\/1682a0ff7e2c36efa51c5d262eea092000ec1ce420118e6261440956730308c2?s=96&d=mm&r=g\",\"caption\":\"La Redaction\"},\"url\":\"https:\/\/lepoint-actu.tg\/index.php\/author\/raymondsama\/\"}]}<\/script>\n<!-- \/ Yoast SEO plugin. -->","yoast_head_json":{"title":"Plusieurs sujets \u00e0 l'ordre du jour au Congr\u00e8s Africain des Juristes d\u2019Affaires ouvert \u00e0 Lom\u00e9 -","robots":{"index":"index","follow":"follow","max-snippet":"max-snippet:-1","max-image-preview":"max-image-preview:large","max-video-preview":"max-video-preview:-1"},"canonical":"https:\/\/lepoint-actu.tg\/index.php\/2022\/10\/05\/plusieurs-sujets-a-lordre-du-jour-au-congres-africain-des-juristes-daffaires-ouvert-a-lome\/","og_locale":"fr_FR","og_type":"article","og_title":"Plusieurs sujets \u00e0 l'ordre du jour au Congr\u00e8s Africain des Juristes d\u2019Affaires ouvert \u00e0 Lom\u00e9 -","og_description":"Le Congr\u00e8s Africain des Juristes d&rsquo;Affaires (COJA 2022), tient sa 14\u00e8me \u00e9dition \u00e0 Lom\u00e9 (TOGO), du 5 au 7 octobre.","og_url":"https:\/\/lepoint-actu.tg\/index.php\/2022\/10\/05\/plusieurs-sujets-a-lordre-du-jour-au-congres-africain-des-juristes-daffaires-ouvert-a-lome\/","article_published_time":"2022-10-05T17:21:51+00:00","article_modified_time":"2022-10-05T17:21:53+00:00","og_image":[{"width":1280,"height":960,"url":"https:\/\/lepoint-actu.tg\/wp-content\/uploads\/2022\/10\/IMG-20221005-WA0091.jpg","type":"image\/jpeg"}],"author":"La Redaction","twitter_card":"summary_large_image","twitter_misc":{"\u00c9crit par":"La Redaction","Dur\u00e9e de lecture estim\u00e9e":"3 minutes"},"schema":{"@context":"https:\/\/schema.org","@graph":[{"@type":"WebPage","@id":"https:\/\/lepoint-actu.tg\/index.php\/2022\/10\/05\/plusieurs-sujets-a-lordre-du-jour-au-congres-africain-des-juristes-daffaires-ouvert-a-lome\/","url":"https:\/\/lepoint-actu.tg\/index.php\/2022\/10\/05\/plusieurs-sujets-a-lordre-du-jour-au-congres-africain-des-juristes-daffaires-ouvert-a-lome\/","name":"Plusieurs sujets \u00e0 l'ordre du jour au Congr\u00e8s Africain des Juristes d\u2019Affaires ouvert \u00e0 Lom\u00e9 -","isPartOf":{"@id":"https:\/\/lepoint-actu.tg\/#website"},"primaryImageOfPage":{"@id":"https:\/\/lepoint-actu.tg\/index.php\/2022\/10\/05\/plusieurs-sujets-a-lordre-du-jour-au-congres-africain-des-juristes-daffaires-ouvert-a-lome\/#primaryimage"},"image":{"@id":"https:\/\/lepoint-actu.tg\/index.php\/2022\/10\/05\/plusieurs-sujets-a-lordre-du-jour-au-congres-africain-des-juristes-daffaires-ouvert-a-lome\/#primaryimage"},"thumbnailUrl":"https:\/\/lepoint-actu.tg\/wp-content\/uploads\/2022\/10\/IMG-20221005-WA0091.jpg","datePublished":"2022-10-05T17:21:51+00:00","dateModified":"2022-10-05T17:21:53+00:00","author":{"@id":"https:\/\/lepoint-actu.tg\/#\/schema\/person\/e4026d66cbdc205cab83e169ab7eaca1"},"breadcrumb":{"@id":"https:\/\/lepoint-actu.tg\/index.php\/2022\/10\/05\/plusieurs-sujets-a-lordre-du-jour-au-congres-africain-des-juristes-daffaires-ouvert-a-lome\/#breadcrumb"},"inLanguage":"fr-FR","potentialAction":[{"@type":"ReadAction","target":["https:\/\/lepoint-actu.tg\/index.php\/2022\/10\/05\/plusieurs-sujets-a-lordre-du-jour-au-congres-africain-des-juristes-daffaires-ouvert-a-lome\/"]}]},{"@type":"ImageObject","inLanguage":"fr-FR","@id":"https:\/\/lepoint-actu.tg\/index.php\/2022\/10\/05\/plusieurs-sujets-a-lordre-du-jour-au-congres-africain-des-juristes-daffaires-ouvert-a-lome\/#primaryimage","url":"https:\/\/lepoint-actu.tg\/wp-content\/uploads\/2022\/10\/IMG-20221005-WA0091.jpg","contentUrl":"https:\/\/lepoint-actu.tg\/wp-content\/uploads\/2022\/10\/IMG-20221005-WA0091.jpg","width":1280,"height":960},{"@type":"BreadcrumbList","@id":"https:\/\/lepoint-actu.tg\/index.php\/2022\/10\/05\/plusieurs-sujets-a-lordre-du-jour-au-congres-africain-des-juristes-daffaires-ouvert-a-lome\/#breadcrumb","itemListElement":[{"@type":"ListItem","position":1,"name":"Accueil","item":"https:\/\/lepoint-actu.tg\/"},{"@type":"ListItem","position":2,"name":"Plusieurs sujets \u00e0 l&rsquo;ordre du jour au Congr\u00e8s Africain des Juristes d\u2019Affaires ouvert \u00e0 Lom\u00e9"}]},{"@type":"WebSite","@id":"https:\/\/lepoint-actu.tg\/#website","url":"https:\/\/lepoint-actu.tg\/","name":"","description":"R\u00e9c\u00e9piss\u00e9 N\u00b00022\/HAAC\/12-2020\/pL\/P, lepointactu07@gmail.com","potentialAction":[{"@type":"SearchAction","target":{"@type":"EntryPoint","urlTemplate":"https:\/\/lepoint-actu.tg\/?s={search_term_string}"},"query-input":{"@type":"PropertyValueSpecification","valueRequired":true,"valueName":"search_term_string"}}],"inLanguage":"fr-FR"},{"@type":"Person","@id":"https:\/\/lepoint-actu.tg\/#\/schema\/person\/e4026d66cbdc205cab83e169ab7eaca1","name":"La Redaction","image":{"@type":"ImageObject","inLanguage":"fr-FR","@id":"https:\/\/lepoint-actu.tg\/#\/schema\/person\/image\/","url":"https:\/\/secure.gravatar.com\/avatar\/1682a0ff7e2c36efa51c5d262eea092000ec1ce420118e6261440956730308c2?s=96&d=mm&r=g","contentUrl":"https:\/\/secure.gravatar.com\/avatar\/1682a0ff7e2c36efa51c5d262eea092000ec1ce420118e6261440956730308c2?s=96&d=mm&r=g","caption":"La Redaction"},"url":"https:\/\/lepoint-actu.tg\/index.php\/author\/raymondsama\/"}]}},"_links":{"self":[{"href":"https:\/\/lepoint-actu.tg\/index.php\/wp-json\/wp\/v2\/posts\/636","targetHints":{"allow":["GET"]}}],"collection":[{"href":"https:\/\/lepoint-actu.tg\/index.php\/wp-json\/wp\/v2\/posts"}],"about":[{"href":"https:\/\/lepoint-actu.tg\/index.php\/wp-json\/wp\/v2\/types\/post"}],"author":[{"embeddable":true,"href":"https:\/\/lepoint-actu.tg\/index.php\/wp-json\/wp\/v2\/users\/2"}],"replies":[{"embeddable":true,"href":"https:\/\/lepoint-actu.tg\/index.php\/wp-json\/wp\/v2\/comments?post=636"}],"version-history":[{"count":1,"href":"https:\/\/lepoint-actu.tg\/index.php\/wp-json\/wp\/v2\/posts\/636\/revisions"}],"predecessor-version":[{"id":639,"href":"https:\/\/lepoint-actu.tg\/index.php\/wp-json\/wp\/v2\/posts\/636\/revisions\/639"}],"wp:featuredmedia":[{"embeddable":true,"href":"https:\/\/lepoint-actu.tg\/index.php\/wp-json\/wp\/v2\/media\/637"}],"wp:attachment":[{"href":"https:\/\/lepoint-actu.tg\/index.php\/wp-json\/wp\/v2\/media?parent=636"}],"wp:term":[{"taxonomy":"category","embeddable":true,"href":"https:\/\/lepoint-actu.tg\/index.php\/wp-json\/wp\/v2\/categories?post=636"},{"taxonomy":"post_tag","embeddable":true,"href":"https:\/\/lepoint-actu.tg\/index.php\/wp-json\/wp\/v2\/tags?post=636"}],"curies":[{"name":"wp","href":"https:\/\/api.w.org\/{rel}","templated":true}]}}