{"id":71,"date":"2022-05-13T11:07:30","date_gmt":"2022-05-13T11:07:30","guid":{"rendered":"https:\/\/lepoint-actu.tg\/?p=71"},"modified":"2022-05-13T11:07:31","modified_gmt":"2022-05-13T11:07:31","slug":"togo-kpendjal-une-attaque-terroriste-condamnee-par-tous","status":"publish","type":"post","link":"https:\/\/lepoint-actu.tg\/index.php\/2022\/05\/13\/togo-kpendjal-une-attaque-terroriste-condamnee-par-tous\/","title":{"rendered":"Togo-Kpendjal\/Une attaque terroriste condamn\u00e9e par tous."},"content":{"rendered":"\n<p><\/p>\n\n\n\n<p>Dans la nuit du 10 au 11 Mai 2022, des \u00e9l\u00e9ments terroristes (estim\u00e9s \u00e0 60 PAX \u00e0 motos) ont conduit une attaque complexe sur le poste operationnel avanc\u00e9 de Kpinkankandi, dans le canton de Kondjouar\u00e9. Au cours de l&rsquo;attaque les renforts qui faisaient mouvement sur la zone des combats auraient saut\u00e9 sur un IED. Le bilan provisoire serait de 08 soldats tomb\u00e9s, 14 bless\u00e9s, 01 v\u00e9hicule blind\u00e9 type Mamba endommag\u00e9, 01 jeep br\u00fbl\u00e9e et 01 arme d&rsquo;appui 12.7 emport\u00e9e.<\/p>\n\n\n\n<p>Ceci est condamn\u00e9 par tous les bords politiques .<\/p>\n","protected":false},"excerpt":{"rendered":"<p>Dans la nuit du 10 au 11 Mai 2022, des \u00e9l\u00e9ments terroristes (estim\u00e9s \u00e0 60 PAX \u00e0 motos) ont conduit<\/p>\n","protected":false},"author":3,"featured_media":72,"comment_status":"open","ping_status":"closed","sticky":false,"template":"","format":"standard","meta":{"footnotes":""},"categories":[1],"tags":[],"class_list":["post-71","post","type-post","status-publish","format-standard","has-post-thumbnail","hentry","category-societe"],"yoast_head":"<!-- This site is optimized with the Yoast SEO plugin v23.9 - https:\/\/yoast.com\/wordpress\/plugins\/seo\/ -->\n<title>Togo-Kpendjal\/Une attaque terroriste condamn\u00e9e par tous. -<\/title>\n<meta name=\"robots\" content=\"index, follow, max-snippet:-1, max-image-preview:large, max-video-preview:-1\" \/>\n<link rel=\"canonical\" href=\"https:\/\/lepoint-actu.tg\/index.php\/2022\/05\/13\/togo-kpendjal-une-attaque-terroriste-condamnee-par-tous\/\" \/>\n<meta property=\"og:locale\" content=\"fr_FR\" \/>\n<meta property=\"og:type\" content=\"article\" \/>\n<meta property=\"og:title\" content=\"Togo-Kpendjal\/Une attaque terroriste condamn\u00e9e par tous. -\" \/>\n<meta property=\"og:description\" content=\"Dans la nuit du 10 au 11 Mai 2022, des \u00e9l\u00e9ments terroristes (estim\u00e9s \u00e0 60 PAX \u00e0 motos) ont conduit\" \/>\n<meta property=\"og:url\" content=\"https:\/\/lepoint-actu.tg\/index.php\/2022\/05\/13\/togo-kpendjal-une-attaque-terroriste-condamnee-par-tous\/\" \/>\n<meta property=\"article:published_time\" content=\"2022-05-13T11:07:30+00:00\" \/>\n<meta property=\"article:modified_time\" content=\"2022-05-13T11:07:31+00:00\" \/>\n<meta property=\"og:image\" content=\"https:\/\/lepoint-actu.tg\/wp-content\/uploads\/2022\/05\/IMG-20220513-WA0059.jpg\" \/>\n\t<meta property=\"og:image:width\" content=\"696\" \/>\n\t<meta property=\"og:image:height\" content=\"496\" \/>\n\t<meta property=\"og:image:type\" content=\"image\/jpeg\" \/>\n<meta name=\"author\" content=\"admin\" \/>\n<meta name=\"twitter:card\" content=\"summary_large_image\" \/>\n<meta name=\"twitter:label1\" content=\"\u00c9crit par\" \/>\n\t<meta name=\"twitter:data1\" content=\"admin\" \/>\n<script type=\"application\/ld+json\" class=\"yoast-schema-graph\">{\"@context\":\"https:\/\/schema.org\",\"@graph\":[{\"@type\":\"WebPage\",\"@id\":\"https:\/\/lepoint-actu.tg\/index.php\/2022\/05\/13\/togo-kpendjal-une-attaque-terroriste-condamnee-par-tous\/\",\"url\":\"https:\/\/lepoint-actu.tg\/index.php\/2022\/05\/13\/togo-kpendjal-une-attaque-terroriste-condamnee-par-tous\/\",\"name\":\"Togo-Kpendjal\/Une attaque terroriste condamn\u00e9e par tous. -\",\"isPartOf\":{\"@id\":\"https:\/\/lepoint-actu.tg\/#website\"},\"primaryImageOfPage\":{\"@id\":\"https:\/\/lepoint-actu.tg\/index.php\/2022\/05\/13\/togo-kpendjal-une-attaque-terroriste-condamnee-par-tous\/#primaryimage\"},\"image\":{\"@id\":\"https:\/\/lepoint-actu.tg\/index.php\/2022\/05\/13\/togo-kpendjal-une-attaque-terroriste-condamnee-par-tous\/#primaryimage\"},\"thumbnailUrl\":\"https:\/\/lepoint-actu.tg\/wp-content\/uploads\/2022\/05\/IMG-20220513-WA0059.jpg\",\"datePublished\":\"2022-05-13T11:07:30+00:00\",\"dateModified\":\"2022-05-13T11:07:31+00:00\",\"author\":{\"@id\":\"https:\/\/lepoint-actu.tg\/#\/schema\/person\/073466e38e968d16740b1123c2e94e27\"},\"breadcrumb\":{\"@id\":\"https:\/\/lepoint-actu.tg\/index.php\/2022\/05\/13\/togo-kpendjal-une-attaque-terroriste-condamnee-par-tous\/#breadcrumb\"},\"inLanguage\":\"fr-FR\",\"potentialAction\":[{\"@type\":\"ReadAction\",\"target\":[\"https:\/\/lepoint-actu.tg\/index.php\/2022\/05\/13\/togo-kpendjal-une-attaque-terroriste-condamnee-par-tous\/\"]}]},{\"@type\":\"ImageObject\",\"inLanguage\":\"fr-FR\",\"@id\":\"https:\/\/lepoint-actu.tg\/index.php\/2022\/05\/13\/togo-kpendjal-une-attaque-terroriste-condamnee-par-tous\/#primaryimage\",\"url\":\"https:\/\/lepoint-actu.tg\/wp-content\/uploads\/2022\/05\/IMG-20220513-WA0059.jpg\",\"contentUrl\":\"https:\/\/lepoint-actu.tg\/wp-content\/uploads\/2022\/05\/IMG-20220513-WA0059.jpg\",\"width\":696,\"height\":496},{\"@type\":\"BreadcrumbList\",\"@id\":\"https:\/\/lepoint-actu.tg\/index.php\/2022\/05\/13\/togo-kpendjal-une-attaque-terroriste-condamnee-par-tous\/#breadcrumb\",\"itemListElement\":[{\"@type\":\"ListItem\",\"position\":1,\"name\":\"Accueil\",\"item\":\"https:\/\/lepoint-actu.tg\/\"},{\"@type\":\"ListItem\",\"position\":2,\"name\":\"Togo-Kpendjal\/Une attaque terroriste condamn\u00e9e par tous.\"}]},{\"@type\":\"WebSite\",\"@id\":\"https:\/\/lepoint-actu.tg\/#website\",\"url\":\"https:\/\/lepoint-actu.tg\/\",\"name\":\"\",\"description\":\"R\u00e9c\u00e9piss\u00e9 N\u00b00022\/HAAC\/12-2020\/pL\/P, lepointactu07@gmail.com\",\"potentialAction\":[{\"@type\":\"SearchAction\",\"target\":{\"@type\":\"EntryPoint\",\"urlTemplate\":\"https:\/\/lepoint-actu.tg\/?s={search_term_string}\"},\"query-input\":{\"@type\":\"PropertyValueSpecification\",\"valueRequired\":true,\"valueName\":\"search_term_string\"}}],\"inLanguage\":\"fr-FR\"},{\"@type\":\"Person\",\"@id\":\"https:\/\/lepoint-actu.tg\/#\/schema\/person\/073466e38e968d16740b1123c2e94e27\",\"name\":\"admin\",\"image\":{\"@type\":\"ImageObject\",\"inLanguage\":\"fr-FR\",\"@id\":\"https:\/\/lepoint-actu.tg\/#\/schema\/person\/image\/\",\"url\":\"https:\/\/secure.gravatar.com\/avatar\/69a19153be71f68de967e736591a999291239d95d43cd6edce1594de62cc3422?s=96&d=mm&r=g\",\"contentUrl\":\"https:\/\/secure.gravatar.com\/avatar\/69a19153be71f68de967e736591a999291239d95d43cd6edce1594de62cc3422?s=96&d=mm&r=g\",\"caption\":\"admin\"},\"sameAs\":[\"https:\/\/lepoint-actu.tg\"],\"url\":\"https:\/\/lepoint-actu.tg\/index.php\/author\/admin\/\"}]}<\/script>\n<!-- \/ Yoast SEO plugin. -->","yoast_head_json":{"title":"Togo-Kpendjal\/Une attaque terroriste condamn\u00e9e par tous. -","robots":{"index":"index","follow":"follow","max-snippet":"max-snippet:-1","max-image-preview":"max-image-preview:large","max-video-preview":"max-video-preview:-1"},"canonical":"https:\/\/lepoint-actu.tg\/index.php\/2022\/05\/13\/togo-kpendjal-une-attaque-terroriste-condamnee-par-tous\/","og_locale":"fr_FR","og_type":"article","og_title":"Togo-Kpendjal\/Une attaque terroriste condamn\u00e9e par tous. -","og_description":"Dans la nuit du 10 au 11 Mai 2022, des \u00e9l\u00e9ments terroristes (estim\u00e9s \u00e0 60 PAX \u00e0 motos) ont conduit","og_url":"https:\/\/lepoint-actu.tg\/index.php\/2022\/05\/13\/togo-kpendjal-une-attaque-terroriste-condamnee-par-tous\/","article_published_time":"2022-05-13T11:07:30+00:00","article_modified_time":"2022-05-13T11:07:31+00:00","og_image":[{"width":696,"height":496,"url":"https:\/\/lepoint-actu.tg\/wp-content\/uploads\/2022\/05\/IMG-20220513-WA0059.jpg","type":"image\/jpeg"}],"author":"admin","twitter_card":"summary_large_image","twitter_misc":{"\u00c9crit par":"admin"},"schema":{"@context":"https:\/\/schema.org","@graph":[{"@type":"WebPage","@id":"https:\/\/lepoint-actu.tg\/index.php\/2022\/05\/13\/togo-kpendjal-une-attaque-terroriste-condamnee-par-tous\/","url":"https:\/\/lepoint-actu.tg\/index.php\/2022\/05\/13\/togo-kpendjal-une-attaque-terroriste-condamnee-par-tous\/","name":"Togo-Kpendjal\/Une attaque terroriste condamn\u00e9e par tous. -","isPartOf":{"@id":"https:\/\/lepoint-actu.tg\/#website"},"primaryImageOfPage":{"@id":"https:\/\/lepoint-actu.tg\/index.php\/2022\/05\/13\/togo-kpendjal-une-attaque-terroriste-condamnee-par-tous\/#primaryimage"},"image":{"@id":"https:\/\/lepoint-actu.tg\/index.php\/2022\/05\/13\/togo-kpendjal-une-attaque-terroriste-condamnee-par-tous\/#primaryimage"},"thumbnailUrl":"https:\/\/lepoint-actu.tg\/wp-content\/uploads\/2022\/05\/IMG-20220513-WA0059.jpg","datePublished":"2022-05-13T11:07:30+00:00","dateModified":"2022-05-13T11:07:31+00:00","author":{"@id":"https:\/\/lepoint-actu.tg\/#\/schema\/person\/073466e38e968d16740b1123c2e94e27"},"breadcrumb":{"@id":"https:\/\/lepoint-actu.tg\/index.php\/2022\/05\/13\/togo-kpendjal-une-attaque-terroriste-condamnee-par-tous\/#breadcrumb"},"inLanguage":"fr-FR","potentialAction":[{"@type":"ReadAction","target":["https:\/\/lepoint-actu.tg\/index.php\/2022\/05\/13\/togo-kpendjal-une-attaque-terroriste-condamnee-par-tous\/"]}]},{"@type":"ImageObject","inLanguage":"fr-FR","@id":"https:\/\/lepoint-actu.tg\/index.php\/2022\/05\/13\/togo-kpendjal-une-attaque-terroriste-condamnee-par-tous\/#primaryimage","url":"https:\/\/lepoint-actu.tg\/wp-content\/uploads\/2022\/05\/IMG-20220513-WA0059.jpg","contentUrl":"https:\/\/lepoint-actu.tg\/wp-content\/uploads\/2022\/05\/IMG-20220513-WA0059.jpg","width":696,"height":496},{"@type":"BreadcrumbList","@id":"https:\/\/lepoint-actu.tg\/index.php\/2022\/05\/13\/togo-kpendjal-une-attaque-terroriste-condamnee-par-tous\/#breadcrumb","itemListElement":[{"@type":"ListItem","position":1,"name":"Accueil","item":"https:\/\/lepoint-actu.tg\/"},{"@type":"ListItem","position":2,"name":"Togo-Kpendjal\/Une attaque terroriste condamn\u00e9e par tous."}]},{"@type":"WebSite","@id":"https:\/\/lepoint-actu.tg\/#website","url":"https:\/\/lepoint-actu.tg\/","name":"","description":"R\u00e9c\u00e9piss\u00e9 N\u00b00022\/HAAC\/12-2020\/pL\/P, lepointactu07@gmail.com","potentialAction":[{"@type":"SearchAction","target":{"@type":"EntryPoint","urlTemplate":"https:\/\/lepoint-actu.tg\/?s={search_term_string}"},"query-input":{"@type":"PropertyValueSpecification","valueRequired":true,"valueName":"search_term_string"}}],"inLanguage":"fr-FR"},{"@type":"Person","@id":"https:\/\/lepoint-actu.tg\/#\/schema\/person\/073466e38e968d16740b1123c2e94e27","name":"admin","image":{"@type":"ImageObject","inLanguage":"fr-FR","@id":"https:\/\/lepoint-actu.tg\/#\/schema\/person\/image\/","url":"https:\/\/secure.gravatar.com\/avatar\/69a19153be71f68de967e736591a999291239d95d43cd6edce1594de62cc3422?s=96&d=mm&r=g","contentUrl":"https:\/\/secure.gravatar.com\/avatar\/69a19153be71f68de967e736591a999291239d95d43cd6edce1594de62cc3422?s=96&d=mm&r=g","caption":"admin"},"sameAs":["https:\/\/lepoint-actu.tg"],"url":"https:\/\/lepoint-actu.tg\/index.php\/author\/admin\/"}]}},"_links":{"self":[{"href":"https:\/\/lepoint-actu.tg\/index.php\/wp-json\/wp\/v2\/posts\/71","targetHints":{"allow":["GET"]}}],"collection":[{"href":"https:\/\/lepoint-actu.tg\/index.php\/wp-json\/wp\/v2\/posts"}],"about":[{"href":"https:\/\/lepoint-actu.tg\/index.php\/wp-json\/wp\/v2\/types\/post"}],"author":[{"embeddable":true,"href":"https:\/\/lepoint-actu.tg\/index.php\/wp-json\/wp\/v2\/users\/3"}],"replies":[{"embeddable":true,"href":"https:\/\/lepoint-actu.tg\/index.php\/wp-json\/wp\/v2\/comments?post=71"}],"version-history":[{"count":1,"href":"https:\/\/lepoint-actu.tg\/index.php\/wp-json\/wp\/v2\/posts\/71\/revisions"}],"predecessor-version":[{"id":73,"href":"https:\/\/lepoint-actu.tg\/index.php\/wp-json\/wp\/v2\/posts\/71\/revisions\/73"}],"wp:featuredmedia":[{"embeddable":true,"href":"https:\/\/lepoint-actu.tg\/index.php\/wp-json\/wp\/v2\/media\/72"}],"wp:attachment":[{"href":"https:\/\/lepoint-actu.tg\/index.php\/wp-json\/wp\/v2\/media?parent=71"}],"wp:term":[{"taxonomy":"category","embeddable":true,"href":"https:\/\/lepoint-actu.tg\/index.php\/wp-json\/wp\/v2\/categories?post=71"},{"taxonomy":"post_tag","embeddable":true,"href":"https:\/\/lepoint-actu.tg\/index.php\/wp-json\/wp\/v2\/tags?post=71"}],"curies":[{"name":"wp","href":"https:\/\/api.w.org\/{rel}","templated":true}]}}