{"id":711,"date":"2022-10-12T23:53:35","date_gmt":"2022-10-12T23:53:35","guid":{"rendered":"https:\/\/lepoint-actu.tg\/?p=711"},"modified":"2022-10-12T23:53:36","modified_gmt":"2022-10-12T23:53:36","slug":"tchad-opposant-a-deby-pere-il-devient-premier-ministre-de-deby-fils","status":"publish","type":"post","link":"https:\/\/lepoint-actu.tg\/index.php\/2022\/10\/12\/tchad-opposant-a-deby-pere-il-devient-premier-ministre-de-deby-fils\/","title":{"rendered":"Tchad: Opposant \u00e0 D\u00e9by p\u00e8re il devient Premier ministre de D\u00e9by fils"},"content":{"rendered":"\n<p><\/p>\n\n\n\n<p>Farouche opposant du r\u00e9gime tchadien ces derni\u00e8res d\u00e9cennies, Saleh Kebzabo a \u00e9t\u00e9 nomm\u00e9 ce mercredi Premier ministre par Mahamat D\u00e9by Itno, fils du d\u00e9funt chef de l\u2019\u00c9tat Idriss D\u00e9by Itno et actuel pr\u00e9sident de transition. L\u2019ancien journaliste de 75 ans a \u00e9t\u00e9 quatre fois candidat \u00e0 la pr\u00e9sidentielle, selon les informations .<\/p>\n\n\n\n<p>Sa nomination est intervenue rapidement : Saleh Kebzabo, opposant historique au pr\u00e9sident Idriss D\u00e9by Itno, a \u00e9t\u00e9 nomm\u00e9 mercredi 12 octobre Premier ministre du Tchad, premier acte d\u2019une nouvelle p\u00e9riode de transition de deux ans confi\u00e9e \u00e0 Mahamat D\u00e9by Itno, au pouvoir depuis 2021.<\/p>\n\n\n\n<p>Saleh Kebzabo, 75 ans, ancien journaliste, quatre fois candidat \u00e0 la pr\u00e9sidentielle contre feu le mar\u00e9chal D\u00e9by, \u00ab est nomm\u00e9 Premier ministre \u00bb, peut-on lire dans un d\u00e9cret sign\u00e9 par le chef de l\u2019\u00c9tat.<\/p>\n\n\n\n<p><strong>Ralliement il y a 18 mois<\/strong><\/p>\n\n\n\n<p>Le parti de Saleh Kebzabo avait d\u00e9j\u00e0 ralli\u00e9 il y a 18 mois le gouvernement nomm\u00e9 par la junte militaire dirig\u00e9e par le jeune g\u00e9n\u00e9ral Mahamat D\u00e9by.<\/p>\n\n\n\n<p>Le 20 avril 2021, \u00e0 l\u2019annonce de la mort du mar\u00e9chal D\u00e9by, tu\u00e9 par des rebelles en se rendant au front, l\u2019arm\u00e9e avait proclam\u00e9 son jeune fils, le g\u00e9n\u00e9ral Mahamat D\u00e9by, 37 ans, pr\u00e9sident de la R\u00e9publique \u00e0 la t\u00eate d\u2019une junte de 15 g\u00e9n\u00e9raux, pour une p\u00e9riode de transition de 18 mois devant mener \u00e0 des \u00e9lections \u00ab libres et d\u00e9mocratiques \u00bb.<\/p>\n\n\n\n<p>Mais lundi, celui-ci a \u00e9t\u00e9 investi \u00e0 nouveau chef de l\u2019\u00c9tat pour une transition prolong\u00e9e de deux ans, sur proposition d\u2019un Dialogue national cens\u00e9 r\u00e9unir toutes les composantes de la soci\u00e9t\u00e9 tchadienne ainsi que la r\u00e9bellion mais boycott\u00e9 par une tr\u00e8s grande majorit\u00e9 de l\u2019opposition politique et arm\u00e9e.<\/p>\n\n\n\n<p>Mahamat D\u00e9by s\u2019\u00e9tait engag\u00e9 lundi \u00e0 nommer \u00ab dans les tout prochains jours \u00bb un \u00ab gouvernement d\u2019union nationale \u00bb.<\/p>\n\n\n\n<p>Apr\u00e8s sa nomination, Saleh Kebzabo a promis d&rsquo; \u00bbaccompagner \u00bb le chef de l\u2019\u00c9tat \u00ab dans une grande \u0153uvre (..) les deux prochaines ann\u00e9es pour la transition politique \u00bb, en r\u00e9pondant \u00e0 des questions de journalistes devant son domicile.<\/p>\n\n\n\n<p>Apr\u00e8s avoir \u00e9t\u00e9 l\u2019un des opposants les plus vindicatifs durant les derni\u00e8res ann\u00e9es du r\u00e9gime de D\u00e9by p\u00e8re, lequel a r\u00e9gn\u00e9 30 ann\u00e9es durant d\u2019une main de fer sur le Tchad, Saleh Kebzabo avait reconnu rapidement l\u2019autorit\u00e9 de son fils.<\/p>\n\n\n\n<p>Deux cadres de son parti, l\u2019Union nationale pour le d\u00e9veloppement et le renouveau (UNDR), avaient rejoint en mai 2021 le premier gouvernement de transition nomm\u00e9 par la junte.<br>\u00ab Dynastie D\u00e9by \u00bb<\/p>\n\n\n\n<p>Mahamat D\u00e9by avait nomm\u00e9 Saleh Kebzabo vice-pr\u00e9sident du comit\u00e9 d\u2019organisation du Dialogue national inclusif et souverain (DNIS), vivement critiqu\u00e9 par une grande partie de l\u2019opposition et parmi les principaux mouvements rebelles.<\/p>\n\n\n\n<p>Ces derniers lui reprochent d\u2019avoir prolong\u00e9 la transition samedi, maintenu Mahamat D\u00e9by \u00e0 la t\u00eate de l\u2019\u00c9tat et, surtout, de lui avoir permis de se pr\u00e9senter \u00e0 la pr\u00e9sidentielle dans deux ans, contrairement \u00e0 un engagement pris devant la communaut\u00e9 internationale.<\/p>\n\n\n\n<p>L\u2019opposition, qui d\u00e9non\u00e7ait un \u00ab coup d\u2019\u00c9tat constitutionnel \u00bb en avril 2021 \u2013 \u00e0 l\u2019unisson d\u2019ailleurs du parti de Saleh Kebzabo \u00e0 ce moment \u2013, consid\u00e8re que le DNIS a perp\u00e9tu\u00e9 samedi \u00ab la dynastie D\u00e9by \u00bb au pouvoir.<\/p>\n\n\n\n<p>Saleh Kebzabo, d\u00e9put\u00e9, a \u00e9t\u00e9 plusieurs fois ministre d\u2019Idriss D\u00e9by Itno \u2013 des Affaires \u00e9trang\u00e8res notamment \u2013 dans les ann\u00e9es 1990, quand son parti a sign\u00e9 un accord de gouvernement avec celui du pr\u00e9sident, avant de claquer la porte en 1996.<\/p>\n\n\n\n<p>Il a ensuite \u00e9t\u00e9 quatre fois candidat \u00e0 la pr\u00e9sidentielle, en 1996, 2001, 2008 et 2016. L\u2019opposant avait retir\u00e9 sa candidature quelques jours avant le scrutin de 2021, qu\u2019il avait appel\u00e9 \u00e0 boycotter en raison de l\u2019invalidation d\u2019autres candidats et de la r\u00e9pression de manifestations de l\u2019opposition.<\/p>\n\n\n\n<p><strong><em>Avec AFP<\/em><\/strong><\/p>\n","protected":false},"excerpt":{"rendered":"<p>Farouche opposant du r\u00e9gime tchadien ces derni\u00e8res d\u00e9cennies, Saleh Kebzabo a \u00e9t\u00e9 nomm\u00e9 ce mercredi Premier ministre par Mahamat D\u00e9by<\/p>\n","protected":false},"author":2,"featured_media":712,"comment_status":"open","ping_status":"closed","sticky":false,"template":"","format":"standard","meta":{"footnotes":""},"categories":[3],"tags":[],"class_list":["post-711","post","type-post","status-publish","format-standard","has-post-thumbnail","hentry","category-politique"],"yoast_head":"<!-- This site is optimized with the Yoast SEO plugin v23.9 - https:\/\/yoast.com\/wordpress\/plugins\/seo\/ -->\n<title>Tchad: Opposant \u00e0 D\u00e9by p\u00e8re il devient Premier ministre de D\u00e9by fils -<\/title>\n<meta name=\"robots\" content=\"index, follow, max-snippet:-1, max-image-preview:large, max-video-preview:-1\" \/>\n<link rel=\"canonical\" href=\"https:\/\/lepoint-actu.tg\/index.php\/2022\/10\/12\/tchad-opposant-a-deby-pere-il-devient-premier-ministre-de-deby-fils\/\" \/>\n<meta property=\"og:locale\" content=\"fr_FR\" \/>\n<meta property=\"og:type\" content=\"article\" \/>\n<meta property=\"og:title\" content=\"Tchad: Opposant \u00e0 D\u00e9by p\u00e8re il devient Premier ministre de D\u00e9by fils -\" \/>\n<meta property=\"og:description\" content=\"Farouche opposant du r\u00e9gime tchadien ces derni\u00e8res d\u00e9cennies, Saleh Kebzabo a \u00e9t\u00e9 nomm\u00e9 ce mercredi Premier ministre par Mahamat D\u00e9by\" \/>\n<meta property=\"og:url\" content=\"https:\/\/lepoint-actu.tg\/index.php\/2022\/10\/12\/tchad-opposant-a-deby-pere-il-devient-premier-ministre-de-deby-fils\/\" \/>\n<meta property=\"article:published_time\" content=\"2022-10-12T23:53:35+00:00\" \/>\n<meta property=\"article:modified_time\" content=\"2022-10-12T23:53:36+00:00\" \/>\n<meta property=\"og:image\" content=\"https:\/\/lepoint-actu.tg\/wp-content\/uploads\/2022\/10\/OPPOSANT.jpg\" \/>\n\t<meta property=\"og:image:width\" content=\"750\" \/>\n\t<meta property=\"og:image:height\" content=\"450\" \/>\n\t<meta property=\"og:image:type\" content=\"image\/jpeg\" \/>\n<meta name=\"author\" content=\"La Redaction\" \/>\n<meta name=\"twitter:card\" content=\"summary_large_image\" \/>\n<meta name=\"twitter:label1\" content=\"\u00c9crit par\" \/>\n\t<meta name=\"twitter:data1\" content=\"La Redaction\" \/>\n\t<meta name=\"twitter:label2\" content=\"Dur\u00e9e de lecture estim\u00e9e\" \/>\n\t<meta name=\"twitter:data2\" content=\"3 minutes\" \/>\n<script type=\"application\/ld+json\" class=\"yoast-schema-graph\">{\"@context\":\"https:\/\/schema.org\",\"@graph\":[{\"@type\":\"WebPage\",\"@id\":\"https:\/\/lepoint-actu.tg\/index.php\/2022\/10\/12\/tchad-opposant-a-deby-pere-il-devient-premier-ministre-de-deby-fils\/\",\"url\":\"https:\/\/lepoint-actu.tg\/index.php\/2022\/10\/12\/tchad-opposant-a-deby-pere-il-devient-premier-ministre-de-deby-fils\/\",\"name\":\"Tchad: Opposant \u00e0 D\u00e9by p\u00e8re il devient Premier ministre de D\u00e9by fils -\",\"isPartOf\":{\"@id\":\"https:\/\/lepoint-actu.tg\/#website\"},\"primaryImageOfPage\":{\"@id\":\"https:\/\/lepoint-actu.tg\/index.php\/2022\/10\/12\/tchad-opposant-a-deby-pere-il-devient-premier-ministre-de-deby-fils\/#primaryimage\"},\"image\":{\"@id\":\"https:\/\/lepoint-actu.tg\/index.php\/2022\/10\/12\/tchad-opposant-a-deby-pere-il-devient-premier-ministre-de-deby-fils\/#primaryimage\"},\"thumbnailUrl\":\"https:\/\/lepoint-actu.tg\/wp-content\/uploads\/2022\/10\/OPPOSANT.jpg\",\"datePublished\":\"2022-10-12T23:53:35+00:00\",\"dateModified\":\"2022-10-12T23:53:36+00:00\",\"author\":{\"@id\":\"https:\/\/lepoint-actu.tg\/#\/schema\/person\/e4026d66cbdc205cab83e169ab7eaca1\"},\"breadcrumb\":{\"@id\":\"https:\/\/lepoint-actu.tg\/index.php\/2022\/10\/12\/tchad-opposant-a-deby-pere-il-devient-premier-ministre-de-deby-fils\/#breadcrumb\"},\"inLanguage\":\"fr-FR\",\"potentialAction\":[{\"@type\":\"ReadAction\",\"target\":[\"https:\/\/lepoint-actu.tg\/index.php\/2022\/10\/12\/tchad-opposant-a-deby-pere-il-devient-premier-ministre-de-deby-fils\/\"]}]},{\"@type\":\"ImageObject\",\"inLanguage\":\"fr-FR\",\"@id\":\"https:\/\/lepoint-actu.tg\/index.php\/2022\/10\/12\/tchad-opposant-a-deby-pere-il-devient-premier-ministre-de-deby-fils\/#primaryimage\",\"url\":\"https:\/\/lepoint-actu.tg\/wp-content\/uploads\/2022\/10\/OPPOSANT.jpg\",\"contentUrl\":\"https:\/\/lepoint-actu.tg\/wp-content\/uploads\/2022\/10\/OPPOSANT.jpg\",\"width\":750,\"height\":450},{\"@type\":\"BreadcrumbList\",\"@id\":\"https:\/\/lepoint-actu.tg\/index.php\/2022\/10\/12\/tchad-opposant-a-deby-pere-il-devient-premier-ministre-de-deby-fils\/#breadcrumb\",\"itemListElement\":[{\"@type\":\"ListItem\",\"position\":1,\"name\":\"Accueil\",\"item\":\"https:\/\/lepoint-actu.tg\/\"},{\"@type\":\"ListItem\",\"position\":2,\"name\":\"Tchad: Opposant \u00e0 D\u00e9by p\u00e8re il devient Premier ministre de D\u00e9by fils\"}]},{\"@type\":\"WebSite\",\"@id\":\"https:\/\/lepoint-actu.tg\/#website\",\"url\":\"https:\/\/lepoint-actu.tg\/\",\"name\":\"\",\"description\":\"R\u00e9c\u00e9piss\u00e9 N\u00b00022\/HAAC\/12-2020\/pL\/P, lepointactu07@gmail.com\",\"potentialAction\":[{\"@type\":\"SearchAction\",\"target\":{\"@type\":\"EntryPoint\",\"urlTemplate\":\"https:\/\/lepoint-actu.tg\/?s={search_term_string}\"},\"query-input\":{\"@type\":\"PropertyValueSpecification\",\"valueRequired\":true,\"valueName\":\"search_term_string\"}}],\"inLanguage\":\"fr-FR\"},{\"@type\":\"Person\",\"@id\":\"https:\/\/lepoint-actu.tg\/#\/schema\/person\/e4026d66cbdc205cab83e169ab7eaca1\",\"name\":\"La Redaction\",\"image\":{\"@type\":\"ImageObject\",\"inLanguage\":\"fr-FR\",\"@id\":\"https:\/\/lepoint-actu.tg\/#\/schema\/person\/image\/\",\"url\":\"https:\/\/secure.gravatar.com\/avatar\/1682a0ff7e2c36efa51c5d262eea092000ec1ce420118e6261440956730308c2?s=96&d=mm&r=g\",\"contentUrl\":\"https:\/\/secure.gravatar.com\/avatar\/1682a0ff7e2c36efa51c5d262eea092000ec1ce420118e6261440956730308c2?s=96&d=mm&r=g\",\"caption\":\"La Redaction\"},\"url\":\"https:\/\/lepoint-actu.tg\/index.php\/author\/raymondsama\/\"}]}<\/script>\n<!-- \/ Yoast SEO plugin. -->","yoast_head_json":{"title":"Tchad: Opposant \u00e0 D\u00e9by p\u00e8re il devient Premier ministre de D\u00e9by fils -","robots":{"index":"index","follow":"follow","max-snippet":"max-snippet:-1","max-image-preview":"max-image-preview:large","max-video-preview":"max-video-preview:-1"},"canonical":"https:\/\/lepoint-actu.tg\/index.php\/2022\/10\/12\/tchad-opposant-a-deby-pere-il-devient-premier-ministre-de-deby-fils\/","og_locale":"fr_FR","og_type":"article","og_title":"Tchad: Opposant \u00e0 D\u00e9by p\u00e8re il devient Premier ministre de D\u00e9by fils -","og_description":"Farouche opposant du r\u00e9gime tchadien ces derni\u00e8res d\u00e9cennies, Saleh Kebzabo a \u00e9t\u00e9 nomm\u00e9 ce mercredi Premier ministre par Mahamat D\u00e9by","og_url":"https:\/\/lepoint-actu.tg\/index.php\/2022\/10\/12\/tchad-opposant-a-deby-pere-il-devient-premier-ministre-de-deby-fils\/","article_published_time":"2022-10-12T23:53:35+00:00","article_modified_time":"2022-10-12T23:53:36+00:00","og_image":[{"width":750,"height":450,"url":"https:\/\/lepoint-actu.tg\/wp-content\/uploads\/2022\/10\/OPPOSANT.jpg","type":"image\/jpeg"}],"author":"La Redaction","twitter_card":"summary_large_image","twitter_misc":{"\u00c9crit par":"La Redaction","Dur\u00e9e de lecture estim\u00e9e":"3 minutes"},"schema":{"@context":"https:\/\/schema.org","@graph":[{"@type":"WebPage","@id":"https:\/\/lepoint-actu.tg\/index.php\/2022\/10\/12\/tchad-opposant-a-deby-pere-il-devient-premier-ministre-de-deby-fils\/","url":"https:\/\/lepoint-actu.tg\/index.php\/2022\/10\/12\/tchad-opposant-a-deby-pere-il-devient-premier-ministre-de-deby-fils\/","name":"Tchad: Opposant \u00e0 D\u00e9by p\u00e8re il devient Premier ministre de D\u00e9by fils -","isPartOf":{"@id":"https:\/\/lepoint-actu.tg\/#website"},"primaryImageOfPage":{"@id":"https:\/\/lepoint-actu.tg\/index.php\/2022\/10\/12\/tchad-opposant-a-deby-pere-il-devient-premier-ministre-de-deby-fils\/#primaryimage"},"image":{"@id":"https:\/\/lepoint-actu.tg\/index.php\/2022\/10\/12\/tchad-opposant-a-deby-pere-il-devient-premier-ministre-de-deby-fils\/#primaryimage"},"thumbnailUrl":"https:\/\/lepoint-actu.tg\/wp-content\/uploads\/2022\/10\/OPPOSANT.jpg","datePublished":"2022-10-12T23:53:35+00:00","dateModified":"2022-10-12T23:53:36+00:00","author":{"@id":"https:\/\/lepoint-actu.tg\/#\/schema\/person\/e4026d66cbdc205cab83e169ab7eaca1"},"breadcrumb":{"@id":"https:\/\/lepoint-actu.tg\/index.php\/2022\/10\/12\/tchad-opposant-a-deby-pere-il-devient-premier-ministre-de-deby-fils\/#breadcrumb"},"inLanguage":"fr-FR","potentialAction":[{"@type":"ReadAction","target":["https:\/\/lepoint-actu.tg\/index.php\/2022\/10\/12\/tchad-opposant-a-deby-pere-il-devient-premier-ministre-de-deby-fils\/"]}]},{"@type":"ImageObject","inLanguage":"fr-FR","@id":"https:\/\/lepoint-actu.tg\/index.php\/2022\/10\/12\/tchad-opposant-a-deby-pere-il-devient-premier-ministre-de-deby-fils\/#primaryimage","url":"https:\/\/lepoint-actu.tg\/wp-content\/uploads\/2022\/10\/OPPOSANT.jpg","contentUrl":"https:\/\/lepoint-actu.tg\/wp-content\/uploads\/2022\/10\/OPPOSANT.jpg","width":750,"height":450},{"@type":"BreadcrumbList","@id":"https:\/\/lepoint-actu.tg\/index.php\/2022\/10\/12\/tchad-opposant-a-deby-pere-il-devient-premier-ministre-de-deby-fils\/#breadcrumb","itemListElement":[{"@type":"ListItem","position":1,"name":"Accueil","item":"https:\/\/lepoint-actu.tg\/"},{"@type":"ListItem","position":2,"name":"Tchad: Opposant \u00e0 D\u00e9by p\u00e8re il devient Premier ministre de D\u00e9by fils"}]},{"@type":"WebSite","@id":"https:\/\/lepoint-actu.tg\/#website","url":"https:\/\/lepoint-actu.tg\/","name":"","description":"R\u00e9c\u00e9piss\u00e9 N\u00b00022\/HAAC\/12-2020\/pL\/P, lepointactu07@gmail.com","potentialAction":[{"@type":"SearchAction","target":{"@type":"EntryPoint","urlTemplate":"https:\/\/lepoint-actu.tg\/?s={search_term_string}"},"query-input":{"@type":"PropertyValueSpecification","valueRequired":true,"valueName":"search_term_string"}}],"inLanguage":"fr-FR"},{"@type":"Person","@id":"https:\/\/lepoint-actu.tg\/#\/schema\/person\/e4026d66cbdc205cab83e169ab7eaca1","name":"La Redaction","image":{"@type":"ImageObject","inLanguage":"fr-FR","@id":"https:\/\/lepoint-actu.tg\/#\/schema\/person\/image\/","url":"https:\/\/secure.gravatar.com\/avatar\/1682a0ff7e2c36efa51c5d262eea092000ec1ce420118e6261440956730308c2?s=96&d=mm&r=g","contentUrl":"https:\/\/secure.gravatar.com\/avatar\/1682a0ff7e2c36efa51c5d262eea092000ec1ce420118e6261440956730308c2?s=96&d=mm&r=g","caption":"La Redaction"},"url":"https:\/\/lepoint-actu.tg\/index.php\/author\/raymondsama\/"}]}},"_links":{"self":[{"href":"https:\/\/lepoint-actu.tg\/index.php\/wp-json\/wp\/v2\/posts\/711","targetHints":{"allow":["GET"]}}],"collection":[{"href":"https:\/\/lepoint-actu.tg\/index.php\/wp-json\/wp\/v2\/posts"}],"about":[{"href":"https:\/\/lepoint-actu.tg\/index.php\/wp-json\/wp\/v2\/types\/post"}],"author":[{"embeddable":true,"href":"https:\/\/lepoint-actu.tg\/index.php\/wp-json\/wp\/v2\/users\/2"}],"replies":[{"embeddable":true,"href":"https:\/\/lepoint-actu.tg\/index.php\/wp-json\/wp\/v2\/comments?post=711"}],"version-history":[{"count":1,"href":"https:\/\/lepoint-actu.tg\/index.php\/wp-json\/wp\/v2\/posts\/711\/revisions"}],"predecessor-version":[{"id":713,"href":"https:\/\/lepoint-actu.tg\/index.php\/wp-json\/wp\/v2\/posts\/711\/revisions\/713"}],"wp:featuredmedia":[{"embeddable":true,"href":"https:\/\/lepoint-actu.tg\/index.php\/wp-json\/wp\/v2\/media\/712"}],"wp:attachment":[{"href":"https:\/\/lepoint-actu.tg\/index.php\/wp-json\/wp\/v2\/media?parent=711"}],"wp:term":[{"taxonomy":"category","embeddable":true,"href":"https:\/\/lepoint-actu.tg\/index.php\/wp-json\/wp\/v2\/categories?post=711"},{"taxonomy":"post_tag","embeddable":true,"href":"https:\/\/lepoint-actu.tg\/index.php\/wp-json\/wp\/v2\/tags?post=711"}],"curies":[{"name":"wp","href":"https:\/\/api.w.org\/{rel}","templated":true}]}}