{"id":762,"date":"2022-10-15T13:11:29","date_gmt":"2022-10-15T13:11:29","guid":{"rendered":"https:\/\/lepoint-actu.tg\/?p=762"},"modified":"2022-10-15T13:11:31","modified_gmt":"2022-10-15T13:11:31","slug":"nathalie-yamb-persona-non-grata-en-france","status":"publish","type":"post","link":"https:\/\/lepoint-actu.tg\/index.php\/2022\/10\/15\/nathalie-yamb-persona-non-grata-en-france\/","title":{"rendered":"Nathalie Yamb \u00abpersona non grata \u00bb en France"},"content":{"rendered":"\n<p><br>La France informe Nathalie Yamb de son interdiction d\u2019entr\u00e9e et de s\u00e9jour sur le territoire national. C&rsquo;\u00e9tait hier 14 octobre selon les informations.<\/p>\n\n\n\n<p>L&rsquo;arr\u00eat\u00e9 qui avait \u00e9t\u00e9 pris le 12 janvier 2022 a \u00e9t\u00e9 communiqu\u00e9 \u00e0 Nathalie Yamb vendredi 14 octobre par lettre recommand\u00e9e. RFI a pu se procurer copie de ce texte. Il reproche notamment \u00e0 Nathalie Yamb, tr\u00e8s active sur les r\u00e9seaux sociaux, d&rsquo;encourager le recours \u00e0 la violence \u00e0 l&rsquo;encontre des symboles de la pr\u00e9sence fran\u00e7aise en Afrique.<\/p>\n\n\n\n<p>La mesure n&rsquo;est donc pas neuve, mais elle \u00e9tait rest\u00e9e confidentielle. Vendredi 14 octobre, les autorit\u00e9s fran\u00e7aises ont souhait\u00e9 informer formellement cette militante tr\u00e8s pr\u00e9sente sur les r\u00e9seaux sociaux de l&rsquo;interdiction d\u2019entr\u00e9e et de s\u00e9jour sur le territoire fran\u00e7ais qui la vise. \u00ab Nous voulons nous assurer qu&rsquo;elle est bien inform\u00e9e qu&rsquo;elle est sous le coup de cette mesure pour incitation \u00e0 la haine et \u00e0 la violence \u00bb, explique une source proche du dossier.<\/p>\n\n\n\n<p>Le texte de l&rsquo;arr\u00eat\u00e9 d\u00e9taille ce que Paris reproche \u00e0 Nathalie Yamb. Il \u00e9voque les \u00ab diatribes r\u00e9currentes qu&rsquo;elle prof\u00e8re contre la France et ses autorit\u00e9s et dans lesquelles elle cautionne, voire encourage, le recours \u00e0 la violence \u00e0 l\u2019encontre des symboles de la pr\u00e9sence fran\u00e7aise en Afrique \u00bb. Il indique \u00e9galement que, selon Paris, Nathalie Yamb tient \u00ab des propos virulents \u00e0 l\u2019\u00e9gard des positions fran\u00e7aises sur le continent africain susceptibles de favoriser l\u2019entrisme des puissances \u00e9trang\u00e8res hostiles \u00e0 la France sur le continent africain et d\u2019alimenter le d\u00e9veloppement d\u2019un ressentiment populaire anti-fran\u00e7ais en Afrique, mais \u00e9galement parmi les diasporas africaines en France .<\/p>\n\n\n\n<p>Le document rappelle aussi le parcours politique de Nathalie Yamb. Il rappelle sa proximit\u00e9 avec le r\u00e9gime de l&rsquo;ancien pr\u00e9sident ivoirien Laurent Gbagbo, et notamment avec l&rsquo;ancien pr\u00e9sident de l&rsquo;Assembl\u00e9e nationale de C\u00f4te d&rsquo;Ivoire, Mamadou Koulibaly. Il rappelle aussi ses prises de position publiques anti-fran\u00e7aises manifest\u00e9es lors du sommet Russie-Afrique de Sotchi en octobre 2019. Ses connexions avec Maurice Wilfried Sebiro, conseiller en communication de la pr\u00e9sidence centrafricaine et \u00ab principal artisan de la propagande anti-fran\u00e7aise \u00e0 Bangui \u00bb.<\/p>\n\n\n\n<p>L&rsquo;arr\u00eat\u00e9 estime finalement qu\u2019\u00ab au regard \u00e0 la haine profonde qu\u2019elle entretient \u00e0 l\u2019\u00e9gard de la France qu\u2019elle exprime tr\u00e8s r\u00e9guli\u00e8rement par des propos virulents diffus\u00e9s et relay\u00e9s via des services de communication au public en ligne qui b\u00e9n\u00e9ficient d\u2019une large audience, il est \u00e0 craindre que sa pr\u00e9sence en France provoque de graves troubles \u00e0 l\u2019ordre public. \u00bb<\/p>\n\n\n\n<p><strong><em>Avec Rfi<\/em><\/strong><\/p>\n","protected":false},"excerpt":{"rendered":"<p>La France informe Nathalie Yamb de son interdiction d\u2019entr\u00e9e et de s\u00e9jour sur le territoire national. C&rsquo;\u00e9tait hier 14 octobre<\/p>\n","protected":false},"author":2,"featured_media":763,"comment_status":"open","ping_status":"closed","sticky":false,"template":"","format":"standard","meta":{"footnotes":""},"categories":[5],"tags":[],"class_list":["post-762","post","type-post","status-publish","format-standard","has-post-thumbnail","hentry","category-diplomatie"],"yoast_head":"<!-- This site is optimized with the Yoast SEO plugin v23.9 - https:\/\/yoast.com\/wordpress\/plugins\/seo\/ -->\n<title>Nathalie Yamb \u00abpersona non grata \u00bb en France -<\/title>\n<meta name=\"robots\" content=\"index, follow, max-snippet:-1, max-image-preview:large, max-video-preview:-1\" \/>\n<link rel=\"canonical\" href=\"https:\/\/lepoint-actu.tg\/index.php\/2022\/10\/15\/nathalie-yamb-persona-non-grata-en-france\/\" \/>\n<meta property=\"og:locale\" content=\"fr_FR\" \/>\n<meta property=\"og:type\" content=\"article\" \/>\n<meta property=\"og:title\" content=\"Nathalie Yamb \u00abpersona non grata \u00bb en France -\" \/>\n<meta property=\"og:description\" content=\"La France informe Nathalie Yamb de son interdiction d\u2019entr\u00e9e et de s\u00e9jour sur le territoire national. C&rsquo;\u00e9tait hier 14 octobre\" \/>\n<meta property=\"og:url\" content=\"https:\/\/lepoint-actu.tg\/index.php\/2022\/10\/15\/nathalie-yamb-persona-non-grata-en-france\/\" \/>\n<meta property=\"article:published_time\" content=\"2022-10-15T13:11:29+00:00\" \/>\n<meta property=\"article:modified_time\" content=\"2022-10-15T13:11:31+00:00\" \/>\n<meta property=\"og:image\" content=\"https:\/\/lepoint-actu.tg\/wp-content\/uploads\/2022\/10\/nathalie-yamb-1.jpeg\" \/>\n\t<meta property=\"og:image:width\" content=\"719\" \/>\n\t<meta property=\"og:image:height\" content=\"405\" \/>\n\t<meta property=\"og:image:type\" content=\"image\/jpeg\" \/>\n<meta name=\"author\" content=\"La Redaction\" \/>\n<meta name=\"twitter:card\" content=\"summary_large_image\" \/>\n<meta name=\"twitter:label1\" content=\"\u00c9crit par\" \/>\n\t<meta name=\"twitter:data1\" content=\"La Redaction\" \/>\n\t<meta name=\"twitter:label2\" content=\"Dur\u00e9e de lecture estim\u00e9e\" \/>\n\t<meta name=\"twitter:data2\" content=\"3 minutes\" \/>\n<script type=\"application\/ld+json\" class=\"yoast-schema-graph\">{\"@context\":\"https:\/\/schema.org\",\"@graph\":[{\"@type\":\"WebPage\",\"@id\":\"https:\/\/lepoint-actu.tg\/index.php\/2022\/10\/15\/nathalie-yamb-persona-non-grata-en-france\/\",\"url\":\"https:\/\/lepoint-actu.tg\/index.php\/2022\/10\/15\/nathalie-yamb-persona-non-grata-en-france\/\",\"name\":\"Nathalie Yamb \u00abpersona non grata \u00bb en France -\",\"isPartOf\":{\"@id\":\"https:\/\/lepoint-actu.tg\/#website\"},\"primaryImageOfPage\":{\"@id\":\"https:\/\/lepoint-actu.tg\/index.php\/2022\/10\/15\/nathalie-yamb-persona-non-grata-en-france\/#primaryimage\"},\"image\":{\"@id\":\"https:\/\/lepoint-actu.tg\/index.php\/2022\/10\/15\/nathalie-yamb-persona-non-grata-en-france\/#primaryimage\"},\"thumbnailUrl\":\"https:\/\/lepoint-actu.tg\/wp-content\/uploads\/2022\/10\/nathalie-yamb-1.jpeg\",\"datePublished\":\"2022-10-15T13:11:29+00:00\",\"dateModified\":\"2022-10-15T13:11:31+00:00\",\"author\":{\"@id\":\"https:\/\/lepoint-actu.tg\/#\/schema\/person\/e4026d66cbdc205cab83e169ab7eaca1\"},\"breadcrumb\":{\"@id\":\"https:\/\/lepoint-actu.tg\/index.php\/2022\/10\/15\/nathalie-yamb-persona-non-grata-en-france\/#breadcrumb\"},\"inLanguage\":\"fr-FR\",\"potentialAction\":[{\"@type\":\"ReadAction\",\"target\":[\"https:\/\/lepoint-actu.tg\/index.php\/2022\/10\/15\/nathalie-yamb-persona-non-grata-en-france\/\"]}]},{\"@type\":\"ImageObject\",\"inLanguage\":\"fr-FR\",\"@id\":\"https:\/\/lepoint-actu.tg\/index.php\/2022\/10\/15\/nathalie-yamb-persona-non-grata-en-france\/#primaryimage\",\"url\":\"https:\/\/lepoint-actu.tg\/wp-content\/uploads\/2022\/10\/nathalie-yamb-1.jpeg\",\"contentUrl\":\"https:\/\/lepoint-actu.tg\/wp-content\/uploads\/2022\/10\/nathalie-yamb-1.jpeg\",\"width\":719,\"height\":405},{\"@type\":\"BreadcrumbList\",\"@id\":\"https:\/\/lepoint-actu.tg\/index.php\/2022\/10\/15\/nathalie-yamb-persona-non-grata-en-france\/#breadcrumb\",\"itemListElement\":[{\"@type\":\"ListItem\",\"position\":1,\"name\":\"Accueil\",\"item\":\"https:\/\/lepoint-actu.tg\/\"},{\"@type\":\"ListItem\",\"position\":2,\"name\":\"Nathalie Yamb \u00abpersona non grata \u00bb en France\"}]},{\"@type\":\"WebSite\",\"@id\":\"https:\/\/lepoint-actu.tg\/#website\",\"url\":\"https:\/\/lepoint-actu.tg\/\",\"name\":\"\",\"description\":\"R\u00e9c\u00e9piss\u00e9 N\u00b00022\/HAAC\/12-2020\/pL\/P, lepointactu07@gmail.com\",\"potentialAction\":[{\"@type\":\"SearchAction\",\"target\":{\"@type\":\"EntryPoint\",\"urlTemplate\":\"https:\/\/lepoint-actu.tg\/?s={search_term_string}\"},\"query-input\":{\"@type\":\"PropertyValueSpecification\",\"valueRequired\":true,\"valueName\":\"search_term_string\"}}],\"inLanguage\":\"fr-FR\"},{\"@type\":\"Person\",\"@id\":\"https:\/\/lepoint-actu.tg\/#\/schema\/person\/e4026d66cbdc205cab83e169ab7eaca1\",\"name\":\"La Redaction\",\"image\":{\"@type\":\"ImageObject\",\"inLanguage\":\"fr-FR\",\"@id\":\"https:\/\/lepoint-actu.tg\/#\/schema\/person\/image\/\",\"url\":\"https:\/\/secure.gravatar.com\/avatar\/1682a0ff7e2c36efa51c5d262eea092000ec1ce420118e6261440956730308c2?s=96&d=mm&r=g\",\"contentUrl\":\"https:\/\/secure.gravatar.com\/avatar\/1682a0ff7e2c36efa51c5d262eea092000ec1ce420118e6261440956730308c2?s=96&d=mm&r=g\",\"caption\":\"La Redaction\"},\"url\":\"https:\/\/lepoint-actu.tg\/index.php\/author\/raymondsama\/\"}]}<\/script>\n<!-- \/ Yoast SEO plugin. -->","yoast_head_json":{"title":"Nathalie Yamb \u00abpersona non grata \u00bb en France -","robots":{"index":"index","follow":"follow","max-snippet":"max-snippet:-1","max-image-preview":"max-image-preview:large","max-video-preview":"max-video-preview:-1"},"canonical":"https:\/\/lepoint-actu.tg\/index.php\/2022\/10\/15\/nathalie-yamb-persona-non-grata-en-france\/","og_locale":"fr_FR","og_type":"article","og_title":"Nathalie Yamb \u00abpersona non grata \u00bb en France -","og_description":"La France informe Nathalie Yamb de son interdiction d\u2019entr\u00e9e et de s\u00e9jour sur le territoire national. C&rsquo;\u00e9tait hier 14 octobre","og_url":"https:\/\/lepoint-actu.tg\/index.php\/2022\/10\/15\/nathalie-yamb-persona-non-grata-en-france\/","article_published_time":"2022-10-15T13:11:29+00:00","article_modified_time":"2022-10-15T13:11:31+00:00","og_image":[{"width":719,"height":405,"url":"https:\/\/lepoint-actu.tg\/wp-content\/uploads\/2022\/10\/nathalie-yamb-1.jpeg","type":"image\/jpeg"}],"author":"La Redaction","twitter_card":"summary_large_image","twitter_misc":{"\u00c9crit par":"La Redaction","Dur\u00e9e de lecture estim\u00e9e":"3 minutes"},"schema":{"@context":"https:\/\/schema.org","@graph":[{"@type":"WebPage","@id":"https:\/\/lepoint-actu.tg\/index.php\/2022\/10\/15\/nathalie-yamb-persona-non-grata-en-france\/","url":"https:\/\/lepoint-actu.tg\/index.php\/2022\/10\/15\/nathalie-yamb-persona-non-grata-en-france\/","name":"Nathalie Yamb \u00abpersona non grata \u00bb en France -","isPartOf":{"@id":"https:\/\/lepoint-actu.tg\/#website"},"primaryImageOfPage":{"@id":"https:\/\/lepoint-actu.tg\/index.php\/2022\/10\/15\/nathalie-yamb-persona-non-grata-en-france\/#primaryimage"},"image":{"@id":"https:\/\/lepoint-actu.tg\/index.php\/2022\/10\/15\/nathalie-yamb-persona-non-grata-en-france\/#primaryimage"},"thumbnailUrl":"https:\/\/lepoint-actu.tg\/wp-content\/uploads\/2022\/10\/nathalie-yamb-1.jpeg","datePublished":"2022-10-15T13:11:29+00:00","dateModified":"2022-10-15T13:11:31+00:00","author":{"@id":"https:\/\/lepoint-actu.tg\/#\/schema\/person\/e4026d66cbdc205cab83e169ab7eaca1"},"breadcrumb":{"@id":"https:\/\/lepoint-actu.tg\/index.php\/2022\/10\/15\/nathalie-yamb-persona-non-grata-en-france\/#breadcrumb"},"inLanguage":"fr-FR","potentialAction":[{"@type":"ReadAction","target":["https:\/\/lepoint-actu.tg\/index.php\/2022\/10\/15\/nathalie-yamb-persona-non-grata-en-france\/"]}]},{"@type":"ImageObject","inLanguage":"fr-FR","@id":"https:\/\/lepoint-actu.tg\/index.php\/2022\/10\/15\/nathalie-yamb-persona-non-grata-en-france\/#primaryimage","url":"https:\/\/lepoint-actu.tg\/wp-content\/uploads\/2022\/10\/nathalie-yamb-1.jpeg","contentUrl":"https:\/\/lepoint-actu.tg\/wp-content\/uploads\/2022\/10\/nathalie-yamb-1.jpeg","width":719,"height":405},{"@type":"BreadcrumbList","@id":"https:\/\/lepoint-actu.tg\/index.php\/2022\/10\/15\/nathalie-yamb-persona-non-grata-en-france\/#breadcrumb","itemListElement":[{"@type":"ListItem","position":1,"name":"Accueil","item":"https:\/\/lepoint-actu.tg\/"},{"@type":"ListItem","position":2,"name":"Nathalie Yamb \u00abpersona non grata \u00bb en France"}]},{"@type":"WebSite","@id":"https:\/\/lepoint-actu.tg\/#website","url":"https:\/\/lepoint-actu.tg\/","name":"","description":"R\u00e9c\u00e9piss\u00e9 N\u00b00022\/HAAC\/12-2020\/pL\/P, lepointactu07@gmail.com","potentialAction":[{"@type":"SearchAction","target":{"@type":"EntryPoint","urlTemplate":"https:\/\/lepoint-actu.tg\/?s={search_term_string}"},"query-input":{"@type":"PropertyValueSpecification","valueRequired":true,"valueName":"search_term_string"}}],"inLanguage":"fr-FR"},{"@type":"Person","@id":"https:\/\/lepoint-actu.tg\/#\/schema\/person\/e4026d66cbdc205cab83e169ab7eaca1","name":"La Redaction","image":{"@type":"ImageObject","inLanguage":"fr-FR","@id":"https:\/\/lepoint-actu.tg\/#\/schema\/person\/image\/","url":"https:\/\/secure.gravatar.com\/avatar\/1682a0ff7e2c36efa51c5d262eea092000ec1ce420118e6261440956730308c2?s=96&d=mm&r=g","contentUrl":"https:\/\/secure.gravatar.com\/avatar\/1682a0ff7e2c36efa51c5d262eea092000ec1ce420118e6261440956730308c2?s=96&d=mm&r=g","caption":"La Redaction"},"url":"https:\/\/lepoint-actu.tg\/index.php\/author\/raymondsama\/"}]}},"_links":{"self":[{"href":"https:\/\/lepoint-actu.tg\/index.php\/wp-json\/wp\/v2\/posts\/762","targetHints":{"allow":["GET"]}}],"collection":[{"href":"https:\/\/lepoint-actu.tg\/index.php\/wp-json\/wp\/v2\/posts"}],"about":[{"href":"https:\/\/lepoint-actu.tg\/index.php\/wp-json\/wp\/v2\/types\/post"}],"author":[{"embeddable":true,"href":"https:\/\/lepoint-actu.tg\/index.php\/wp-json\/wp\/v2\/users\/2"}],"replies":[{"embeddable":true,"href":"https:\/\/lepoint-actu.tg\/index.php\/wp-json\/wp\/v2\/comments?post=762"}],"version-history":[{"count":1,"href":"https:\/\/lepoint-actu.tg\/index.php\/wp-json\/wp\/v2\/posts\/762\/revisions"}],"predecessor-version":[{"id":764,"href":"https:\/\/lepoint-actu.tg\/index.php\/wp-json\/wp\/v2\/posts\/762\/revisions\/764"}],"wp:featuredmedia":[{"embeddable":true,"href":"https:\/\/lepoint-actu.tg\/index.php\/wp-json\/wp\/v2\/media\/763"}],"wp:attachment":[{"href":"https:\/\/lepoint-actu.tg\/index.php\/wp-json\/wp\/v2\/media?parent=762"}],"wp:term":[{"taxonomy":"category","embeddable":true,"href":"https:\/\/lepoint-actu.tg\/index.php\/wp-json\/wp\/v2\/categories?post=762"},{"taxonomy":"post_tag","embeddable":true,"href":"https:\/\/lepoint-actu.tg\/index.php\/wp-json\/wp\/v2\/tags?post=762"}],"curies":[{"name":"wp","href":"https:\/\/api.w.org\/{rel}","templated":true}]}}