{"id":802,"date":"2022-10-17T13:15:00","date_gmt":"2022-10-17T13:15:00","guid":{"rendered":"https:\/\/lepoint-actu.tg\/?p=802"},"modified":"2022-10-18T13:18:24","modified_gmt":"2022-10-18T13:18:24","slug":"justice-debut-des-assises-a-lome-avec-un-1er-dossier-de-cas-de-vol-aggrave","status":"publish","type":"post","link":"https:\/\/lepoint-actu.tg\/index.php\/2022\/10\/17\/justice-debut-des-assises-a-lome-avec-un-1er-dossier-de-cas-de-vol-aggrave\/","title":{"rendered":"Justice\u00a0: d\u00e9but des assises \u00e0 Lom\u00e9 avec un 1er dossier de cas de vol aggrav\u00e9"},"content":{"rendered":"\n<p><br>50 ans de r\u00e9clusion criminelle pour D\u00e9gb\u00e9 Koffi, voleur \u00ab\u00a0sui generis\u00a0\u00bb. C\u2019est la sentence issue du tout premier dossier inaugural des assises de ce 17 octobre 2022. En effet, les audiences de la cour d\u2019assises de l\u2019ann\u00e9e 2022 ont \u00e9t\u00e9 ouvertes ce lundi \u00e0 la cour d\u2019appel de Lom\u00e9. La premi\u00e8re sentence, tr\u00e8s lourde, est tomb\u00e9e dans la m\u00eame journ\u00e9e. Elle a \u00e9t\u00e9 prononc\u00e9e dans une affaire de vol aggrav\u00e9 sur un agent de l\u2019Office togolais des recettes (OTR).<br>Selon les faits, la victime est le d\u00e9sormais feu Agoda Alwatou Mawiyou. Ce fonctionnaire de l\u2019Etat revenant du service le 25 avril dernier, \u00e0 bord de sa motocyclette, ne savait pas que la mort l\u2019attendait sur son chemin.<br>Arriv\u00e9 \u00e0 Ad\u00e9ticop\u00e9, (banlieue nord de Lom\u00e9), en pleine circulation, Koffi Degbe surgit de son embuscade, une machette en main, lui intima l\u2019ordre de s\u2019arr\u00eater.<\/p>\n\n\n\n<figure class=\"wp-block-image size-large\"><img loading=\"lazy\" decoding=\"async\" width=\"1024\" height=\"768\" src=\"https:\/\/lepoint-actu.tg\/wp-content\/uploads\/2022\/10\/IMG_20221017_093001_324-scaled-1-1024x768.jpg\" alt=\"\" class=\"wp-image-804\" srcset=\"https:\/\/lepoint-actu.tg\/wp-content\/uploads\/2022\/10\/IMG_20221017_093001_324-scaled-1-1024x768.jpg 1024w, https:\/\/lepoint-actu.tg\/wp-content\/uploads\/2022\/10\/IMG_20221017_093001_324-scaled-1-300x225.jpg 300w, https:\/\/lepoint-actu.tg\/wp-content\/uploads\/2022\/10\/IMG_20221017_093001_324-scaled-1-768x576.jpg 768w, https:\/\/lepoint-actu.tg\/wp-content\/uploads\/2022\/10\/IMG_20221017_093001_324-scaled-1-1536x1152.jpg 1536w, https:\/\/lepoint-actu.tg\/wp-content\/uploads\/2022\/10\/IMG_20221017_093001_324-scaled-1-2048x1536.jpg 2048w\" sizes=\"auto, (max-width: 1024px) 100vw, 1024px\" \/><\/figure>\n\n\n\n<p><br>\u00ab La victime ne voulant pas obtemp\u00e9rer \u00e0 ses injonctions, l\u2019accus\u00e9 lui ass\u00e9na un coup de machette qui lui amputa son avant-bras droit. Sous l\u2019effet du choc, la victime s\u2019\u00e9croula et rendit l\u2019\u00e2me le m\u00eame jour des suites de ses blessures avant son admission au CHU Sylvanus Olympio. D\u00e9gb\u00e9 s\u2019empara alors de la motocyclette et prit la fuite pour se rendre dans son village \u00e0 Gboto-Z\u00e9v\u00e9 dans la pr\u00e9fecture de Yoto\u00bb, d\u00e9crivent les faits qui portent en eux des circonstances aggravantes. Le pr\u00e9venu sera appr\u00e9hend\u00e9 le 29 avril 2022.<br>Les juges ont retenu contre lui les articles 411, 416-10 et 420 alin\u00e9a 2 du nouveau code p\u00e9nal.<br>Chaque ann\u00e9e des audiences sont organis\u00e9es pour juger les auteurs des crimes et leur fixer sur leur sort. C&rsquo;est dans ce cadre pr\u00e9vu par le l\u00e9gislateur, renseigne-t-on, que ces assises sont ouvertes et dureront pendant trois (3) semaines. Selon les informations, 60 dossiers sont inscrits au r\u00f4le. Il s\u2019agit diverses infractions notamment celless portant atteinte \u00e0 la vie des personnes (meurtres et assassinats\u2026)\u00a0; des cas de viols, p\u00e9dophilies, incestes, traites de personnes, vols aggrav\u00e9s, groupement de malfaiteurs, une infraction de d\u00e9tournement de deniers publics.<\/p>\n\n\n\n<p><\/p>\n\n\n\n<p><strong><em>Ali Legrand <\/em><\/strong><\/p>\n","protected":false},"excerpt":{"rendered":"<p>50 ans de r\u00e9clusion criminelle pour D\u00e9gb\u00e9 Koffi, voleur \u00ab\u00a0sui generis\u00a0\u00bb. C\u2019est la sentence issue du tout premier dossier inaugural<\/p>\n","protected":false},"author":2,"featured_media":803,"comment_status":"open","ping_status":"closed","sticky":false,"template":"","format":"standard","meta":{"footnotes":""},"categories":[1],"tags":[],"class_list":["post-802","post","type-post","status-publish","format-standard","has-post-thumbnail","hentry","category-societe"],"yoast_head":"<!-- This site is optimized with the Yoast SEO plugin v23.9 - https:\/\/yoast.com\/wordpress\/plugins\/seo\/ -->\n<title>Justice\u00a0: d\u00e9but des assises \u00e0 Lom\u00e9 avec un 1er dossier de cas de vol aggrav\u00e9 -<\/title>\n<meta name=\"robots\" content=\"index, follow, max-snippet:-1, max-image-preview:large, max-video-preview:-1\" \/>\n<link rel=\"canonical\" href=\"https:\/\/lepoint-actu.tg\/index.php\/2022\/10\/17\/justice-debut-des-assises-a-lome-avec-un-1er-dossier-de-cas-de-vol-aggrave\/\" \/>\n<meta property=\"og:locale\" content=\"fr_FR\" \/>\n<meta property=\"og:type\" content=\"article\" \/>\n<meta property=\"og:title\" content=\"Justice\u00a0: d\u00e9but des assises \u00e0 Lom\u00e9 avec un 1er dossier de cas de vol aggrav\u00e9 -\" \/>\n<meta property=\"og:description\" content=\"50 ans de r\u00e9clusion criminelle pour D\u00e9gb\u00e9 Koffi, voleur \u00ab\u00a0sui generis\u00a0\u00bb. C\u2019est la sentence issue du tout premier dossier inaugural\" \/>\n<meta property=\"og:url\" content=\"https:\/\/lepoint-actu.tg\/index.php\/2022\/10\/17\/justice-debut-des-assises-a-lome-avec-un-1er-dossier-de-cas-de-vol-aggrave\/\" \/>\n<meta property=\"article:published_time\" content=\"2022-10-17T13:15:00+00:00\" \/>\n<meta property=\"article:modified_time\" content=\"2022-10-18T13:18:24+00:00\" \/>\n<meta property=\"og:image\" content=\"https:\/\/lepoint-actu.tg\/wp-content\/uploads\/2022\/10\/Justice-Photo.jpg\" \/>\n\t<meta property=\"og:image:width\" content=\"1023\" \/>\n\t<meta property=\"og:image:height\" content=\"583\" \/>\n\t<meta property=\"og:image:type\" content=\"image\/jpeg\" \/>\n<meta name=\"author\" content=\"La Redaction\" \/>\n<meta name=\"twitter:card\" content=\"summary_large_image\" \/>\n<meta name=\"twitter:label1\" content=\"\u00c9crit par\" \/>\n\t<meta name=\"twitter:data1\" content=\"La Redaction\" \/>\n\t<meta name=\"twitter:label2\" content=\"Dur\u00e9e de lecture estim\u00e9e\" \/>\n\t<meta name=\"twitter:data2\" content=\"2 minutes\" \/>\n<script type=\"application\/ld+json\" class=\"yoast-schema-graph\">{\"@context\":\"https:\/\/schema.org\",\"@graph\":[{\"@type\":\"WebPage\",\"@id\":\"https:\/\/lepoint-actu.tg\/index.php\/2022\/10\/17\/justice-debut-des-assises-a-lome-avec-un-1er-dossier-de-cas-de-vol-aggrave\/\",\"url\":\"https:\/\/lepoint-actu.tg\/index.php\/2022\/10\/17\/justice-debut-des-assises-a-lome-avec-un-1er-dossier-de-cas-de-vol-aggrave\/\",\"name\":\"Justice\u00a0: d\u00e9but des assises \u00e0 Lom\u00e9 avec un 1er dossier de cas de vol aggrav\u00e9 -\",\"isPartOf\":{\"@id\":\"https:\/\/lepoint-actu.tg\/#website\"},\"primaryImageOfPage\":{\"@id\":\"https:\/\/lepoint-actu.tg\/index.php\/2022\/10\/17\/justice-debut-des-assises-a-lome-avec-un-1er-dossier-de-cas-de-vol-aggrave\/#primaryimage\"},\"image\":{\"@id\":\"https:\/\/lepoint-actu.tg\/index.php\/2022\/10\/17\/justice-debut-des-assises-a-lome-avec-un-1er-dossier-de-cas-de-vol-aggrave\/#primaryimage\"},\"thumbnailUrl\":\"https:\/\/lepoint-actu.tg\/wp-content\/uploads\/2022\/10\/Justice-Photo.jpg\",\"datePublished\":\"2022-10-17T13:15:00+00:00\",\"dateModified\":\"2022-10-18T13:18:24+00:00\",\"author\":{\"@id\":\"https:\/\/lepoint-actu.tg\/#\/schema\/person\/e4026d66cbdc205cab83e169ab7eaca1\"},\"breadcrumb\":{\"@id\":\"https:\/\/lepoint-actu.tg\/index.php\/2022\/10\/17\/justice-debut-des-assises-a-lome-avec-un-1er-dossier-de-cas-de-vol-aggrave\/#breadcrumb\"},\"inLanguage\":\"fr-FR\",\"potentialAction\":[{\"@type\":\"ReadAction\",\"target\":[\"https:\/\/lepoint-actu.tg\/index.php\/2022\/10\/17\/justice-debut-des-assises-a-lome-avec-un-1er-dossier-de-cas-de-vol-aggrave\/\"]}]},{\"@type\":\"ImageObject\",\"inLanguage\":\"fr-FR\",\"@id\":\"https:\/\/lepoint-actu.tg\/index.php\/2022\/10\/17\/justice-debut-des-assises-a-lome-avec-un-1er-dossier-de-cas-de-vol-aggrave\/#primaryimage\",\"url\":\"https:\/\/lepoint-actu.tg\/wp-content\/uploads\/2022\/10\/Justice-Photo.jpg\",\"contentUrl\":\"https:\/\/lepoint-actu.tg\/wp-content\/uploads\/2022\/10\/Justice-Photo.jpg\",\"width\":1023,\"height\":583},{\"@type\":\"BreadcrumbList\",\"@id\":\"https:\/\/lepoint-actu.tg\/index.php\/2022\/10\/17\/justice-debut-des-assises-a-lome-avec-un-1er-dossier-de-cas-de-vol-aggrave\/#breadcrumb\",\"itemListElement\":[{\"@type\":\"ListItem\",\"position\":1,\"name\":\"Accueil\",\"item\":\"https:\/\/lepoint-actu.tg\/\"},{\"@type\":\"ListItem\",\"position\":2,\"name\":\"Justice\u00a0: d\u00e9but des assises \u00e0 Lom\u00e9 avec un 1er dossier de cas de vol aggrav\u00e9\"}]},{\"@type\":\"WebSite\",\"@id\":\"https:\/\/lepoint-actu.tg\/#website\",\"url\":\"https:\/\/lepoint-actu.tg\/\",\"name\":\"\",\"description\":\"R\u00e9c\u00e9piss\u00e9 N\u00b00022\/HAAC\/12-2020\/pL\/P, lepointactu07@gmail.com\",\"potentialAction\":[{\"@type\":\"SearchAction\",\"target\":{\"@type\":\"EntryPoint\",\"urlTemplate\":\"https:\/\/lepoint-actu.tg\/?s={search_term_string}\"},\"query-input\":{\"@type\":\"PropertyValueSpecification\",\"valueRequired\":true,\"valueName\":\"search_term_string\"}}],\"inLanguage\":\"fr-FR\"},{\"@type\":\"Person\",\"@id\":\"https:\/\/lepoint-actu.tg\/#\/schema\/person\/e4026d66cbdc205cab83e169ab7eaca1\",\"name\":\"La Redaction\",\"image\":{\"@type\":\"ImageObject\",\"inLanguage\":\"fr-FR\",\"@id\":\"https:\/\/lepoint-actu.tg\/#\/schema\/person\/image\/\",\"url\":\"https:\/\/secure.gravatar.com\/avatar\/1682a0ff7e2c36efa51c5d262eea092000ec1ce420118e6261440956730308c2?s=96&d=mm&r=g\",\"contentUrl\":\"https:\/\/secure.gravatar.com\/avatar\/1682a0ff7e2c36efa51c5d262eea092000ec1ce420118e6261440956730308c2?s=96&d=mm&r=g\",\"caption\":\"La Redaction\"},\"url\":\"https:\/\/lepoint-actu.tg\/index.php\/author\/raymondsama\/\"}]}<\/script>\n<!-- \/ Yoast SEO plugin. -->","yoast_head_json":{"title":"Justice\u00a0: d\u00e9but des assises \u00e0 Lom\u00e9 avec un 1er dossier de cas de vol aggrav\u00e9 -","robots":{"index":"index","follow":"follow","max-snippet":"max-snippet:-1","max-image-preview":"max-image-preview:large","max-video-preview":"max-video-preview:-1"},"canonical":"https:\/\/lepoint-actu.tg\/index.php\/2022\/10\/17\/justice-debut-des-assises-a-lome-avec-un-1er-dossier-de-cas-de-vol-aggrave\/","og_locale":"fr_FR","og_type":"article","og_title":"Justice\u00a0: d\u00e9but des assises \u00e0 Lom\u00e9 avec un 1er dossier de cas de vol aggrav\u00e9 -","og_description":"50 ans de r\u00e9clusion criminelle pour D\u00e9gb\u00e9 Koffi, voleur \u00ab\u00a0sui generis\u00a0\u00bb. C\u2019est la sentence issue du tout premier dossier inaugural","og_url":"https:\/\/lepoint-actu.tg\/index.php\/2022\/10\/17\/justice-debut-des-assises-a-lome-avec-un-1er-dossier-de-cas-de-vol-aggrave\/","article_published_time":"2022-10-17T13:15:00+00:00","article_modified_time":"2022-10-18T13:18:24+00:00","og_image":[{"width":1023,"height":583,"url":"https:\/\/lepoint-actu.tg\/wp-content\/uploads\/2022\/10\/Justice-Photo.jpg","type":"image\/jpeg"}],"author":"La Redaction","twitter_card":"summary_large_image","twitter_misc":{"\u00c9crit par":"La Redaction","Dur\u00e9e de lecture estim\u00e9e":"2 minutes"},"schema":{"@context":"https:\/\/schema.org","@graph":[{"@type":"WebPage","@id":"https:\/\/lepoint-actu.tg\/index.php\/2022\/10\/17\/justice-debut-des-assises-a-lome-avec-un-1er-dossier-de-cas-de-vol-aggrave\/","url":"https:\/\/lepoint-actu.tg\/index.php\/2022\/10\/17\/justice-debut-des-assises-a-lome-avec-un-1er-dossier-de-cas-de-vol-aggrave\/","name":"Justice\u00a0: d\u00e9but des assises \u00e0 Lom\u00e9 avec un 1er dossier de cas de vol aggrav\u00e9 -","isPartOf":{"@id":"https:\/\/lepoint-actu.tg\/#website"},"primaryImageOfPage":{"@id":"https:\/\/lepoint-actu.tg\/index.php\/2022\/10\/17\/justice-debut-des-assises-a-lome-avec-un-1er-dossier-de-cas-de-vol-aggrave\/#primaryimage"},"image":{"@id":"https:\/\/lepoint-actu.tg\/index.php\/2022\/10\/17\/justice-debut-des-assises-a-lome-avec-un-1er-dossier-de-cas-de-vol-aggrave\/#primaryimage"},"thumbnailUrl":"https:\/\/lepoint-actu.tg\/wp-content\/uploads\/2022\/10\/Justice-Photo.jpg","datePublished":"2022-10-17T13:15:00+00:00","dateModified":"2022-10-18T13:18:24+00:00","author":{"@id":"https:\/\/lepoint-actu.tg\/#\/schema\/person\/e4026d66cbdc205cab83e169ab7eaca1"},"breadcrumb":{"@id":"https:\/\/lepoint-actu.tg\/index.php\/2022\/10\/17\/justice-debut-des-assises-a-lome-avec-un-1er-dossier-de-cas-de-vol-aggrave\/#breadcrumb"},"inLanguage":"fr-FR","potentialAction":[{"@type":"ReadAction","target":["https:\/\/lepoint-actu.tg\/index.php\/2022\/10\/17\/justice-debut-des-assises-a-lome-avec-un-1er-dossier-de-cas-de-vol-aggrave\/"]}]},{"@type":"ImageObject","inLanguage":"fr-FR","@id":"https:\/\/lepoint-actu.tg\/index.php\/2022\/10\/17\/justice-debut-des-assises-a-lome-avec-un-1er-dossier-de-cas-de-vol-aggrave\/#primaryimage","url":"https:\/\/lepoint-actu.tg\/wp-content\/uploads\/2022\/10\/Justice-Photo.jpg","contentUrl":"https:\/\/lepoint-actu.tg\/wp-content\/uploads\/2022\/10\/Justice-Photo.jpg","width":1023,"height":583},{"@type":"BreadcrumbList","@id":"https:\/\/lepoint-actu.tg\/index.php\/2022\/10\/17\/justice-debut-des-assises-a-lome-avec-un-1er-dossier-de-cas-de-vol-aggrave\/#breadcrumb","itemListElement":[{"@type":"ListItem","position":1,"name":"Accueil","item":"https:\/\/lepoint-actu.tg\/"},{"@type":"ListItem","position":2,"name":"Justice\u00a0: d\u00e9but des assises \u00e0 Lom\u00e9 avec un 1er dossier de cas de vol aggrav\u00e9"}]},{"@type":"WebSite","@id":"https:\/\/lepoint-actu.tg\/#website","url":"https:\/\/lepoint-actu.tg\/","name":"","description":"R\u00e9c\u00e9piss\u00e9 N\u00b00022\/HAAC\/12-2020\/pL\/P, lepointactu07@gmail.com","potentialAction":[{"@type":"SearchAction","target":{"@type":"EntryPoint","urlTemplate":"https:\/\/lepoint-actu.tg\/?s={search_term_string}"},"query-input":{"@type":"PropertyValueSpecification","valueRequired":true,"valueName":"search_term_string"}}],"inLanguage":"fr-FR"},{"@type":"Person","@id":"https:\/\/lepoint-actu.tg\/#\/schema\/person\/e4026d66cbdc205cab83e169ab7eaca1","name":"La Redaction","image":{"@type":"ImageObject","inLanguage":"fr-FR","@id":"https:\/\/lepoint-actu.tg\/#\/schema\/person\/image\/","url":"https:\/\/secure.gravatar.com\/avatar\/1682a0ff7e2c36efa51c5d262eea092000ec1ce420118e6261440956730308c2?s=96&d=mm&r=g","contentUrl":"https:\/\/secure.gravatar.com\/avatar\/1682a0ff7e2c36efa51c5d262eea092000ec1ce420118e6261440956730308c2?s=96&d=mm&r=g","caption":"La Redaction"},"url":"https:\/\/lepoint-actu.tg\/index.php\/author\/raymondsama\/"}]}},"_links":{"self":[{"href":"https:\/\/lepoint-actu.tg\/index.php\/wp-json\/wp\/v2\/posts\/802","targetHints":{"allow":["GET"]}}],"collection":[{"href":"https:\/\/lepoint-actu.tg\/index.php\/wp-json\/wp\/v2\/posts"}],"about":[{"href":"https:\/\/lepoint-actu.tg\/index.php\/wp-json\/wp\/v2\/types\/post"}],"author":[{"embeddable":true,"href":"https:\/\/lepoint-actu.tg\/index.php\/wp-json\/wp\/v2\/users\/2"}],"replies":[{"embeddable":true,"href":"https:\/\/lepoint-actu.tg\/index.php\/wp-json\/wp\/v2\/comments?post=802"}],"version-history":[{"count":1,"href":"https:\/\/lepoint-actu.tg\/index.php\/wp-json\/wp\/v2\/posts\/802\/revisions"}],"predecessor-version":[{"id":805,"href":"https:\/\/lepoint-actu.tg\/index.php\/wp-json\/wp\/v2\/posts\/802\/revisions\/805"}],"wp:featuredmedia":[{"embeddable":true,"href":"https:\/\/lepoint-actu.tg\/index.php\/wp-json\/wp\/v2\/media\/803"}],"wp:attachment":[{"href":"https:\/\/lepoint-actu.tg\/index.php\/wp-json\/wp\/v2\/media?parent=802"}],"wp:term":[{"taxonomy":"category","embeddable":true,"href":"https:\/\/lepoint-actu.tg\/index.php\/wp-json\/wp\/v2\/categories?post=802"},{"taxonomy":"post_tag","embeddable":true,"href":"https:\/\/lepoint-actu.tg\/index.php\/wp-json\/wp\/v2\/tags?post=802"}],"curies":[{"name":"wp","href":"https:\/\/api.w.org\/{rel}","templated":true}]}}