{"id":884,"date":"2022-10-28T17:45:40","date_gmt":"2022-10-28T17:45:40","guid":{"rendered":"https:\/\/lepoint-actu.tg\/?p=884"},"modified":"2022-10-28T21:54:16","modified_gmt":"2022-10-28T21:54:16","slug":"cedeaola-declaration-de-lome-pour-la-paix-sera-adoptee-ce-samedi","status":"publish","type":"post","link":"https:\/\/lepoint-actu.tg\/index.php\/2022\/10\/28\/cedeaola-declaration-de-lome-pour-la-paix-sera-adoptee-ce-samedi\/","title":{"rendered":"CEDEAO:La d\u00e9claration de Lom\u00e9 pour la paix sera adopt\u00e9e ce samedi"},"content":{"rendered":"\n<p><\/p>\n\n\n\n<p>La d\u00e9claration de Lom\u00e9 pour la paix sera adopt\u00e9e ce samedi.<\/p>\n\n\n\n<p>C&rsquo;est ce qui est annonc\u00e9 pour la fin des travaux du 3e forum de la Communaut\u00e9 \u00e9conomique des Etats de l\u2019Afrique de l\u2019ouest (CEDEAO). Portant sur l\u2019\u00e9ducation \u00e0 la culture de la paix, ce forum s&rsquo;est ouvert jeudi 27 octobre \u00e0 Lom\u00e9, la capitale togolaise. L&rsquo;ouverture a \u00e9t\u00e9 pr\u00e9sid\u00e9e, au nom du Pr\u00e9sident Faure Gnassingb\u00e9 du Togo, par Robert Dussey, ministre togolais en charge des affaires \u00e9trang\u00e8res, en pr\u00e9sence d&rsquo;imminentes personnalit\u00e9s.<\/p>\n\n\n\n<figure class=\"wp-block-image size-full is-resized\"><img loading=\"lazy\" decoding=\"async\" src=\"https:\/\/lepoint-actu.tg\/wp-content\/uploads\/2022\/10\/IMG_20221027_161916_800_x_600_pixel-768x576-1.jpg\" alt=\"\" class=\"wp-image-887\" width=\"328\" height=\"247\" srcset=\"https:\/\/lepoint-actu.tg\/wp-content\/uploads\/2022\/10\/IMG_20221027_161916_800_x_600_pixel-768x576-1.jpg 768w, https:\/\/lepoint-actu.tg\/wp-content\/uploads\/2022\/10\/IMG_20221027_161916_800_x_600_pixel-768x576-1-300x225.jpg 300w\" sizes=\"auto, (max-width: 328px) 100vw, 328px\" \/><figcaption><em><strong>Table d&rsquo;honneur \u00e0 l&rsquo;ouverture avec au milieu le ministre Dussey <\/strong><\/em><\/figcaption><\/figure>\n\n\n\n<p>Selon les informations, co-organis\u00e9 par la commission de la CEDEAO et la R\u00e9publique togolaise , le Forum est parrain\u00e9 par trois personnalit\u00e9s religieuses du continent \u00e0 savoir : Cheikh Serigne Babacar Sy Mansour Khalife du S\u00e9n\u00e9gal, le g\u00e9n\u00e9ral des tidianes ; Mgr Edward Tamba Charles l\u2019archev\u00eaque de Freetwon et Nana Kobna Nketsia V, chef supr\u00eame de la zone traditionnelle d\u2019Essikado au Ghana.<\/p>\n\n\n\n<p>Ax\u00e9e sur le th\u00e8me : \u00abCommunaut\u00e9s, extr\u00e9misme violent et coh\u00e9sion sociale en Afrique de l\u2019Ouest\u00bb, cette rencontre de Lom\u00e9 permet aux leaders religieux de la sous-r\u00e9gion ouest africaine et d&rsquo;autres acteurs invit\u00e9s de r\u00e9fl\u00e9chir pendant trois jours aux diff\u00e9rentes initiatives et actes qui peuvent favoriser une paix durable en Afrique de l&rsquo;ouest.<\/p>\n\n\n\n<figure class=\"wp-block-image size-large\"><img loading=\"lazy\" decoding=\"async\" width=\"1024\" height=\"683\" src=\"https:\/\/lepoint-actu.tg\/wp-content\/uploads\/2022\/10\/IMG_20221027_161725-1-1024x683.jpg\" alt=\"\" class=\"wp-image-888\" srcset=\"https:\/\/lepoint-actu.tg\/wp-content\/uploads\/2022\/10\/IMG_20221027_161725-1-1024x683.jpg 1024w, https:\/\/lepoint-actu.tg\/wp-content\/uploads\/2022\/10\/IMG_20221027_161725-1-300x200.jpg 300w, https:\/\/lepoint-actu.tg\/wp-content\/uploads\/2022\/10\/IMG_20221027_161725-1-768x512.jpg 768w, https:\/\/lepoint-actu.tg\/wp-content\/uploads\/2022\/10\/IMG_20221027_161725-1.jpg 1080w\" sizes=\"auto, (max-width: 1024px) 100vw, 1024px\" \/><figcaption><em><strong>Une vue de l&rsquo;assistance <\/strong><\/em><\/figcaption><\/figure>\n\n\n\n<p><\/p>\n\n\n\n<p>\u00c0 l&rsquo;occasion et \u00e0 l&rsquo;ouverture des travaux, Barros Bacar Banjai, le repr\u00e9sentant r\u00e9sident de la CEDEAO\u00e0 Lom\u00e9, a indiqu\u00e9 que le th\u00e8me choisi \u00ab vise \u00e0 revitaliser la coh\u00e9sion sociale, la confiance et les bonnes relations entre les communaut\u00e9s sous r\u00e9gionales \u00bb.<\/p>\n\n\n\n<p>\u00ab Ce n\u2019est que lorsque les individus ont un sentiment d\u2019appartenance qu\u2019ils seront pr\u00eats \u00e0 prot\u00e9ger la paix et \u00e0 contribuer \u00e0 la s\u00e9curit\u00e9 dans notre soci\u00e9t\u00e9 \u00bb a-t-il soulign\u00e9 avant d&rsquo;ajouter que l&rsquo;objectif de ce forum \u00ab est donc de renforcer les m\u00e9canismes de dialogue, au sein des diff\u00e9rentes communaut\u00e9s de la sous-r\u00e9gion ouest africaine, de cultiver la compr\u00e9hension mutuelle et l\u2019esprit de tol\u00e9rance entre les religions \u00bb.<\/p>\n\n\n\n<p>Pour professeur Robert Dussey, en instituant ce forum en 2016, \u00ab la CEDEAO a sans doute pris la mesure de la difficile question de la coh\u00e9sion humaine au sein des \u00c9tats membres et au sein de l\u2019espace intra r\u00e9gionale \u00bb. \u00ab Pour une coh\u00e9sion pacifique et durable dans la r\u00e9gion ouest africaine, il faut construire une r\u00e9silience soci\u00e9tale, qui suppose un effort soutenu de mutuelle compr\u00e9hension, de tol\u00e9rance, de dialogue et de d\u00e9passement de soi pour r\u00e9apprendre \u00e0 vivre ensemble. Qui veut la paix \u00e9duque \u00e0 la paix \u00bb, a soutenu M. Dussey, chef de la diplomatie togolaise .<\/p>\n\n\n\n<p>Il a, par ailleurs, annonc\u00e9 \u00e0 cet effet qu\u2019au terme des travaux, la d\u00e9claration de Lom\u00e9 pour la paix sera adopt\u00e9e, samedi, par les participants.<\/p>\n\n\n\n<p>Selon les donn\u00e9es pr\u00e9sent\u00e9es, les attaques ont connu une recrudescence ces derni\u00e8res ann\u00e9es passant de 833 en 2020 \u00e0 1902 en 2021. Le nombre de victimes au cours de la m\u00eame p\u00e9riode a aussi fortement augment\u00e9, passant de 2137 en 2020 \u00e0 4 935 en 2021.<\/p>\n\n\n\n<p><strong><em>Ali Legrand<\/em><\/strong><\/p>\n","protected":false},"excerpt":{"rendered":"<p>La d\u00e9claration de Lom\u00e9 pour la paix sera adopt\u00e9e ce samedi. C&rsquo;est ce qui est annonc\u00e9 pour la fin des<\/p>\n","protected":false},"author":2,"featured_media":886,"comment_status":"open","ping_status":"closed","sticky":false,"template":"","format":"standard","meta":{"footnotes":""},"categories":[5],"tags":[],"class_list":["post-884","post","type-post","status-publish","format-standard","has-post-thumbnail","hentry","category-diplomatie"],"yoast_head":"<!-- This site is optimized with the Yoast SEO plugin v23.9 - https:\/\/yoast.com\/wordpress\/plugins\/seo\/ -->\n<title>CEDEAO:La d\u00e9claration de Lom\u00e9 pour la paix sera adopt\u00e9e ce samedi -<\/title>\n<meta name=\"robots\" content=\"index, follow, max-snippet:-1, max-image-preview:large, max-video-preview:-1\" \/>\n<link rel=\"canonical\" href=\"https:\/\/lepoint-actu.tg\/index.php\/2022\/10\/28\/cedeaola-declaration-de-lome-pour-la-paix-sera-adoptee-ce-samedi\/\" \/>\n<meta property=\"og:locale\" content=\"fr_FR\" \/>\n<meta property=\"og:type\" content=\"article\" \/>\n<meta property=\"og:title\" content=\"CEDEAO:La d\u00e9claration de Lom\u00e9 pour la paix sera adopt\u00e9e ce samedi -\" \/>\n<meta property=\"og:description\" content=\"La d\u00e9claration de Lom\u00e9 pour la paix sera adopt\u00e9e ce samedi. C&rsquo;est ce qui est annonc\u00e9 pour la fin des\" \/>\n<meta property=\"og:url\" content=\"https:\/\/lepoint-actu.tg\/index.php\/2022\/10\/28\/cedeaola-declaration-de-lome-pour-la-paix-sera-adoptee-ce-samedi\/\" \/>\n<meta property=\"article:published_time\" content=\"2022-10-28T17:45:40+00:00\" \/>\n<meta property=\"article:modified_time\" content=\"2022-10-28T21:54:16+00:00\" \/>\n<meta property=\"og:image\" content=\"https:\/\/lepoint-actu.tg\/wp-content\/uploads\/2022\/10\/qui-veut-la-paix-eduque-a-la-paix_i480.jpg\" \/>\n\t<meta property=\"og:image:width\" content=\"480\" \/>\n\t<meta property=\"og:image:height\" content=\"270\" \/>\n\t<meta property=\"og:image:type\" content=\"image\/jpeg\" \/>\n<meta name=\"author\" content=\"La Redaction\" \/>\n<meta name=\"twitter:card\" content=\"summary_large_image\" \/>\n<meta name=\"twitter:label1\" content=\"\u00c9crit par\" \/>\n\t<meta name=\"twitter:data1\" content=\"La Redaction\" \/>\n\t<meta name=\"twitter:label2\" content=\"Dur\u00e9e de lecture estim\u00e9e\" \/>\n\t<meta name=\"twitter:data2\" content=\"3 minutes\" \/>\n<script type=\"application\/ld+json\" class=\"yoast-schema-graph\">{\"@context\":\"https:\/\/schema.org\",\"@graph\":[{\"@type\":\"WebPage\",\"@id\":\"https:\/\/lepoint-actu.tg\/index.php\/2022\/10\/28\/cedeaola-declaration-de-lome-pour-la-paix-sera-adoptee-ce-samedi\/\",\"url\":\"https:\/\/lepoint-actu.tg\/index.php\/2022\/10\/28\/cedeaola-declaration-de-lome-pour-la-paix-sera-adoptee-ce-samedi\/\",\"name\":\"CEDEAO:La d\u00e9claration de Lom\u00e9 pour la paix sera adopt\u00e9e ce samedi -\",\"isPartOf\":{\"@id\":\"https:\/\/lepoint-actu.tg\/#website\"},\"primaryImageOfPage\":{\"@id\":\"https:\/\/lepoint-actu.tg\/index.php\/2022\/10\/28\/cedeaola-declaration-de-lome-pour-la-paix-sera-adoptee-ce-samedi\/#primaryimage\"},\"image\":{\"@id\":\"https:\/\/lepoint-actu.tg\/index.php\/2022\/10\/28\/cedeaola-declaration-de-lome-pour-la-paix-sera-adoptee-ce-samedi\/#primaryimage\"},\"thumbnailUrl\":\"https:\/\/lepoint-actu.tg\/wp-content\/uploads\/2022\/10\/qui-veut-la-paix-eduque-a-la-paix_i480.jpg\",\"datePublished\":\"2022-10-28T17:45:40+00:00\",\"dateModified\":\"2022-10-28T21:54:16+00:00\",\"author\":{\"@id\":\"https:\/\/lepoint-actu.tg\/#\/schema\/person\/e4026d66cbdc205cab83e169ab7eaca1\"},\"breadcrumb\":{\"@id\":\"https:\/\/lepoint-actu.tg\/index.php\/2022\/10\/28\/cedeaola-declaration-de-lome-pour-la-paix-sera-adoptee-ce-samedi\/#breadcrumb\"},\"inLanguage\":\"fr-FR\",\"potentialAction\":[{\"@type\":\"ReadAction\",\"target\":[\"https:\/\/lepoint-actu.tg\/index.php\/2022\/10\/28\/cedeaola-declaration-de-lome-pour-la-paix-sera-adoptee-ce-samedi\/\"]}]},{\"@type\":\"ImageObject\",\"inLanguage\":\"fr-FR\",\"@id\":\"https:\/\/lepoint-actu.tg\/index.php\/2022\/10\/28\/cedeaola-declaration-de-lome-pour-la-paix-sera-adoptee-ce-samedi\/#primaryimage\",\"url\":\"https:\/\/lepoint-actu.tg\/wp-content\/uploads\/2022\/10\/qui-veut-la-paix-eduque-a-la-paix_i480.jpg\",\"contentUrl\":\"https:\/\/lepoint-actu.tg\/wp-content\/uploads\/2022\/10\/qui-veut-la-paix-eduque-a-la-paix_i480.jpg\",\"width\":480,\"height\":270},{\"@type\":\"BreadcrumbList\",\"@id\":\"https:\/\/lepoint-actu.tg\/index.php\/2022\/10\/28\/cedeaola-declaration-de-lome-pour-la-paix-sera-adoptee-ce-samedi\/#breadcrumb\",\"itemListElement\":[{\"@type\":\"ListItem\",\"position\":1,\"name\":\"Accueil\",\"item\":\"https:\/\/lepoint-actu.tg\/\"},{\"@type\":\"ListItem\",\"position\":2,\"name\":\"CEDEAO:La d\u00e9claration de Lom\u00e9 pour la paix sera adopt\u00e9e ce samedi\"}]},{\"@type\":\"WebSite\",\"@id\":\"https:\/\/lepoint-actu.tg\/#website\",\"url\":\"https:\/\/lepoint-actu.tg\/\",\"name\":\"\",\"description\":\"R\u00e9c\u00e9piss\u00e9 N\u00b00022\/HAAC\/12-2020\/pL\/P, lepointactu07@gmail.com\",\"potentialAction\":[{\"@type\":\"SearchAction\",\"target\":{\"@type\":\"EntryPoint\",\"urlTemplate\":\"https:\/\/lepoint-actu.tg\/?s={search_term_string}\"},\"query-input\":{\"@type\":\"PropertyValueSpecification\",\"valueRequired\":true,\"valueName\":\"search_term_string\"}}],\"inLanguage\":\"fr-FR\"},{\"@type\":\"Person\",\"@id\":\"https:\/\/lepoint-actu.tg\/#\/schema\/person\/e4026d66cbdc205cab83e169ab7eaca1\",\"name\":\"La Redaction\",\"image\":{\"@type\":\"ImageObject\",\"inLanguage\":\"fr-FR\",\"@id\":\"https:\/\/lepoint-actu.tg\/#\/schema\/person\/image\/\",\"url\":\"https:\/\/secure.gravatar.com\/avatar\/1682a0ff7e2c36efa51c5d262eea092000ec1ce420118e6261440956730308c2?s=96&d=mm&r=g\",\"contentUrl\":\"https:\/\/secure.gravatar.com\/avatar\/1682a0ff7e2c36efa51c5d262eea092000ec1ce420118e6261440956730308c2?s=96&d=mm&r=g\",\"caption\":\"La Redaction\"},\"url\":\"https:\/\/lepoint-actu.tg\/index.php\/author\/raymondsama\/\"}]}<\/script>\n<!-- \/ Yoast SEO plugin. -->","yoast_head_json":{"title":"CEDEAO:La d\u00e9claration de Lom\u00e9 pour la paix sera adopt\u00e9e ce samedi -","robots":{"index":"index","follow":"follow","max-snippet":"max-snippet:-1","max-image-preview":"max-image-preview:large","max-video-preview":"max-video-preview:-1"},"canonical":"https:\/\/lepoint-actu.tg\/index.php\/2022\/10\/28\/cedeaola-declaration-de-lome-pour-la-paix-sera-adoptee-ce-samedi\/","og_locale":"fr_FR","og_type":"article","og_title":"CEDEAO:La d\u00e9claration de Lom\u00e9 pour la paix sera adopt\u00e9e ce samedi -","og_description":"La d\u00e9claration de Lom\u00e9 pour la paix sera adopt\u00e9e ce samedi. C&rsquo;est ce qui est annonc\u00e9 pour la fin des","og_url":"https:\/\/lepoint-actu.tg\/index.php\/2022\/10\/28\/cedeaola-declaration-de-lome-pour-la-paix-sera-adoptee-ce-samedi\/","article_published_time":"2022-10-28T17:45:40+00:00","article_modified_time":"2022-10-28T21:54:16+00:00","og_image":[{"width":480,"height":270,"url":"https:\/\/lepoint-actu.tg\/wp-content\/uploads\/2022\/10\/qui-veut-la-paix-eduque-a-la-paix_i480.jpg","type":"image\/jpeg"}],"author":"La Redaction","twitter_card":"summary_large_image","twitter_misc":{"\u00c9crit par":"La Redaction","Dur\u00e9e de lecture estim\u00e9e":"3 minutes"},"schema":{"@context":"https:\/\/schema.org","@graph":[{"@type":"WebPage","@id":"https:\/\/lepoint-actu.tg\/index.php\/2022\/10\/28\/cedeaola-declaration-de-lome-pour-la-paix-sera-adoptee-ce-samedi\/","url":"https:\/\/lepoint-actu.tg\/index.php\/2022\/10\/28\/cedeaola-declaration-de-lome-pour-la-paix-sera-adoptee-ce-samedi\/","name":"CEDEAO:La d\u00e9claration de Lom\u00e9 pour la paix sera adopt\u00e9e ce samedi -","isPartOf":{"@id":"https:\/\/lepoint-actu.tg\/#website"},"primaryImageOfPage":{"@id":"https:\/\/lepoint-actu.tg\/index.php\/2022\/10\/28\/cedeaola-declaration-de-lome-pour-la-paix-sera-adoptee-ce-samedi\/#primaryimage"},"image":{"@id":"https:\/\/lepoint-actu.tg\/index.php\/2022\/10\/28\/cedeaola-declaration-de-lome-pour-la-paix-sera-adoptee-ce-samedi\/#primaryimage"},"thumbnailUrl":"https:\/\/lepoint-actu.tg\/wp-content\/uploads\/2022\/10\/qui-veut-la-paix-eduque-a-la-paix_i480.jpg","datePublished":"2022-10-28T17:45:40+00:00","dateModified":"2022-10-28T21:54:16+00:00","author":{"@id":"https:\/\/lepoint-actu.tg\/#\/schema\/person\/e4026d66cbdc205cab83e169ab7eaca1"},"breadcrumb":{"@id":"https:\/\/lepoint-actu.tg\/index.php\/2022\/10\/28\/cedeaola-declaration-de-lome-pour-la-paix-sera-adoptee-ce-samedi\/#breadcrumb"},"inLanguage":"fr-FR","potentialAction":[{"@type":"ReadAction","target":["https:\/\/lepoint-actu.tg\/index.php\/2022\/10\/28\/cedeaola-declaration-de-lome-pour-la-paix-sera-adoptee-ce-samedi\/"]}]},{"@type":"ImageObject","inLanguage":"fr-FR","@id":"https:\/\/lepoint-actu.tg\/index.php\/2022\/10\/28\/cedeaola-declaration-de-lome-pour-la-paix-sera-adoptee-ce-samedi\/#primaryimage","url":"https:\/\/lepoint-actu.tg\/wp-content\/uploads\/2022\/10\/qui-veut-la-paix-eduque-a-la-paix_i480.jpg","contentUrl":"https:\/\/lepoint-actu.tg\/wp-content\/uploads\/2022\/10\/qui-veut-la-paix-eduque-a-la-paix_i480.jpg","width":480,"height":270},{"@type":"BreadcrumbList","@id":"https:\/\/lepoint-actu.tg\/index.php\/2022\/10\/28\/cedeaola-declaration-de-lome-pour-la-paix-sera-adoptee-ce-samedi\/#breadcrumb","itemListElement":[{"@type":"ListItem","position":1,"name":"Accueil","item":"https:\/\/lepoint-actu.tg\/"},{"@type":"ListItem","position":2,"name":"CEDEAO:La d\u00e9claration de Lom\u00e9 pour la paix sera adopt\u00e9e ce samedi"}]},{"@type":"WebSite","@id":"https:\/\/lepoint-actu.tg\/#website","url":"https:\/\/lepoint-actu.tg\/","name":"","description":"R\u00e9c\u00e9piss\u00e9 N\u00b00022\/HAAC\/12-2020\/pL\/P, lepointactu07@gmail.com","potentialAction":[{"@type":"SearchAction","target":{"@type":"EntryPoint","urlTemplate":"https:\/\/lepoint-actu.tg\/?s={search_term_string}"},"query-input":{"@type":"PropertyValueSpecification","valueRequired":true,"valueName":"search_term_string"}}],"inLanguage":"fr-FR"},{"@type":"Person","@id":"https:\/\/lepoint-actu.tg\/#\/schema\/person\/e4026d66cbdc205cab83e169ab7eaca1","name":"La Redaction","image":{"@type":"ImageObject","inLanguage":"fr-FR","@id":"https:\/\/lepoint-actu.tg\/#\/schema\/person\/image\/","url":"https:\/\/secure.gravatar.com\/avatar\/1682a0ff7e2c36efa51c5d262eea092000ec1ce420118e6261440956730308c2?s=96&d=mm&r=g","contentUrl":"https:\/\/secure.gravatar.com\/avatar\/1682a0ff7e2c36efa51c5d262eea092000ec1ce420118e6261440956730308c2?s=96&d=mm&r=g","caption":"La Redaction"},"url":"https:\/\/lepoint-actu.tg\/index.php\/author\/raymondsama\/"}]}},"_links":{"self":[{"href":"https:\/\/lepoint-actu.tg\/index.php\/wp-json\/wp\/v2\/posts\/884","targetHints":{"allow":["GET"]}}],"collection":[{"href":"https:\/\/lepoint-actu.tg\/index.php\/wp-json\/wp\/v2\/posts"}],"about":[{"href":"https:\/\/lepoint-actu.tg\/index.php\/wp-json\/wp\/v2\/types\/post"}],"author":[{"embeddable":true,"href":"https:\/\/lepoint-actu.tg\/index.php\/wp-json\/wp\/v2\/users\/2"}],"replies":[{"embeddable":true,"href":"https:\/\/lepoint-actu.tg\/index.php\/wp-json\/wp\/v2\/comments?post=884"}],"version-history":[{"count":2,"href":"https:\/\/lepoint-actu.tg\/index.php\/wp-json\/wp\/v2\/posts\/884\/revisions"}],"predecessor-version":[{"id":891,"href":"https:\/\/lepoint-actu.tg\/index.php\/wp-json\/wp\/v2\/posts\/884\/revisions\/891"}],"wp:featuredmedia":[{"embeddable":true,"href":"https:\/\/lepoint-actu.tg\/index.php\/wp-json\/wp\/v2\/media\/886"}],"wp:attachment":[{"href":"https:\/\/lepoint-actu.tg\/index.php\/wp-json\/wp\/v2\/media?parent=884"}],"wp:term":[{"taxonomy":"category","embeddable":true,"href":"https:\/\/lepoint-actu.tg\/index.php\/wp-json\/wp\/v2\/categories?post=884"},{"taxonomy":"post_tag","embeddable":true,"href":"https:\/\/lepoint-actu.tg\/index.php\/wp-json\/wp\/v2\/tags?post=884"}],"curies":[{"name":"wp","href":"https:\/\/api.w.org\/{rel}","templated":true}]}}