{"id":943,"date":"2022-11-06T13:36:09","date_gmt":"2022-11-06T13:36:09","guid":{"rendered":"https:\/\/lepoint-actu.tg\/?p=943"},"modified":"2022-11-06T13:36:13","modified_gmt":"2022-11-06T13:36:13","slug":"col-gnama-latta-laureat-du-prix-panafricain-du-meilleur-manager-aeronautique-dafrique","status":"publish","type":"post","link":"https:\/\/lepoint-actu.tg\/index.php\/2022\/11\/06\/col-gnama-latta-laureat-du-prix-panafricain-du-meilleur-manager-aeronautique-dafrique\/","title":{"rendered":"Col. Gnama Latta laur\u00e9at du prix panafricain du meilleur manager a\u00e9ronautique d\u2019Afrique"},"content":{"rendered":"\n<p><br><strong><em>L\u2019\u00e9dition 2022 du d\u00eener de gala de l\u2019Observatoire africain pour la promotion de la bonne gouvernance (O.A.P.B.G) aura lieu le 22 d\u00e9cembre prochain \u00e0 Abidjan (en C\u00f4te d\u2019Ivoire), sous le signe de l\u2019excellence et du m\u00e9rite. A cette occasion, de grands talents qui se distinguent en mati\u00e8re de bonne gouvernance et de d\u00e9veloppement dans des secteurs vari\u00e9s seront prim\u00e9s. L\u2019annonce de cette \u00e9dition 2022, 6\u00e8me du genre, est faite samedi 5 novembre dans la capitale ivoirienne par le comit\u00e9 d\u2019organisation.<\/em><\/strong><\/p>\n\n\n\n<p>Dans la liste tr\u00e8s restreinte des nomin\u00e9s, se trouve Dokissime Gnama Latta, actuel Directeur G\u00e9n\u00e9ral de l\u2019Agence nationale de l\u2019aviation civile (ANAC) au Togo et de la Soci\u00e9t\u00e9 a\u00e9roportuaire de Lom\u00e9-tokoin (SALT) qui, pendant des ann\u00e9es se fait remarquer dans son secteur avec poigne et performances exceptionnelles.<br>Selon les informations, un jury compos\u00e9 de professionnels des m\u00e9dias rompus \u00e0 la t\u00e2che a pu s\u00e9lectionner les meilleurs acteurs de l\u2019Afrique, chacun dans son domaine d\u2019activit\u00e9. Cette ann\u00e9e encore plusieurs laur\u00e9ats et non des moindres, viendront de partout sur le continent et le Togolais Gnama Latta est en bonne place.<\/p>\n\n\n\n<p><br><strong>Pourquoi le choix de Gnama Latta\u00a0?<\/strong><\/p>\n\n\n\n<p><br>Colonel de l\u2019arm\u00e9e de son \u00e9tat, Directeur G\u00e9n\u00e9ral ANAC-Togo et de la SALT, M. Latta recevra le prix panafricain du meilleur manager a\u00e9ronautique d\u2019Afrique gr\u00e2ce aux performances r\u00e9alis\u00e9es depuis qu\u2019il a pris les r\u00eanes de l\u2019a\u00e9roport de Lom\u00e9-Tokoin en 2002. \u00ab\u00a0Doyen des administrateurs de l\u2019ASECNA, il a particip\u00e9 de mani\u00e8re effective, efficiente et efficace \u00e0 l\u2019am\u00e9lioration technique de cette institution d\u2019int\u00e9gration africaine charg\u00e9e de la s\u00e9curit\u00e9 du transport a\u00e9rien\u00a0\u00bb, renseigne-t-on. Il a \u00e9galement r\u00e9ussi avec brio \u00e0 faire du Togo, son pays, un mod\u00e8le en termes de s\u00e9curit\u00e9 a\u00e9rienne en Afrique. En substance, il est \u00ab\u00a0l\u2019artisan des performances exceptionnelles qui \u00e9rigent aujourd\u2019hui le Togo en mod\u00e8le sur le continent en termes de suret\u00e9 et s\u00e9curit\u00e9 a\u00e9roportuaire\u00a0\u00bb. Le Togo se classe en deuxi\u00e8me rang derri\u00e8re l\u2019Afrique du Sud, des pays africains en mati\u00e8re de conformit\u00e9 aux normes et recommandations internationales de la s\u00e9curit\u00e9 a\u00e9rienne. Le Togo enregistre un taux de conformit\u00e9 de 86.6 % sur la base de l\u2019Audi de s\u00e9curit\u00e9 USOAP effectu\u00e9 par l\u2019organisation de l\u2019aviation civile internationale (OACI).<br>Selon les m\u00eames informations, l\u2019homme reste scrupuleusement attach\u00e9 au travail bien fait et apporte son aide m\u00eame au-del\u00e0 des fronti\u00e8res s\u2019il en a la possibilit\u00e9 pour la bonne gouvernance de tous sur le continent. \u00ab\u00a0Il a aussi contribu\u00e9 \u00e0 assister les autres pays afin d\u2019am\u00e9liorer leurs performances\u00a0\u00bb, pr\u00e9cise-t-on.<\/p>\n\n\n\n<p><br><strong>D\u2019autres esprits in\u00e9vitables qui \u00e9merveillent<\/strong><div><b><br><\/b>Il y a Philippe Camille Akoa, Directeur G\u00e9n\u00e9ral du Fonds sp\u00e9cial d\u2019\u00e9quipement et d\u2019intervention intercommunale (FEICOM) au Cameroun. Il recevra le prix bonne gouvernance du meilleur gestionnaire africain de fonds d\u00e9di\u00e9s aux collectivit\u00e9s d\u00e9centralis\u00e9es. Sous son autorit\u00e9 et leadership \u00e9clair\u00e9, le FEICOM a financ\u00e9 pr\u00e8s de 3000 projets pour un montant de 279 millions de dollars US, soit 153 milliards FCFA au profit des 374 collectivit\u00e9s locales du Cameroun.<br>Modeste Mopa Fatoing, Directeur G\u00e9n\u00e9ral des Imp\u00f4ts du Cameroun est aussi sur la liste des laur\u00e9ats. Il recevra le prix bonne gouvernance du meilleur manager de r\u00e9gie financi\u00e8re d\u2019Afrique centrale. Depuis qu\u2019il a pris les r\u00eanes de la Direction g\u00e9n\u00e9rale des imp\u00f4ts du Cameroun le 14 juin 2013, il a insuffl\u00e9 une dynamique nouvelle \u00e0 cette importante soci\u00e9t\u00e9 d\u2019Etat, fait passer la recette fiscale \u00e0 2743 milliards FCFA en 2021, chiffre records jamais \u00e9gal\u00e9s dans l\u2019espace CEMAC.<br>Du c\u00f4t\u00e9 de la France, un avocat africain qui fait la fiert\u00e9 du continent est aussi nomin\u00e9. C\u2019est ma\u00eetre Louis Biyao, avocat au Barreau de Paris, il re\u00e7oit le prix panafricain du meilleur avocat d\u2019affaires exer\u00e7ant au Barreau de ladite ville.<br>Apres le succ\u00e8s retentissant des \u00e9ditions 2017, 2018, 2019, 2020 et 2021 la sixi\u00e8me, celle de 2022 est vivement attendue et aura lieu encore de la plus belle mani\u00e8re dans un somptueux h\u00f4tel d\u2019Abidjan en C\u00f4te d\u2019Ivoire. Par ailleurs, le pr\u00e9sident du comit\u00e9 d\u2019organisation, Rodrigue Koffi, lors de la conf\u00e9rence de presse annon\u00e7ant l\u2019\u00e9v\u00e8nement a fait savoir que plusieurs autres laur\u00e9ats rehausseront de leurs pr\u00e9sences cette prestigieuse c\u00e9r\u00e9monie.<br>\u00ab O.A.P.B.G \u00bb est une structure apolitique, bas\u00e9e \u00e0 Abidjan en C\u00f4te d\u2019Ivoire. Il regroupe en son sein plusieurs journalistes, communicateurs et assimil\u00e9s de toutes ob\u00e9diences. Son l\u2019objectif principal \u00e0 sa cr\u00e9ation est de faire la promotion des cadres et comp\u00e9tences sur le continent Africain.<br><strong><em>Lepoint-actu<\/em><\/strong><\/div><\/p>\n","protected":false},"excerpt":{"rendered":"<p>L\u2019\u00e9dition 2022 du d\u00eener de gala de l\u2019Observatoire africain pour la promotion de la bonne gouvernance (O.A.P.B.G) aura lieu le<\/p>\n","protected":false},"author":2,"featured_media":944,"comment_status":"open","ping_status":"closed","sticky":false,"template":"","format":"standard","meta":{"footnotes":""},"categories":[4],"tags":[],"class_list":["post-943","post","type-post","status-publish","format-standard","has-post-thumbnail","hentry","category-economie"],"yoast_head":"<!-- This site is optimized with the Yoast SEO plugin v23.9 - https:\/\/yoast.com\/wordpress\/plugins\/seo\/ -->\n<title>Col. Gnama Latta laur\u00e9at du prix panafricain du meilleur manager a\u00e9ronautique d\u2019Afrique -<\/title>\n<meta name=\"robots\" content=\"index, follow, max-snippet:-1, max-image-preview:large, max-video-preview:-1\" \/>\n<link rel=\"canonical\" href=\"https:\/\/lepoint-actu.tg\/index.php\/2022\/11\/06\/col-gnama-latta-laureat-du-prix-panafricain-du-meilleur-manager-aeronautique-dafrique\/\" \/>\n<meta property=\"og:locale\" content=\"fr_FR\" \/>\n<meta property=\"og:type\" content=\"article\" \/>\n<meta property=\"og:title\" content=\"Col. Gnama Latta laur\u00e9at du prix panafricain du meilleur manager a\u00e9ronautique d\u2019Afrique -\" \/>\n<meta property=\"og:description\" content=\"L\u2019\u00e9dition 2022 du d\u00eener de gala de l\u2019Observatoire africain pour la promotion de la bonne gouvernance (O.A.P.B.G) aura lieu le\" \/>\n<meta property=\"og:url\" content=\"https:\/\/lepoint-actu.tg\/index.php\/2022\/11\/06\/col-gnama-latta-laureat-du-prix-panafricain-du-meilleur-manager-aeronautique-dafrique\/\" \/>\n<meta property=\"article:published_time\" content=\"2022-11-06T13:36:09+00:00\" \/>\n<meta property=\"article:modified_time\" content=\"2022-11-06T13:36:13+00:00\" \/>\n<meta property=\"og:image\" content=\"https:\/\/lepoint-actu.tg\/wp-content\/uploads\/2022\/11\/DG_ANAC1.webp\" \/>\n\t<meta property=\"og:image:width\" content=\"259\" \/>\n\t<meta property=\"og:image:height\" content=\"341\" \/>\n\t<meta property=\"og:image:type\" content=\"image\/webp\" \/>\n<meta name=\"author\" content=\"La Redaction\" \/>\n<meta name=\"twitter:card\" content=\"summary_large_image\" \/>\n<meta name=\"twitter:label1\" content=\"\u00c9crit par\" \/>\n\t<meta name=\"twitter:data1\" content=\"La Redaction\" \/>\n\t<meta name=\"twitter:label2\" content=\"Dur\u00e9e de lecture estim\u00e9e\" \/>\n\t<meta name=\"twitter:data2\" content=\"4 minutes\" \/>\n<script type=\"application\/ld+json\" class=\"yoast-schema-graph\">{\"@context\":\"https:\/\/schema.org\",\"@graph\":[{\"@type\":\"WebPage\",\"@id\":\"https:\/\/lepoint-actu.tg\/index.php\/2022\/11\/06\/col-gnama-latta-laureat-du-prix-panafricain-du-meilleur-manager-aeronautique-dafrique\/\",\"url\":\"https:\/\/lepoint-actu.tg\/index.php\/2022\/11\/06\/col-gnama-latta-laureat-du-prix-panafricain-du-meilleur-manager-aeronautique-dafrique\/\",\"name\":\"Col. Gnama Latta laur\u00e9at du prix panafricain du meilleur manager a\u00e9ronautique d\u2019Afrique -\",\"isPartOf\":{\"@id\":\"https:\/\/lepoint-actu.tg\/#website\"},\"primaryImageOfPage\":{\"@id\":\"https:\/\/lepoint-actu.tg\/index.php\/2022\/11\/06\/col-gnama-latta-laureat-du-prix-panafricain-du-meilleur-manager-aeronautique-dafrique\/#primaryimage\"},\"image\":{\"@id\":\"https:\/\/lepoint-actu.tg\/index.php\/2022\/11\/06\/col-gnama-latta-laureat-du-prix-panafricain-du-meilleur-manager-aeronautique-dafrique\/#primaryimage\"},\"thumbnailUrl\":\"https:\/\/lepoint-actu.tg\/wp-content\/uploads\/2022\/11\/DG_ANAC1.webp\",\"datePublished\":\"2022-11-06T13:36:09+00:00\",\"dateModified\":\"2022-11-06T13:36:13+00:00\",\"author\":{\"@id\":\"https:\/\/lepoint-actu.tg\/#\/schema\/person\/e4026d66cbdc205cab83e169ab7eaca1\"},\"breadcrumb\":{\"@id\":\"https:\/\/lepoint-actu.tg\/index.php\/2022\/11\/06\/col-gnama-latta-laureat-du-prix-panafricain-du-meilleur-manager-aeronautique-dafrique\/#breadcrumb\"},\"inLanguage\":\"fr-FR\",\"potentialAction\":[{\"@type\":\"ReadAction\",\"target\":[\"https:\/\/lepoint-actu.tg\/index.php\/2022\/11\/06\/col-gnama-latta-laureat-du-prix-panafricain-du-meilleur-manager-aeronautique-dafrique\/\"]}]},{\"@type\":\"ImageObject\",\"inLanguage\":\"fr-FR\",\"@id\":\"https:\/\/lepoint-actu.tg\/index.php\/2022\/11\/06\/col-gnama-latta-laureat-du-prix-panafricain-du-meilleur-manager-aeronautique-dafrique\/#primaryimage\",\"url\":\"https:\/\/lepoint-actu.tg\/wp-content\/uploads\/2022\/11\/DG_ANAC1.webp\",\"contentUrl\":\"https:\/\/lepoint-actu.tg\/wp-content\/uploads\/2022\/11\/DG_ANAC1.webp\",\"width\":259,\"height\":341},{\"@type\":\"BreadcrumbList\",\"@id\":\"https:\/\/lepoint-actu.tg\/index.php\/2022\/11\/06\/col-gnama-latta-laureat-du-prix-panafricain-du-meilleur-manager-aeronautique-dafrique\/#breadcrumb\",\"itemListElement\":[{\"@type\":\"ListItem\",\"position\":1,\"name\":\"Accueil\",\"item\":\"https:\/\/lepoint-actu.tg\/\"},{\"@type\":\"ListItem\",\"position\":2,\"name\":\"Col. Gnama Latta laur\u00e9at du prix panafricain du meilleur manager a\u00e9ronautique d\u2019Afrique\"}]},{\"@type\":\"WebSite\",\"@id\":\"https:\/\/lepoint-actu.tg\/#website\",\"url\":\"https:\/\/lepoint-actu.tg\/\",\"name\":\"\",\"description\":\"R\u00e9c\u00e9piss\u00e9 N\u00b00022\/HAAC\/12-2020\/pL\/P, lepointactu07@gmail.com\",\"potentialAction\":[{\"@type\":\"SearchAction\",\"target\":{\"@type\":\"EntryPoint\",\"urlTemplate\":\"https:\/\/lepoint-actu.tg\/?s={search_term_string}\"},\"query-input\":{\"@type\":\"PropertyValueSpecification\",\"valueRequired\":true,\"valueName\":\"search_term_string\"}}],\"inLanguage\":\"fr-FR\"},{\"@type\":\"Person\",\"@id\":\"https:\/\/lepoint-actu.tg\/#\/schema\/person\/e4026d66cbdc205cab83e169ab7eaca1\",\"name\":\"La Redaction\",\"image\":{\"@type\":\"ImageObject\",\"inLanguage\":\"fr-FR\",\"@id\":\"https:\/\/lepoint-actu.tg\/#\/schema\/person\/image\/\",\"url\":\"https:\/\/secure.gravatar.com\/avatar\/1682a0ff7e2c36efa51c5d262eea092000ec1ce420118e6261440956730308c2?s=96&d=mm&r=g\",\"contentUrl\":\"https:\/\/secure.gravatar.com\/avatar\/1682a0ff7e2c36efa51c5d262eea092000ec1ce420118e6261440956730308c2?s=96&d=mm&r=g\",\"caption\":\"La Redaction\"},\"url\":\"https:\/\/lepoint-actu.tg\/index.php\/author\/raymondsama\/\"}]}<\/script>\n<!-- \/ Yoast SEO plugin. -->","yoast_head_json":{"title":"Col. Gnama Latta laur\u00e9at du prix panafricain du meilleur manager a\u00e9ronautique d\u2019Afrique -","robots":{"index":"index","follow":"follow","max-snippet":"max-snippet:-1","max-image-preview":"max-image-preview:large","max-video-preview":"max-video-preview:-1"},"canonical":"https:\/\/lepoint-actu.tg\/index.php\/2022\/11\/06\/col-gnama-latta-laureat-du-prix-panafricain-du-meilleur-manager-aeronautique-dafrique\/","og_locale":"fr_FR","og_type":"article","og_title":"Col. Gnama Latta laur\u00e9at du prix panafricain du meilleur manager a\u00e9ronautique d\u2019Afrique -","og_description":"L\u2019\u00e9dition 2022 du d\u00eener de gala de l\u2019Observatoire africain pour la promotion de la bonne gouvernance (O.A.P.B.G) aura lieu le","og_url":"https:\/\/lepoint-actu.tg\/index.php\/2022\/11\/06\/col-gnama-latta-laureat-du-prix-panafricain-du-meilleur-manager-aeronautique-dafrique\/","article_published_time":"2022-11-06T13:36:09+00:00","article_modified_time":"2022-11-06T13:36:13+00:00","og_image":[{"width":259,"height":341,"url":"https:\/\/lepoint-actu.tg\/wp-content\/uploads\/2022\/11\/DG_ANAC1.webp","type":"image\/webp"}],"author":"La Redaction","twitter_card":"summary_large_image","twitter_misc":{"\u00c9crit par":"La Redaction","Dur\u00e9e de lecture estim\u00e9e":"4 minutes"},"schema":{"@context":"https:\/\/schema.org","@graph":[{"@type":"WebPage","@id":"https:\/\/lepoint-actu.tg\/index.php\/2022\/11\/06\/col-gnama-latta-laureat-du-prix-panafricain-du-meilleur-manager-aeronautique-dafrique\/","url":"https:\/\/lepoint-actu.tg\/index.php\/2022\/11\/06\/col-gnama-latta-laureat-du-prix-panafricain-du-meilleur-manager-aeronautique-dafrique\/","name":"Col. Gnama Latta laur\u00e9at du prix panafricain du meilleur manager a\u00e9ronautique d\u2019Afrique -","isPartOf":{"@id":"https:\/\/lepoint-actu.tg\/#website"},"primaryImageOfPage":{"@id":"https:\/\/lepoint-actu.tg\/index.php\/2022\/11\/06\/col-gnama-latta-laureat-du-prix-panafricain-du-meilleur-manager-aeronautique-dafrique\/#primaryimage"},"image":{"@id":"https:\/\/lepoint-actu.tg\/index.php\/2022\/11\/06\/col-gnama-latta-laureat-du-prix-panafricain-du-meilleur-manager-aeronautique-dafrique\/#primaryimage"},"thumbnailUrl":"https:\/\/lepoint-actu.tg\/wp-content\/uploads\/2022\/11\/DG_ANAC1.webp","datePublished":"2022-11-06T13:36:09+00:00","dateModified":"2022-11-06T13:36:13+00:00","author":{"@id":"https:\/\/lepoint-actu.tg\/#\/schema\/person\/e4026d66cbdc205cab83e169ab7eaca1"},"breadcrumb":{"@id":"https:\/\/lepoint-actu.tg\/index.php\/2022\/11\/06\/col-gnama-latta-laureat-du-prix-panafricain-du-meilleur-manager-aeronautique-dafrique\/#breadcrumb"},"inLanguage":"fr-FR","potentialAction":[{"@type":"ReadAction","target":["https:\/\/lepoint-actu.tg\/index.php\/2022\/11\/06\/col-gnama-latta-laureat-du-prix-panafricain-du-meilleur-manager-aeronautique-dafrique\/"]}]},{"@type":"ImageObject","inLanguage":"fr-FR","@id":"https:\/\/lepoint-actu.tg\/index.php\/2022\/11\/06\/col-gnama-latta-laureat-du-prix-panafricain-du-meilleur-manager-aeronautique-dafrique\/#primaryimage","url":"https:\/\/lepoint-actu.tg\/wp-content\/uploads\/2022\/11\/DG_ANAC1.webp","contentUrl":"https:\/\/lepoint-actu.tg\/wp-content\/uploads\/2022\/11\/DG_ANAC1.webp","width":259,"height":341},{"@type":"BreadcrumbList","@id":"https:\/\/lepoint-actu.tg\/index.php\/2022\/11\/06\/col-gnama-latta-laureat-du-prix-panafricain-du-meilleur-manager-aeronautique-dafrique\/#breadcrumb","itemListElement":[{"@type":"ListItem","position":1,"name":"Accueil","item":"https:\/\/lepoint-actu.tg\/"},{"@type":"ListItem","position":2,"name":"Col. Gnama Latta laur\u00e9at du prix panafricain du meilleur manager a\u00e9ronautique d\u2019Afrique"}]},{"@type":"WebSite","@id":"https:\/\/lepoint-actu.tg\/#website","url":"https:\/\/lepoint-actu.tg\/","name":"","description":"R\u00e9c\u00e9piss\u00e9 N\u00b00022\/HAAC\/12-2020\/pL\/P, lepointactu07@gmail.com","potentialAction":[{"@type":"SearchAction","target":{"@type":"EntryPoint","urlTemplate":"https:\/\/lepoint-actu.tg\/?s={search_term_string}"},"query-input":{"@type":"PropertyValueSpecification","valueRequired":true,"valueName":"search_term_string"}}],"inLanguage":"fr-FR"},{"@type":"Person","@id":"https:\/\/lepoint-actu.tg\/#\/schema\/person\/e4026d66cbdc205cab83e169ab7eaca1","name":"La Redaction","image":{"@type":"ImageObject","inLanguage":"fr-FR","@id":"https:\/\/lepoint-actu.tg\/#\/schema\/person\/image\/","url":"https:\/\/secure.gravatar.com\/avatar\/1682a0ff7e2c36efa51c5d262eea092000ec1ce420118e6261440956730308c2?s=96&d=mm&r=g","contentUrl":"https:\/\/secure.gravatar.com\/avatar\/1682a0ff7e2c36efa51c5d262eea092000ec1ce420118e6261440956730308c2?s=96&d=mm&r=g","caption":"La Redaction"},"url":"https:\/\/lepoint-actu.tg\/index.php\/author\/raymondsama\/"}]}},"_links":{"self":[{"href":"https:\/\/lepoint-actu.tg\/index.php\/wp-json\/wp\/v2\/posts\/943","targetHints":{"allow":["GET"]}}],"collection":[{"href":"https:\/\/lepoint-actu.tg\/index.php\/wp-json\/wp\/v2\/posts"}],"about":[{"href":"https:\/\/lepoint-actu.tg\/index.php\/wp-json\/wp\/v2\/types\/post"}],"author":[{"embeddable":true,"href":"https:\/\/lepoint-actu.tg\/index.php\/wp-json\/wp\/v2\/users\/2"}],"replies":[{"embeddable":true,"href":"https:\/\/lepoint-actu.tg\/index.php\/wp-json\/wp\/v2\/comments?post=943"}],"version-history":[{"count":1,"href":"https:\/\/lepoint-actu.tg\/index.php\/wp-json\/wp\/v2\/posts\/943\/revisions"}],"predecessor-version":[{"id":945,"href":"https:\/\/lepoint-actu.tg\/index.php\/wp-json\/wp\/v2\/posts\/943\/revisions\/945"}],"wp:featuredmedia":[{"embeddable":true,"href":"https:\/\/lepoint-actu.tg\/index.php\/wp-json\/wp\/v2\/media\/944"}],"wp:attachment":[{"href":"https:\/\/lepoint-actu.tg\/index.php\/wp-json\/wp\/v2\/media?parent=943"}],"wp:term":[{"taxonomy":"category","embeddable":true,"href":"https:\/\/lepoint-actu.tg\/index.php\/wp-json\/wp\/v2\/categories?post=943"},{"taxonomy":"post_tag","embeddable":true,"href":"https:\/\/lepoint-actu.tg\/index.php\/wp-json\/wp\/v2\/tags?post=943"}],"curies":[{"name":"wp","href":"https:\/\/api.w.org\/{rel}","templated":true}]}}