{"id":963,"date":"2022-11-08T06:27:53","date_gmt":"2022-11-08T06:27:53","guid":{"rendered":"https:\/\/lepoint-actu.tg\/?p=963"},"modified":"2022-11-10T13:38:25","modified_gmt":"2022-11-10T13:38:25","slug":"financiers-et-comptables-des-fonds-et-institutions-membres-du-rafpro-en-atelier-de-formation-a-lome","status":"publish","type":"post","link":"https:\/\/lepoint-actu.tg\/index.php\/2022\/11\/08\/financiers-et-comptables-des-fonds-et-institutions-membres-du-rafpro-en-atelier-de-formation-a-lome\/","title":{"rendered":"Financiers et comptables des fonds et institutions membres du RAFPRO en atelier de formation \u00e0 Lom\u00e9"},"content":{"rendered":"\n<p><br>S\u2019outiller pour mieux \u00eatre \u00e0 la hauteur des d\u00e9fis de bonne gestion, de transparence et de d\u00e9veloppement. C\u2019est dans ce cadre que s\u2019inscrit un atelier de formation du R\u00e9seau africain des institutions et fonds de formation professionnelle (RAFPRO), atelier de cinq jours ouverts \u00e0 Lom\u00e9 le 07 novembre 2022 par le ministre d\u00e9l\u00e9gu\u00e9 charg\u00e9 de l\u2019enseignement technique et de l\u2019artisanat, Kokou Eke Odin.<br>Au total 17 participants venus du Burkina-Faso, de la C\u00f4te d\u2019Ivoire, du Mali, du Niger, du S\u00e9n\u00e9gal, de la R\u00e9publique Centrafricaine et du Togo prennent part \u00e0 cette formation dont la th\u00e9matique est \u00ab&nbsp;d\u00e9marches et outils d\u2019\u00e9laboration et de gestion budg\u00e9taire&nbsp;\u00bb.<br>Selon les informations, les travaux dudit atelier, \u00e0 l\u2019instar de ceux qui ont eu lieu tout r\u00e9cemment \u00e0 Ouagadougou (Burkina Faso) et \u00e0 Dakar (S\u00e9n\u00e9gal), s\u2019inscrivent dans le cadre du d\u00e9roulement du programme des actions de formation pr\u00e9vues par le RAFPRO.<br>Il est question de renforcer les capacit\u00e9s des chefs comptables, comptables, contr\u00f4leurs de gestion et caissiers dans le but de rappeler les concepts et mettre en \u0153uvre les techniques d\u2019analyse, de programmation et de gestion des ressources budg\u00e9taires.<\/p>\n\n\n\n<p><br>La formation permettra aux participants, renseigne Awali Pidassa, Directeur g\u00e9n\u00e9ral du cabinet formateur FISCCA-RH, \u00ab\u00a0de ma\u00eetriser les proc\u00e9dures et pratiques d\u2019\u00e9laboration, de gestion et de contr\u00f4le du budget dans la perspective de r\u00e9sultats et de renforcer leurs connaissances sur l\u2019analyse financi\u00e8re et \u00e9conomique. Enfin, la formation leur permettra d\u2019\u00e9changer et de mutualiser les ressources, les exp\u00e9riences et les meilleures pratiques sur le Cadre des d\u00e9penses \u00e0 moyen termes (CDMT) et le budget programme\u00a0\u00bb.<\/p>\n\n\n\n<figure class=\"wp-block-image size-large\"><img loading=\"lazy\" decoding=\"async\" width=\"1024\" height=\"768\" src=\"https:\/\/lepoint-actu.tg\/wp-content\/uploads\/2022\/11\/WhatsApp-Image-2022-11-10-at-06.45.47-1024x768.jpeg\" alt=\"\" class=\"wp-image-971\" srcset=\"https:\/\/lepoint-actu.tg\/wp-content\/uploads\/2022\/11\/WhatsApp-Image-2022-11-10-at-06.45.47-1024x768.jpeg 1024w, https:\/\/lepoint-actu.tg\/wp-content\/uploads\/2022\/11\/WhatsApp-Image-2022-11-10-at-06.45.47-300x225.jpeg 300w, https:\/\/lepoint-actu.tg\/wp-content\/uploads\/2022\/11\/WhatsApp-Image-2022-11-10-at-06.45.47-768x576.jpeg 768w, https:\/\/lepoint-actu.tg\/wp-content\/uploads\/2022\/11\/WhatsApp-Image-2022-11-10-at-06.45.47.jpeg 1040w\" sizes=\"auto, (max-width: 1024px) 100vw, 1024px\" \/><\/figure>\n\n\n\n<p><\/p>\n\n\n\n<p><br>\u00ab\u00a0Nous vivons \u00e0 une \u00e9poque o\u00f9 le renforcement de capacit\u00e9s devient de plus en plus exigent \u00e0 laquelle, aucune structure organis\u00e9e ne pourra s\u2019y soustraire. Vous conviendrez certainement avec moi, que ces exigences constituent des d\u00e9fis de taille, menacent la viabilit\u00e9 m\u00eame de nos administrations voire la croissance \u00e9conomique de notre pays\u00a0\u00bb, a d\u00e9clar\u00e9 en guise de constat le DG de FISCCA-RH dans son mot de circonstance \u00e0 l\u2019ouverture des travaux.<br>\u00ab\u00a0Pour ce faire, nous avons l\u2019imp\u00e9rieux devoir d\u2019apporter des r\u00e9ponses ad\u00e9quates \u00e0 ces d\u00e9fis. Il va falloir se familiariser aux reformes afin d\u2019\u00eatre \u00e0 la hauteur des attentes de nos pays tout en rassurant une gestion rationnelle des ressources\u00a0\u00bb, a pr\u00e9conis\u00e9 M. Pidassa.<\/p>\n\n\n\n<p><br>Un son de cloche enti\u00e8rement partag\u00e9 par le ministre Kokou Ek\u00e9 Odin pour qui la formation professionnelle, les formations continuent sont et restent capitales pour le d\u00e9veloppement \u00ab\u00a0de nos pays\u00a0\u00bb. La ressource humaine qualifi\u00e9e ne peut donner que de bons r\u00e9sultats selon le ministre Odin qui a appel\u00e9 les participants \u00e0 la d\u00e9termination, \u00e0 une attention particuli\u00e8re pour tirer le meilleur de ces cinq jours de formation dans la capitale togolaise.<br>Le RAFPRO, selon les informations, est un cadre de concertation entre les membres pour les \u00e9changes d&rsquo;exp\u00e9riences, de partage de connaissances et de bonnes pratiques et un creuset de r\u00e9flexion sur le secteur de la formation professionnelle, notamment en Afrique. RAFPRO a \u00e9t\u00e9 cr\u00e9\u00e9 en 2006 \u00e0 Cotonou.<\/p>\n\n\n\n<p><strong>Mieux conna\u00eetre FISCCA-RH<\/strong><br>FISCCA-RH est un cabinet ayant pour slogan \u00ab notre ambition, votre croissance \u00bb. Il a son si\u00e8ge \u00e0 Lom\u00e9 et est dirig\u00e9 par de dynamiques jeunes avec aux commandes un certain Awali Pidassa dont l\u2019exp\u00e9rience n\u2019est plus \u00e0 d\u00e9montrer. Le choix port\u00e9 sur le Cabinet FISCCA-RH (Fiscalit\u00e9, Comptabilit\u00e9, Contr\u00f4le Audit et Management des Ressources Humaines) \u00ab&nbsp;pour ce renforcement de capacit\u00e9s (atelier de 5 jours de RAFPRO&nbsp;: ndlr) n\u2019est pas anodin&nbsp;\u00bb. Il t\u00e9moigne de l\u2019exp\u00e9rience et de la qualit\u00e9 des prestations de FISCA-RH. Ce dernier est sp\u00e9cialis\u00e9 dans plusieurs domaines de prestations de services parmi lesquels l\u2019audit et l\u2019expertise comptable&nbsp;; l\u2019assistance comptable, fiscale et sociale ;le management des organisations; le renforcement des capacit\u00e9s op\u00e9rationnelles ; les \u00e9tudes et conseils.<br>Le Cabinet FISCCA-RH n\u2019est pas \u00e0 ses d\u00e9buts dans le domaine de formation professionnelle, il a d\u00e9j\u00e0 par le pass\u00e9 form\u00e9, entre autres, le personnel du Projet de d\u00e9veloppement et de gouvernance mini\u00e8re sur un fonds de la Banque mondiale ; le personnel du programme de gestion du littoral ouest africain (WACA-ResIP) sur un fonds de la Banque mondiale&nbsp;; le personnel du minist\u00e8re d\u00e9l\u00e9gu\u00e9 aupr\u00e8s du Pr\u00e9sident de la R\u00e9publique charg\u00e9 de l\u2019\u00e9nergie et des mines&nbsp;; le personnel financier, comptable et commercial de l\u2019h\u00f4tel du 2 f\u00e9vrier ; le personnel de Togocom dans le cadre de leur programme annuel de renforcement de capacit\u00e9s.<\/p>\n\n\n\n<p><\/p>\n\n\n\n<p><strong><em>Ali Legrand <\/em><\/strong><\/p>\n","protected":false},"excerpt":{"rendered":"<p>S\u2019outiller pour mieux \u00eatre \u00e0 la hauteur des d\u00e9fis de bonne gestion, de transparence et de d\u00e9veloppement. C\u2019est dans ce<\/p>\n","protected":false},"author":2,"featured_media":964,"comment_status":"open","ping_status":"closed","sticky":false,"template":"","format":"standard","meta":{"footnotes":""},"categories":[4],"tags":[],"class_list":["post-963","post","type-post","status-publish","format-standard","has-post-thumbnail","hentry","category-economie"],"yoast_head":"<!-- This site is optimized with the Yoast SEO plugin v23.9 - https:\/\/yoast.com\/wordpress\/plugins\/seo\/ -->\n<title>Financiers et comptables des fonds et institutions membres du RAFPRO en atelier de formation \u00e0 Lom\u00e9 -<\/title>\n<meta name=\"robots\" content=\"index, follow, max-snippet:-1, max-image-preview:large, max-video-preview:-1\" \/>\n<link rel=\"canonical\" href=\"https:\/\/lepoint-actu.tg\/index.php\/2022\/11\/08\/financiers-et-comptables-des-fonds-et-institutions-membres-du-rafpro-en-atelier-de-formation-a-lome\/\" \/>\n<meta property=\"og:locale\" content=\"fr_FR\" \/>\n<meta property=\"og:type\" content=\"article\" \/>\n<meta property=\"og:title\" content=\"Financiers et comptables des fonds et institutions membres du RAFPRO en atelier de formation \u00e0 Lom\u00e9 -\" \/>\n<meta property=\"og:description\" content=\"S\u2019outiller pour mieux \u00eatre \u00e0 la hauteur des d\u00e9fis de bonne gestion, de transparence et de d\u00e9veloppement. C\u2019est dans ce\" \/>\n<meta property=\"og:url\" content=\"https:\/\/lepoint-actu.tg\/index.php\/2022\/11\/08\/financiers-et-comptables-des-fonds-et-institutions-membres-du-rafpro-en-atelier-de-formation-a-lome\/\" \/>\n<meta property=\"article:published_time\" content=\"2022-11-08T06:27:53+00:00\" \/>\n<meta property=\"article:modified_time\" content=\"2022-11-10T13:38:25+00:00\" \/>\n<meta property=\"og:image\" content=\"https:\/\/lepoint-actu.tg\/wp-content\/uploads\/2022\/11\/IMG_20221107_101705_321-scaled.jpg\" \/>\n\t<meta property=\"og:image:width\" content=\"2560\" \/>\n\t<meta property=\"og:image:height\" content=\"1920\" \/>\n\t<meta property=\"og:image:type\" content=\"image\/jpeg\" \/>\n<meta name=\"author\" content=\"La Redaction\" \/>\n<meta name=\"twitter:card\" content=\"summary_large_image\" \/>\n<meta name=\"twitter:label1\" content=\"\u00c9crit par\" \/>\n\t<meta name=\"twitter:data1\" content=\"La Redaction\" \/>\n\t<meta name=\"twitter:label2\" content=\"Dur\u00e9e de lecture estim\u00e9e\" \/>\n\t<meta name=\"twitter:data2\" content=\"4 minutes\" \/>\n<script type=\"application\/ld+json\" class=\"yoast-schema-graph\">{\"@context\":\"https:\/\/schema.org\",\"@graph\":[{\"@type\":\"WebPage\",\"@id\":\"https:\/\/lepoint-actu.tg\/index.php\/2022\/11\/08\/financiers-et-comptables-des-fonds-et-institutions-membres-du-rafpro-en-atelier-de-formation-a-lome\/\",\"url\":\"https:\/\/lepoint-actu.tg\/index.php\/2022\/11\/08\/financiers-et-comptables-des-fonds-et-institutions-membres-du-rafpro-en-atelier-de-formation-a-lome\/\",\"name\":\"Financiers et comptables des fonds et institutions membres du RAFPRO en atelier de formation \u00e0 Lom\u00e9 -\",\"isPartOf\":{\"@id\":\"https:\/\/lepoint-actu.tg\/#website\"},\"primaryImageOfPage\":{\"@id\":\"https:\/\/lepoint-actu.tg\/index.php\/2022\/11\/08\/financiers-et-comptables-des-fonds-et-institutions-membres-du-rafpro-en-atelier-de-formation-a-lome\/#primaryimage\"},\"image\":{\"@id\":\"https:\/\/lepoint-actu.tg\/index.php\/2022\/11\/08\/financiers-et-comptables-des-fonds-et-institutions-membres-du-rafpro-en-atelier-de-formation-a-lome\/#primaryimage\"},\"thumbnailUrl\":\"https:\/\/lepoint-actu.tg\/wp-content\/uploads\/2022\/11\/IMG_20221107_101705_321-scaled.jpg\",\"datePublished\":\"2022-11-08T06:27:53+00:00\",\"dateModified\":\"2022-11-10T13:38:25+00:00\",\"author\":{\"@id\":\"https:\/\/lepoint-actu.tg\/#\/schema\/person\/e4026d66cbdc205cab83e169ab7eaca1\"},\"breadcrumb\":{\"@id\":\"https:\/\/lepoint-actu.tg\/index.php\/2022\/11\/08\/financiers-et-comptables-des-fonds-et-institutions-membres-du-rafpro-en-atelier-de-formation-a-lome\/#breadcrumb\"},\"inLanguage\":\"fr-FR\",\"potentialAction\":[{\"@type\":\"ReadAction\",\"target\":[\"https:\/\/lepoint-actu.tg\/index.php\/2022\/11\/08\/financiers-et-comptables-des-fonds-et-institutions-membres-du-rafpro-en-atelier-de-formation-a-lome\/\"]}]},{\"@type\":\"ImageObject\",\"inLanguage\":\"fr-FR\",\"@id\":\"https:\/\/lepoint-actu.tg\/index.php\/2022\/11\/08\/financiers-et-comptables-des-fonds-et-institutions-membres-du-rafpro-en-atelier-de-formation-a-lome\/#primaryimage\",\"url\":\"https:\/\/lepoint-actu.tg\/wp-content\/uploads\/2022\/11\/IMG_20221107_101705_321-scaled.jpg\",\"contentUrl\":\"https:\/\/lepoint-actu.tg\/wp-content\/uploads\/2022\/11\/IMG_20221107_101705_321-scaled.jpg\",\"width\":2560,\"height\":1920},{\"@type\":\"BreadcrumbList\",\"@id\":\"https:\/\/lepoint-actu.tg\/index.php\/2022\/11\/08\/financiers-et-comptables-des-fonds-et-institutions-membres-du-rafpro-en-atelier-de-formation-a-lome\/#breadcrumb\",\"itemListElement\":[{\"@type\":\"ListItem\",\"position\":1,\"name\":\"Accueil\",\"item\":\"https:\/\/lepoint-actu.tg\/\"},{\"@type\":\"ListItem\",\"position\":2,\"name\":\"Financiers et comptables des fonds et institutions membres du RAFPRO en atelier de formation \u00e0 Lom\u00e9\"}]},{\"@type\":\"WebSite\",\"@id\":\"https:\/\/lepoint-actu.tg\/#website\",\"url\":\"https:\/\/lepoint-actu.tg\/\",\"name\":\"\",\"description\":\"R\u00e9c\u00e9piss\u00e9 N\u00b00022\/HAAC\/12-2020\/pL\/P, lepointactu07@gmail.com\",\"potentialAction\":[{\"@type\":\"SearchAction\",\"target\":{\"@type\":\"EntryPoint\",\"urlTemplate\":\"https:\/\/lepoint-actu.tg\/?s={search_term_string}\"},\"query-input\":{\"@type\":\"PropertyValueSpecification\",\"valueRequired\":true,\"valueName\":\"search_term_string\"}}],\"inLanguage\":\"fr-FR\"},{\"@type\":\"Person\",\"@id\":\"https:\/\/lepoint-actu.tg\/#\/schema\/person\/e4026d66cbdc205cab83e169ab7eaca1\",\"name\":\"La Redaction\",\"image\":{\"@type\":\"ImageObject\",\"inLanguage\":\"fr-FR\",\"@id\":\"https:\/\/lepoint-actu.tg\/#\/schema\/person\/image\/\",\"url\":\"https:\/\/secure.gravatar.com\/avatar\/1682a0ff7e2c36efa51c5d262eea092000ec1ce420118e6261440956730308c2?s=96&d=mm&r=g\",\"contentUrl\":\"https:\/\/secure.gravatar.com\/avatar\/1682a0ff7e2c36efa51c5d262eea092000ec1ce420118e6261440956730308c2?s=96&d=mm&r=g\",\"caption\":\"La Redaction\"},\"url\":\"https:\/\/lepoint-actu.tg\/index.php\/author\/raymondsama\/\"}]}<\/script>\n<!-- \/ Yoast SEO plugin. -->","yoast_head_json":{"title":"Financiers et comptables des fonds et institutions membres du RAFPRO en atelier de formation \u00e0 Lom\u00e9 -","robots":{"index":"index","follow":"follow","max-snippet":"max-snippet:-1","max-image-preview":"max-image-preview:large","max-video-preview":"max-video-preview:-1"},"canonical":"https:\/\/lepoint-actu.tg\/index.php\/2022\/11\/08\/financiers-et-comptables-des-fonds-et-institutions-membres-du-rafpro-en-atelier-de-formation-a-lome\/","og_locale":"fr_FR","og_type":"article","og_title":"Financiers et comptables des fonds et institutions membres du RAFPRO en atelier de formation \u00e0 Lom\u00e9 -","og_description":"S\u2019outiller pour mieux \u00eatre \u00e0 la hauteur des d\u00e9fis de bonne gestion, de transparence et de d\u00e9veloppement. C\u2019est dans ce","og_url":"https:\/\/lepoint-actu.tg\/index.php\/2022\/11\/08\/financiers-et-comptables-des-fonds-et-institutions-membres-du-rafpro-en-atelier-de-formation-a-lome\/","article_published_time":"2022-11-08T06:27:53+00:00","article_modified_time":"2022-11-10T13:38:25+00:00","og_image":[{"width":2560,"height":1920,"url":"https:\/\/lepoint-actu.tg\/wp-content\/uploads\/2022\/11\/IMG_20221107_101705_321-scaled.jpg","type":"image\/jpeg"}],"author":"La Redaction","twitter_card":"summary_large_image","twitter_misc":{"\u00c9crit par":"La Redaction","Dur\u00e9e de lecture estim\u00e9e":"4 minutes"},"schema":{"@context":"https:\/\/schema.org","@graph":[{"@type":"WebPage","@id":"https:\/\/lepoint-actu.tg\/index.php\/2022\/11\/08\/financiers-et-comptables-des-fonds-et-institutions-membres-du-rafpro-en-atelier-de-formation-a-lome\/","url":"https:\/\/lepoint-actu.tg\/index.php\/2022\/11\/08\/financiers-et-comptables-des-fonds-et-institutions-membres-du-rafpro-en-atelier-de-formation-a-lome\/","name":"Financiers et comptables des fonds et institutions membres du RAFPRO en atelier de formation \u00e0 Lom\u00e9 -","isPartOf":{"@id":"https:\/\/lepoint-actu.tg\/#website"},"primaryImageOfPage":{"@id":"https:\/\/lepoint-actu.tg\/index.php\/2022\/11\/08\/financiers-et-comptables-des-fonds-et-institutions-membres-du-rafpro-en-atelier-de-formation-a-lome\/#primaryimage"},"image":{"@id":"https:\/\/lepoint-actu.tg\/index.php\/2022\/11\/08\/financiers-et-comptables-des-fonds-et-institutions-membres-du-rafpro-en-atelier-de-formation-a-lome\/#primaryimage"},"thumbnailUrl":"https:\/\/lepoint-actu.tg\/wp-content\/uploads\/2022\/11\/IMG_20221107_101705_321-scaled.jpg","datePublished":"2022-11-08T06:27:53+00:00","dateModified":"2022-11-10T13:38:25+00:00","author":{"@id":"https:\/\/lepoint-actu.tg\/#\/schema\/person\/e4026d66cbdc205cab83e169ab7eaca1"},"breadcrumb":{"@id":"https:\/\/lepoint-actu.tg\/index.php\/2022\/11\/08\/financiers-et-comptables-des-fonds-et-institutions-membres-du-rafpro-en-atelier-de-formation-a-lome\/#breadcrumb"},"inLanguage":"fr-FR","potentialAction":[{"@type":"ReadAction","target":["https:\/\/lepoint-actu.tg\/index.php\/2022\/11\/08\/financiers-et-comptables-des-fonds-et-institutions-membres-du-rafpro-en-atelier-de-formation-a-lome\/"]}]},{"@type":"ImageObject","inLanguage":"fr-FR","@id":"https:\/\/lepoint-actu.tg\/index.php\/2022\/11\/08\/financiers-et-comptables-des-fonds-et-institutions-membres-du-rafpro-en-atelier-de-formation-a-lome\/#primaryimage","url":"https:\/\/lepoint-actu.tg\/wp-content\/uploads\/2022\/11\/IMG_20221107_101705_321-scaled.jpg","contentUrl":"https:\/\/lepoint-actu.tg\/wp-content\/uploads\/2022\/11\/IMG_20221107_101705_321-scaled.jpg","width":2560,"height":1920},{"@type":"BreadcrumbList","@id":"https:\/\/lepoint-actu.tg\/index.php\/2022\/11\/08\/financiers-et-comptables-des-fonds-et-institutions-membres-du-rafpro-en-atelier-de-formation-a-lome\/#breadcrumb","itemListElement":[{"@type":"ListItem","position":1,"name":"Accueil","item":"https:\/\/lepoint-actu.tg\/"},{"@type":"ListItem","position":2,"name":"Financiers et comptables des fonds et institutions membres du RAFPRO en atelier de formation \u00e0 Lom\u00e9"}]},{"@type":"WebSite","@id":"https:\/\/lepoint-actu.tg\/#website","url":"https:\/\/lepoint-actu.tg\/","name":"","description":"R\u00e9c\u00e9piss\u00e9 N\u00b00022\/HAAC\/12-2020\/pL\/P, lepointactu07@gmail.com","potentialAction":[{"@type":"SearchAction","target":{"@type":"EntryPoint","urlTemplate":"https:\/\/lepoint-actu.tg\/?s={search_term_string}"},"query-input":{"@type":"PropertyValueSpecification","valueRequired":true,"valueName":"search_term_string"}}],"inLanguage":"fr-FR"},{"@type":"Person","@id":"https:\/\/lepoint-actu.tg\/#\/schema\/person\/e4026d66cbdc205cab83e169ab7eaca1","name":"La Redaction","image":{"@type":"ImageObject","inLanguage":"fr-FR","@id":"https:\/\/lepoint-actu.tg\/#\/schema\/person\/image\/","url":"https:\/\/secure.gravatar.com\/avatar\/1682a0ff7e2c36efa51c5d262eea092000ec1ce420118e6261440956730308c2?s=96&d=mm&r=g","contentUrl":"https:\/\/secure.gravatar.com\/avatar\/1682a0ff7e2c36efa51c5d262eea092000ec1ce420118e6261440956730308c2?s=96&d=mm&r=g","caption":"La Redaction"},"url":"https:\/\/lepoint-actu.tg\/index.php\/author\/raymondsama\/"}]}},"_links":{"self":[{"href":"https:\/\/lepoint-actu.tg\/index.php\/wp-json\/wp\/v2\/posts\/963","targetHints":{"allow":["GET"]}}],"collection":[{"href":"https:\/\/lepoint-actu.tg\/index.php\/wp-json\/wp\/v2\/posts"}],"about":[{"href":"https:\/\/lepoint-actu.tg\/index.php\/wp-json\/wp\/v2\/types\/post"}],"author":[{"embeddable":true,"href":"https:\/\/lepoint-actu.tg\/index.php\/wp-json\/wp\/v2\/users\/2"}],"replies":[{"embeddable":true,"href":"https:\/\/lepoint-actu.tg\/index.php\/wp-json\/wp\/v2\/comments?post=963"}],"version-history":[{"count":4,"href":"https:\/\/lepoint-actu.tg\/index.php\/wp-json\/wp\/v2\/posts\/963\/revisions"}],"predecessor-version":[{"id":973,"href":"https:\/\/lepoint-actu.tg\/index.php\/wp-json\/wp\/v2\/posts\/963\/revisions\/973"}],"wp:featuredmedia":[{"embeddable":true,"href":"https:\/\/lepoint-actu.tg\/index.php\/wp-json\/wp\/v2\/media\/964"}],"wp:attachment":[{"href":"https:\/\/lepoint-actu.tg\/index.php\/wp-json\/wp\/v2\/media?parent=963"}],"wp:term":[{"taxonomy":"category","embeddable":true,"href":"https:\/\/lepoint-actu.tg\/index.php\/wp-json\/wp\/v2\/categories?post=963"},{"taxonomy":"post_tag","embeddable":true,"href":"https:\/\/lepoint-actu.tg\/index.php\/wp-json\/wp\/v2\/tags?post=963"}],"curies":[{"name":"wp","href":"https:\/\/api.w.org\/{rel}","templated":true}]}}